
{"id":8857,"date":"2025-10-02T15:57:29","date_gmt":"2025-10-02T13:57:29","guid":{"rendered":"https:\/\/scf.se\/mountainbike\/?p=8857"},"modified":"2025-10-06T10:14:43","modified_gmt":"2025-10-06T08:14:43","slug":"edvin-lindh-tar-sikte-pa-att-na-em-final-pa-vacker-bana-i-gibraltar","status":"publish","type":"post","link":"https:\/\/scf.se\/mountainbike\/edvin-lindh-tar-sikte-pa-att-na-em-final-pa-vacker-bana-i-gibraltar\/","title":{"rendered":"Edvin Lindh tar sikte p\u00e5 att n\u00e5 EM-final p\u00e5 vacker bana i Gibraltar"},"content":{"rendered":"<p><strong>P\u00e5 s\u00f6ndag \u00e4r det dags f\u00f6r s\u00e4songens sista stora m\u00e5l f\u00f6r regerande v\u00e4rldsm\u00e4staren i XCE, Edvin Lindh. D\u00e5 k\u00f6rs \u00e5rets Europam\u00e4sterskap, som avg\u00f6rs p\u00e5 en spektakul\u00e4r bana i Gibraltar f\u00f6r andra \u00e5ret i rad.<\/strong><\/p>\n<a href=\"https:\/\/scf.se\/mountainbike\/wp-content\/uploads\/sites\/6\/2025\/10\/PHOTO-2025-09-11-19-03-46.jpg\"><img loading=\"lazy\" decoding=\"async\" class=\"alignnone size-full wp-image-8858\" src=\"https:\/\/scf.se\/mountainbike\/wp-content\/uploads\/sites\/6\/2025\/10\/PHOTO-2025-09-11-19-03-46.jpg\" alt=\"\" width=\"1561\" height=\"1029\" srcset=\"https:\/\/scf.se\/mountainbike\/wp-content\/uploads\/sites\/6\/2025\/10\/PHOTO-2025-09-11-19-03-46.jpg 1561w, https:\/\/scf.se\/mountainbike\/wp-content\/uploads\/sites\/6\/2025\/10\/PHOTO-2025-09-11-19-03-46-300x198.jpg 300w, https:\/\/scf.se\/mountainbike\/wp-content\/uploads\/sites\/6\/2025\/10\/PHOTO-2025-09-11-19-03-46-1024x675.jpg 1024w, https:\/\/scf.se\/mountainbike\/wp-content\/uploads\/sites\/6\/2025\/10\/PHOTO-2025-09-11-19-03-46-768x506.jpg 768w, https:\/\/scf.se\/mountainbike\/wp-content\/uploads\/sites\/6\/2025\/10\/PHOTO-2025-09-11-19-03-46-1536x1013.jpg 1536w\" sizes=\"auto, (max-width: 1561px) 100vw, 1561px\" \/><\/a>\n<blockquote><p>&#8221;Ja, precis som i fjol g\u00e5r EM-t\u00e4vlingarna ute p\u00e5 s\u00f6dra udden vid Europa Point, med utsikt \u00f6ver Afrikas nordkust. Banan b\u00f6r vara ganska lik fjol\u00e5rets och d\u00e5 kommer den passa mig r\u00e4tt bra, med tajt kurvtagning och mycket start och stopp. Detta blir sista stora m\u00e5let f\u00f6r s\u00e4songen. Jag h\u00e5ller tummarna f\u00f6r att formen \u00e4r med mig och att jag ska kunna ta mig hela v\u00e4gen till finalen&#8221;, s\u00e4ger Edvin Lindh.<\/p><\/blockquote>\n<p><div class=\"video-wrapper\"><iframe loading=\"lazy\" title=\"Highlights | 2024 UEC Mountain Bike Eliminator European Championships Gibraltar (GBR)\" width=\"500\" height=\"281\" src=\"https:\/\/www.youtube.com\/embed\/gG1Tn5XQ_vs?start=5&#038;feature=oembed\" frameborder=\"0\" allow=\"accelerometer; autoplay; clipboard-write; encrypted-media; gyroscope; picture-in-picture; web-share\" referrerpolicy=\"strict-origin-when-cross-origin\" allowfullscreen><\/iframe><\/div><\/p>\n<p>H\u00e4r \u00e4r bilder fr\u00e5n f\u00f6rra \u00e5rets delt\u00e4vling i Gibraltar; vackra vyer \u00e4r bara f\u00f6rnamnet n\u00e4r det g\u00e4ller denna XCE-bana.<\/p>\n<h3>* * *<\/h3>\n<h2><a href=\"https:\/\/scf.se\/mountainbike\/wp-content\/uploads\/sites\/6\/2025\/10\/FP_250817__1018-Fabio-Piva-1536x1024-1.jpg\"><img loading=\"lazy\" decoding=\"async\" class=\"alignnone size-full wp-image-8861\" src=\"https:\/\/scf.se\/mountainbike\/wp-content\/uploads\/sites\/6\/2025\/10\/FP_250817__1018-Fabio-Piva-1536x1024-1.jpg\" alt=\"\" width=\"1208\" height=\"819\" srcset=\"https:\/\/scf.se\/mountainbike\/wp-content\/uploads\/sites\/6\/2025\/10\/FP_250817__1018-Fabio-Piva-1536x1024-1.jpg 1208w, https:\/\/scf.se\/mountainbike\/wp-content\/uploads\/sites\/6\/2025\/10\/FP_250817__1018-Fabio-Piva-1536x1024-1-300x203.jpg 300w, https:\/\/scf.se\/mountainbike\/wp-content\/uploads\/sites\/6\/2025\/10\/FP_250817__1018-Fabio-Piva-1536x1024-1-1024x694.jpg 1024w, https:\/\/scf.se\/mountainbike\/wp-content\/uploads\/sites\/6\/2025\/10\/FP_250817__1018-Fabio-Piva-1536x1024-1-768x521.jpg 768w\" sizes=\"auto, (max-width: 1208px) 100vw, 1208px\" \/><\/a><\/h2>\n<h2>Sedan avg\u00f6rs v\u00e4rldscupen i Barcelona \u2013 Edvin Lindh trea inf\u00f6r finalen<\/h2>\n<p>I v\u00e4rldscupen ska allt avg\u00f6ras i den stora finalen i Barcelona den 11 oktober. D\u00e4r ska de slutliga v\u00e4rldscupvinnarna koras.<\/p>\n<h3 data-start=\"407\" data-end=\"454\"><strong data-start=\"407\" data-end=\"452\">V\u00e4rldscupst\u00e4llningen herrar<\/strong><\/h3>\n<ol>\n<li><strong>Jakob Klemencic,<\/strong> Slovenien \u2013 389 po\u00e4ng<\/li>\n<li><strong>Jeroen van Eck<\/strong>, Nederl\u00e4nderna \u2013 319<\/li>\n<li><strong>Edvin Lindh<\/strong>, Sverige \u2013 315<\/li>\n<li><strong>Lorenzo Serres,<\/strong> Frankrike \u2013 265<\/li>\n<li><strong>Simon Gegenheimer<\/strong>, Tyskland \u2013 251<\/li>\n<\/ol>\n<p>I damklassen har blir det en ny v\u00e4rldscupvinnare i form av tyskan Marion Fromberger \u00e4ven om Mariia Sukhopalova fr\u00e5n Ukraina just nu \u00e4r snabbare skiljer det 140 po\u00e4ng.<\/p>\n<p>I herrklassen lever sp\u00e4nningen \u00e4nd\u00e5 litegrann om Klemencic skulle krascha eller f\u00e5 problem med cykeln tidigt. Slovenen pressas fortfarande av tv\u00e5 snabba herrar, van Eck och Lindh, som b\u00e5da \u00e4r inom 75 po\u00e4ng fr\u00e5n totalledningen.<\/p>\n<p>Men f\u00f6r Lindhs del \u00e4r det EM som \u00e4r det st\u00f6rre m\u00e5let i s\u00e4songsavslutningen efter att i Brasiliens delt\u00e4vling varit v\u00e4ldigt bel\u00e5ten med att vinna en delt\u00e4vling med v\u00e4rldsm\u00e4startr\u00f6jan.<\/p>\n<blockquote><p>&#8221;Jag k\u00e4nner ju att jag endast har en svag k\u00e4nning upp till f\u00f6rstaplatsen. I och med att v\u00e4rldscupstotalen \u00e4r sv\u00e5rp\u00e5verkad kommer jag d\u00e4r att l\u00e4gga fokus p\u00e5 det interna och f\u00f6rs\u00f6ka f\u00e5 med mig en bra k\u00e4nsla inf\u00f6r off-season och vintertr\u00e4ningen.&#8221;<\/p><\/blockquote>\n<p><em>Text: Tomas Larsson\/ SCF<br \/>\nFoto: City Mountainbike<\/em><\/p>\n","protected":false},"excerpt":{"rendered":"<p>P\u00e5 s\u00f6ndag \u00e4r det dags f\u00f6r s\u00e4songens sista stora m\u00e5l f\u00f6r regerande v\u00e4rldsm\u00e4staren i XCE, Edvin Lindh. D\u00e5 k\u00f6rs \u00e5rets Europam\u00e4sterskap, som avg\u00f6rs p\u00e5 en spektakul\u00e4r bana i Gibraltar f\u00f6r andra \u00e5ret i rad. &#8221;Ja, precis som i fjol g\u00e5r EM-t\u00e4vlingarna ute p\u00e5 s\u00f6dra udden vid Europa Point, med utsikt \u00f6ver Afrikas nordkust. Banan<a href=\"https:\/\/scf.se\/mountainbike\/edvin-lindh-tar-sikte-pa-att-na-em-final-pa-vacker-bana-i-gibraltar\/\" class=\"news-card__more\"> &#8230;<\/a><\/p>\n","protected":false},"author":41,"featured_media":8862,"comment_status":"open","ping_status":"open","sticky":true,"template":"","format":"standard","meta":{"_acf_changed":false,"footnotes":""},"categories":[1],"tags":[],"class_list":["post-8857","post","type-post","status-publish","format-standard","hentry","category-mountainbike"],"acf":[],"_links":{"self":[{"href":"https:\/\/scf.se\/mountainbike\/wp-json\/wp\/v2\/posts\/8857","targetHints":{"allow":["GET"]}}],"collection":[{"href":"https:\/\/scf.se\/mountainbike\/wp-json\/wp\/v2\/posts"}],"about":[{"href":"https:\/\/scf.se\/mountainbike\/wp-json\/wp\/v2\/types\/post"}],"author":[{"embeddable":true,"href":"https:\/\/scf.se\/mountainbike\/wp-json\/wp\/v2\/users\/41"}],"replies":[{"embeddable":true,"href":"https:\/\/scf.se\/mountainbike\/wp-json\/wp\/v2\/comments?post=8857"}],"version-history":[{"count":6,"href":"https:\/\/scf.se\/mountainbike\/wp-json\/wp\/v2\/posts\/8857\/revisions"}],"predecessor-version":[{"id":8882,"href":"https:\/\/scf.se\/mountainbike\/wp-json\/wp\/v2\/posts\/8857\/revisions\/8882"}],"wp:featuredmedia":[{"embeddable":true,"href":"https:\/\/scf.se\/mountainbike\/wp-json\/wp\/v2\/media\/8862"}],"wp:attachment":[{"href":"https:\/\/scf.se\/mountainbike\/wp-json\/wp\/v2\/media?parent=8857"}],"wp:term":[{"taxonomy":"category","embeddable":true,"href":"https:\/\/scf.se\/mountainbike\/wp-json\/wp\/v2\/categories?post=8857"},{"taxonomy":"post_tag","embeddable":true,"href":"https:\/\/scf.se\/mountainbike\/wp-json\/wp\/v2\/tags?post=8857"}],"curies":[{"name":"wp","href":"https:\/\/api.w.org\/{rel}","templated":true}]}}