
{"id":8478,"date":"2025-09-05T12:12:57","date_gmt":"2025-09-05T10:12:57","guid":{"rendered":"https:\/\/scf.se\/mountainbike\/?p=8478"},"modified":"2025-09-05T12:52:10","modified_gmt":"2025-09-05T10:52:10","slug":"efter-dubbel-em-succe-nu-ar-siktet-mot-mtb-em-i-goteborg-2027","status":"publish","type":"post","link":"https:\/\/scf.se\/mountainbike\/efter-dubbel-em-succe-nu-ar-siktet-mot-mtb-em-i-goteborg-2027\/","title":{"rendered":"Efter succ\u00e9 i EM och med UEM \u00e4r det medvind mot G\u00f6teborg 2027"},"content":{"rendered":"<p data-start=\"380\" data-end=\"749\"><strong>Jenny Rissveds tog dubbla guld p\u00e5 EM i Portugal och tillsammans med Elinore Nilssons brons i XCC placerade sig Sverige som en av de fr\u00e4msta nationerna. Tv\u00e5 \u00e5r i rad har J\u00f6nk\u00f6ping st\u00e5tt som v\u00e4rd f\u00f6r lovordade ungdoms-EM. Svensk mountainbike och cykelarrang\u00f6rer \u00e4r i medvind och nu v\u00e4ntar n\u00e4sta stora m\u00e5l: EM p\u00e5 hemmaplan i G\u00f6teborg 2027 som arrangeras av CK Master.<\/strong><\/p>\n<p><div class=\"video-wrapper\"><iframe loading=\"lazy\" title=\"Jenny Rissveds vinner MTB XCC EM 2025 (film fr\u00e5n UEC)\" width=\"500\" height=\"281\" src=\"https:\/\/www.youtube.com\/embed\/dehSVAtKJV4?feature=oembed\" frameborder=\"0\" allow=\"accelerometer; autoplay; clipboard-write; encrypted-media; gyroscope; picture-in-picture; web-share\" referrerpolicy=\"strict-origin-when-cross-origin\" allowfullscreen><\/iframe><\/div><\/p>\n<p data-start=\"751\" data-end=\"958\">EM i Portugal blev till en stor svensk framg\u00e5ng. H\u00e4rligt att ha i ryggen f\u00f6r EM-arrang\u00f6rerna 2027.<\/p>\n<p data-start=\"751\" data-end=\"958\"><a href=\"https:\/\/scf.se\/mountainbike\/wp-content\/uploads\/sites\/6\/2025\/07\/IMG_6724.jpg\"><img loading=\"lazy\" decoding=\"async\" class=\"alignnone size-full wp-image-8213\" src=\"https:\/\/scf.se\/mountainbike\/wp-content\/uploads\/sites\/6\/2025\/07\/IMG_6724.jpg\" alt=\"\" width=\"1500\" height=\"1000\" srcset=\"https:\/\/scf.se\/mountainbike\/wp-content\/uploads\/sites\/6\/2025\/07\/IMG_6724.jpg 1500w, https:\/\/scf.se\/mountainbike\/wp-content\/uploads\/sites\/6\/2025\/07\/IMG_6724-300x200.jpg 300w, https:\/\/scf.se\/mountainbike\/wp-content\/uploads\/sites\/6\/2025\/07\/IMG_6724-1024x683.jpg 1024w, https:\/\/scf.se\/mountainbike\/wp-content\/uploads\/sites\/6\/2025\/07\/IMG_6724-768x512.jpg 768w\" sizes=\"auto, (max-width: 1500px) 100vw, 1500px\" \/><\/a> <a href=\"https:\/\/scf.se\/mountainbike\/wp-content\/uploads\/sites\/6\/2025\/09\/EMmalin1.jpg\"><img loading=\"lazy\" decoding=\"async\" class=\"alignnone size-full wp-image-8484\" src=\"https:\/\/scf.se\/mountainbike\/wp-content\/uploads\/sites\/6\/2025\/09\/EMmalin1.jpg\" alt=\"\" width=\"1495\" height=\"1398\" srcset=\"https:\/\/scf.se\/mountainbike\/wp-content\/uploads\/sites\/6\/2025\/09\/EMmalin1.jpg 1495w, https:\/\/scf.se\/mountainbike\/wp-content\/uploads\/sites\/6\/2025\/09\/EMmalin1-300x281.jpg 300w, https:\/\/scf.se\/mountainbike\/wp-content\/uploads\/sites\/6\/2025\/09\/EMmalin1-1024x958.jpg 1024w, https:\/\/scf.se\/mountainbike\/wp-content\/uploads\/sites\/6\/2025\/09\/EMmalin1-768x718.jpg 768w\" sizes=\"auto, (max-width: 1495px) 100vw, 1495px\" \/><\/a> <a href=\"https:\/\/scf.se\/mountainbike\/wp-content\/uploads\/sites\/6\/2025\/07\/att.oDCZ3zElIAVVy2x8x0wIVi5TiDd2uyJtL6kHMUX8x0w.jpg\"><img loading=\"lazy\" decoding=\"async\" class=\"alignnone size-full wp-image-8178\" src=\"https:\/\/scf.se\/mountainbike\/wp-content\/uploads\/sites\/6\/2025\/07\/att.oDCZ3zElIAVVy2x8x0wIVi5TiDd2uyJtL6kHMUX8x0w.jpg\" alt=\"\" width=\"631\" height=\"710\" srcset=\"https:\/\/scf.se\/mountainbike\/wp-content\/uploads\/sites\/6\/2025\/07\/att.oDCZ3zElIAVVy2x8x0wIVi5TiDd2uyJtL6kHMUX8x0w.jpg 631w, https:\/\/scf.se\/mountainbike\/wp-content\/uploads\/sites\/6\/2025\/07\/att.oDCZ3zElIAVVy2x8x0wIVi5TiDd2uyJtL6kHMUX8x0w-267x300.jpg 267w\" sizes=\"auto, (max-width: 631px) 100vw, 631px\" \/><\/a><\/p>\n<p data-start=\"751\" data-end=\"958\">Ungdoms-EM 2024 arrangerades i Huskvarna av IK HP Cykel och nu p\u00e5 sensommaren 2025 stod IF Hallby som arrang\u00f6r. B\u00e5da lovordades minst sagt av Europeiska Cykelf\u00f6rbundet, UEC. Tv\u00e5 arrangemang som lagt en stark grund inf\u00f6r framtida m\u00e4sterskap p\u00e5 hemmaplan.<\/p>\n<p data-start=\"751\" data-end=\"958\"><a href=\"https:\/\/scf.se\/mountainbike\/wp-content\/uploads\/sites\/6\/2025\/08\/515516754_1026289909583120_5083558269921564466_n.jpg\"><img loading=\"lazy\" decoding=\"async\" class=\"alignnone size-full wp-image-8246\" src=\"https:\/\/scf.se\/mountainbike\/wp-content\/uploads\/sites\/6\/2025\/08\/515516754_1026289909583120_5083558269921564466_n.jpg\" alt=\"\" width=\"2048\" height=\"1365\" srcset=\"https:\/\/scf.se\/mountainbike\/wp-content\/uploads\/sites\/6\/2025\/08\/515516754_1026289909583120_5083558269921564466_n.jpg 2048w, https:\/\/scf.se\/mountainbike\/wp-content\/uploads\/sites\/6\/2025\/08\/515516754_1026289909583120_5083558269921564466_n-300x200.jpg 300w, https:\/\/scf.se\/mountainbike\/wp-content\/uploads\/sites\/6\/2025\/08\/515516754_1026289909583120_5083558269921564466_n-1024x683.jpg 1024w, https:\/\/scf.se\/mountainbike\/wp-content\/uploads\/sites\/6\/2025\/08\/515516754_1026289909583120_5083558269921564466_n-768x512.jpg 768w, https:\/\/scf.se\/mountainbike\/wp-content\/uploads\/sites\/6\/2025\/08\/515516754_1026289909583120_5083558269921564466_n-1536x1024.jpg 1536w\" sizes=\"auto, (max-width: 2048px) 100vw, 2048px\" \/><\/a><\/p>\n<p data-start=\"960\" data-end=\"1446\"><a href=\"https:\/\/scf.se\/mountainbike\/wp-content\/uploads\/sites\/6\/2025\/08\/IMG_6950.jpeg\"><img loading=\"lazy\" decoding=\"async\" class=\"alignnone size-full wp-image-8363\" src=\"https:\/\/scf.se\/mountainbike\/wp-content\/uploads\/sites\/6\/2025\/08\/IMG_6950.jpeg\" alt=\"\" width=\"1536\" height=\"1033\" srcset=\"https:\/\/scf.se\/mountainbike\/wp-content\/uploads\/sites\/6\/2025\/08\/IMG_6950.jpeg 1536w, https:\/\/scf.se\/mountainbike\/wp-content\/uploads\/sites\/6\/2025\/08\/IMG_6950-300x202.jpeg 300w, https:\/\/scf.se\/mountainbike\/wp-content\/uploads\/sites\/6\/2025\/08\/IMG_6950-1024x689.jpeg 1024w, https:\/\/scf.se\/mountainbike\/wp-content\/uploads\/sites\/6\/2025\/08\/IMG_6950-768x517.jpeg 768w\" sizes=\"auto, (max-width: 1536px) 100vw, 1536px\" \/><\/a><\/p>\n<p data-start=\"960\" data-end=\"1446\"><a href=\"https:\/\/scf.se\/mountainbike\/wp-content\/uploads\/sites\/6\/2025\/08\/Sista-XCO-2.jpg\"><img loading=\"lazy\" decoding=\"async\" class=\"alignnone size-full wp-image-8402\" src=\"https:\/\/scf.se\/mountainbike\/wp-content\/uploads\/sites\/6\/2025\/08\/Sista-XCO-2.jpg\" alt=\"\" width=\"1542\" height=\"2142\" srcset=\"https:\/\/scf.se\/mountainbike\/wp-content\/uploads\/sites\/6\/2025\/08\/Sista-XCO-2.jpg 1542w, https:\/\/scf.se\/mountainbike\/wp-content\/uploads\/sites\/6\/2025\/08\/Sista-XCO-2-216x300.jpg 216w, https:\/\/scf.se\/mountainbike\/wp-content\/uploads\/sites\/6\/2025\/08\/Sista-XCO-2-737x1024.jpg 737w, https:\/\/scf.se\/mountainbike\/wp-content\/uploads\/sites\/6\/2025\/08\/Sista-XCO-2-768x1067.jpg 768w, https:\/\/scf.se\/mountainbike\/wp-content\/uploads\/sites\/6\/2025\/08\/Sista-XCO-2-1106x1536.jpg 1106w, https:\/\/scf.se\/mountainbike\/wp-content\/uploads\/sites\/6\/2025\/08\/Sista-XCO-2-1474x2048.jpg 1474w\" sizes=\"auto, (max-width: 1542px) 100vw, 1542px\" \/><\/a> <a href=\"https:\/\/scf.se\/mountainbike\/wp-content\/uploads\/sites\/6\/2025\/08\/IMG_7004.jpeg\"><img loading=\"lazy\" decoding=\"async\" class=\"alignnone size-full wp-image-8365\" src=\"https:\/\/scf.se\/mountainbike\/wp-content\/uploads\/sites\/6\/2025\/08\/IMG_7004.jpeg\" alt=\"\" width=\"1536\" height=\"1467\" srcset=\"https:\/\/scf.se\/mountainbike\/wp-content\/uploads\/sites\/6\/2025\/08\/IMG_7004.jpeg 1536w, https:\/\/scf.se\/mountainbike\/wp-content\/uploads\/sites\/6\/2025\/08\/IMG_7004-300x287.jpeg 300w, https:\/\/scf.se\/mountainbike\/wp-content\/uploads\/sites\/6\/2025\/08\/IMG_7004-1024x978.jpeg 1024w, https:\/\/scf.se\/mountainbike\/wp-content\/uploads\/sites\/6\/2025\/08\/IMG_7004-768x734.jpeg 768w\" sizes=\"auto, (max-width: 1536px) 100vw, 1536px\" \/><\/a><\/p>\n<blockquote>\n<p data-start=\"960\" data-end=\"1446\">&#8221;Under Ungdoms-EM i Hallby var tajmingen perfekt att ta emot ett g\u00e4ng UEC-delegater till Skat\u00e5s\/G\u00f6teborg f\u00f6r ett f\u00f6rsta platsbes\u00f6k inf\u00f6r MTB EM 2027. Rundvandring med presentation av de tillt\u00e4nkta t\u00e4vlingsbanorna, start\/m\u00e5l-omr\u00e5de och \u00f6vriga eventomr\u00e5den genf\u00f6rdes. Mycket positiv respons fr\u00e5n UEC och nu ser vi CK Master\u2019s fram emot fortsatt gott samarbete med UEC, Svenska Cykelf\u00f6rbundet, G\u00f6teborgs Stad, sponsorer och alla volont\u00e4rer!&#8221; s\u00e4ger David Green, eventansvarig MTB-EM 2027.<\/p>\n<\/blockquote>\n<a href=\"https:\/\/scf.se\/mountainbike\/wp-content\/uploads\/sites\/6\/2025\/09\/Goteborg1-1.jpg\"><img loading=\"lazy\" decoding=\"async\" class=\"alignnone size-full wp-image-8483\" src=\"https:\/\/scf.se\/mountainbike\/wp-content\/uploads\/sites\/6\/2025\/09\/Goteborg1-1.jpg\" alt=\"\" width=\"1328\" height=\"1142\" srcset=\"https:\/\/scf.se\/mountainbike\/wp-content\/uploads\/sites\/6\/2025\/09\/Goteborg1-1.jpg 1328w, https:\/\/scf.se\/mountainbike\/wp-content\/uploads\/sites\/6\/2025\/09\/Goteborg1-1-300x258.jpg 300w, https:\/\/scf.se\/mountainbike\/wp-content\/uploads\/sites\/6\/2025\/09\/Goteborg1-1-1024x881.jpg 1024w, https:\/\/scf.se\/mountainbike\/wp-content\/uploads\/sites\/6\/2025\/09\/Goteborg1-1-768x660.jpg 768w\" sizes=\"auto, (max-width: 1328px) 100vw, 1328px\" \/><\/a>\n<blockquote>\n<p data-start=\"1448\" data-end=\"1709\">&#8221;F\u00f6rra veckan samlades arrang\u00f6rsgruppen f\u00f6r uppstartsm\u00f6te och nu p\u00e5b\u00f6rjas arbetet f\u00f6r att skapa ett of\u00f6rgl\u00f6mligt MTB-EM 2027 i G\u00f6teborg. V\u00e5r m\u00e5lbild \u00e4r samma publikhav som g\u00e5ngna helgens v\u00e4rldscup i Les Gets. Givetvis med bl\u00e5gula p\u00e5 pallen!&#8221; forts\u00e4tter Green.<\/p>\n<\/blockquote>\n<div id=\"attachment_8487\" class=\"wp-caption alignnone\" ><a href=\"https:\/\/scf.se\/mountainbike\/wp-content\/uploads\/sites\/6\/2025\/09\/MAlin.jpg\"><img loading=\"lazy\" decoding=\"async\" class=\"size-full wp-image-8487\" src=\"https:\/\/scf.se\/mountainbike\/wp-content\/uploads\/sites\/6\/2025\/09\/MAlin.jpg\" alt=\"\" width=\"1158\" height=\"1544\" srcset=\"https:\/\/scf.se\/mountainbike\/wp-content\/uploads\/sites\/6\/2025\/09\/MAlin.jpg 1158w, https:\/\/scf.se\/mountainbike\/wp-content\/uploads\/sites\/6\/2025\/09\/MAlin-225x300.jpg 225w, https:\/\/scf.se\/mountainbike\/wp-content\/uploads\/sites\/6\/2025\/09\/MAlin-768x1024.jpg 768w, https:\/\/scf.se\/mountainbike\/wp-content\/uploads\/sites\/6\/2025\/09\/MAlin-1152x1536.jpg 1152w\" sizes=\"auto, (max-width: 1158px) 100vw, 1158px\" \/><\/a><p class=\"wp-caption-text\"><em>Studiebes\u00f6k. Malin Lindgren Henttonen fr\u00e5n SCF och David Green eventansvarig MTB-EM 2027\u00a0 var p\u00e5 studiebes\u00f6k under EM i Portugal f\u00f6r att studera arrangemanget och knyta v\u00e4rdefulla kontakter.<\/em><\/p><\/div>\n<p data-start=\"1711\" data-end=\"1847\">Svenska Cykelf\u00f6rbundet lyfter ocks\u00e5 blicken mot n\u00e4sta steg n\u00e4r det g\u00e4ller MTB-arrangemang. Malin Lindgren Henttonen sammanfattar k\u00e4nslan efter tv\u00e5 framg\u00e5ngsrika UEM.<\/p>\n<blockquote>\n<p data-start=\"1849\" data-end=\"2158\">&#8221;Vi st\u00e4nger tv\u00e5 fantastiska UEM MTB i Huskvarna och Hallby 2024\/25 och blickar redan fram emot ett stort EM p\u00e5 hemmaplan i G\u00f6teborg 2027. Med bra samarbete med UEC hoppas vi \u00e4ven p\u00e5 ett genrep p\u00e5 banorna i Skat\u00e5s redan n\u00e4sta s\u00e4song, en betydande t\u00e4vling som ska fungera som genrep inf\u00f6r 2027 \u00e5rs EM&#8221;, s\u00e4ger hon.<\/p>\n<p data-start=\"2160\" data-end=\"2393\">&#8221;En otrolig inspiration till cykel-Sverige \u00e4r att vi har en dubbel Europam\u00e4stare genom Jenny Rissveds under \u00e5rets EM i Portugal. Nu \u00f6nskar vi henne och \u00f6vriga i landslaget lycka till p\u00e5 VM n\u00e4sta vecka&#8221;, avslutar Malin Lindgren Henttonen.<\/p>\n<\/blockquote>\n<p data-start=\"2160\" data-end=\"2393\"><em>Film: UEC<\/em><br \/>\n<em>Foto: UCI Mountainbike, SCF och UEC<br \/>\nText: SCF<br \/>\n<\/em><\/p>\n","protected":false},"excerpt":{"rendered":"<p>Jenny Rissveds tog dubbla guld p\u00e5 EM i Portugal och tillsammans med Elinore Nilssons brons i XCC placerade sig Sverige som en av de fr\u00e4msta nationerna. Tv\u00e5 \u00e5r i rad har J\u00f6nk\u00f6ping st\u00e5tt som v\u00e4rd f\u00f6r lovordade ungdoms-EM. Svensk mountainbike och cykelarrang\u00f6rer \u00e4r i medvind och nu v\u00e4ntar n\u00e4sta stora m\u00e5l: EM p\u00e5 hemmaplan<a href=\"https:\/\/scf.se\/mountainbike\/efter-dubbel-em-succe-nu-ar-siktet-mot-mtb-em-i-goteborg-2027\/\" class=\"news-card__more\"> &#8230;<\/a><\/p>\n","protected":false},"author":41,"featured_media":8453,"comment_status":"open","ping_status":"open","sticky":true,"template":"","format":"standard","meta":{"_acf_changed":false,"footnotes":""},"categories":[1],"tags":[],"class_list":["post-8478","post","type-post","status-publish","format-standard","hentry","category-mountainbike"],"acf":[],"_links":{"self":[{"href":"https:\/\/scf.se\/mountainbike\/wp-json\/wp\/v2\/posts\/8478","targetHints":{"allow":["GET"]}}],"collection":[{"href":"https:\/\/scf.se\/mountainbike\/wp-json\/wp\/v2\/posts"}],"about":[{"href":"https:\/\/scf.se\/mountainbike\/wp-json\/wp\/v2\/types\/post"}],"author":[{"embeddable":true,"href":"https:\/\/scf.se\/mountainbike\/wp-json\/wp\/v2\/users\/41"}],"replies":[{"embeddable":true,"href":"https:\/\/scf.se\/mountainbike\/wp-json\/wp\/v2\/comments?post=8478"}],"version-history":[{"count":9,"href":"https:\/\/scf.se\/mountainbike\/wp-json\/wp\/v2\/posts\/8478\/revisions"}],"predecessor-version":[{"id":8494,"href":"https:\/\/scf.se\/mountainbike\/wp-json\/wp\/v2\/posts\/8478\/revisions\/8494"}],"wp:featuredmedia":[{"embeddable":true,"href":"https:\/\/scf.se\/mountainbike\/wp-json\/wp\/v2\/media\/8453"}],"wp:attachment":[{"href":"https:\/\/scf.se\/mountainbike\/wp-json\/wp\/v2\/media?parent=8478"}],"wp:term":[{"taxonomy":"category","embeddable":true,"href":"https:\/\/scf.se\/mountainbike\/wp-json\/wp\/v2\/categories?post=8478"},{"taxonomy":"post_tag","embeddable":true,"href":"https:\/\/scf.se\/mountainbike\/wp-json\/wp\/v2\/tags?post=8478"}],"curies":[{"name":"wp","href":"https:\/\/api.w.org\/{rel}","templated":true}]}}