
{"id":8462,"date":"2025-09-03T08:56:18","date_gmt":"2025-09-03T06:56:18","guid":{"rendered":"https:\/\/scf.se\/mountainbike\/?p=8462"},"modified":"2025-09-29T12:34:33","modified_gmt":"2025-09-29T10:34:33","slug":"mimmi-leidert-topp-tio-nar-vm-i-schweiz-inleddes-med-enduro","status":"publish","type":"post","link":"https:\/\/scf.se\/mountainbike\/mimmi-leidert-topp-tio-nar-vm-i-schweiz-inleddes-med-enduro\/","title":{"rendered":"Mimmi Leiderth topp tio n\u00e4r VM i Schweiz inleddes med enduro"},"content":{"rendered":"<p><strong>Mountainbike-VM i Schweiz inleddes med enduro \u2013 f\u00f6r det svenska laget i stort var det stolpe ut. Skador och otur satte stopp f\u00f6r de stora framg\u00e5ngarna i seniorklassen. Men juniorerna visade gott gry och Mimmi Leiderth slutade tia.<\/strong><\/p>\n<a href=\"https:\/\/scf.se\/mountainbike\/wp-content\/uploads\/sites\/6\/2025\/09\/54759389518_7d37caa70a_k-1.jpg\"><img loading=\"lazy\" decoding=\"async\" class=\"alignnone size-full wp-image-8469\" src=\"https:\/\/scf.se\/mountainbike\/wp-content\/uploads\/sites\/6\/2025\/09\/54759389518_7d37caa70a_k-1.jpg\" alt=\"\" width=\"1021\" height=\"1156\" srcset=\"https:\/\/scf.se\/mountainbike\/wp-content\/uploads\/sites\/6\/2025\/09\/54759389518_7d37caa70a_k-1.jpg 1021w, https:\/\/scf.se\/mountainbike\/wp-content\/uploads\/sites\/6\/2025\/09\/54759389518_7d37caa70a_k-1-265x300.jpg 265w, https:\/\/scf.se\/mountainbike\/wp-content\/uploads\/sites\/6\/2025\/09\/54759389518_7d37caa70a_k-1-904x1024.jpg 904w, https:\/\/scf.se\/mountainbike\/wp-content\/uploads\/sites\/6\/2025\/09\/54759389518_7d37caa70a_k-1-768x870.jpg 768w\" sizes=\"auto, (max-width: 1021px) 100vw, 1021px\" \/><\/a>\n<p>P\u00e5 juniorsidan gjorde Mimmi Leiderth en stark insats, inte minst placeringsm\u00e4ssigt. Hon f\u00e5r med ber\u00f6m godk\u00e4nt av gravityf\u00f6rbundskaptenen Felix Beckeman som f\u00f6ljde VM-t\u00e4vlingarna i Bellwald, som ligger i den schweiziska VM-regionen Valais, fr\u00e5n hemmaplan.<\/p>\n<blockquote><p>&#8221;Ja, Mimmi k\u00f6rde riktigt bra tycker jag. Ett starkt VM av\u00a0 henne. \u00c4ven Hugo Zetterlund, som fick klartecken sent om sin VM-plats, hade ett helt okej VM efter omst\u00e4ndigheterna&#8221;, s\u00e4ger Felix Beckeman.<\/p><\/blockquote>\n<p>Seniorstj\u00e4rnan Zacharias Blom Johansen var i bra slag, n\u00e5got han visade senast p\u00e5 v\u00e4rldscupen \u2013 men tvingades kasta in handduken efter att ha slagit upp en gammal skada innan VM.<\/p>\n<p>Oliwer Kangas r\u00e5kade illa ut n\u00e4r en sen f\u00f6r\u00e4ndring av t\u00e4vlingsprogrammet s\u00e5 en l\u00e5ng specialstr\u00e4cka pl\u00f6tsligt skulle k\u00f6ras i slutet av den sista tr\u00e4ningsdagen. En lite stressig situation och en sm\u00e4ll p\u00e5 ett hjul senare s\u00e5 var tv\u00e5 minuter tappade och m\u00f6jligheten att g\u00f6ra sig sj\u00e4lv r\u00e4ttvisa resten av VM-str\u00e4ckorna begr\u00e4nsad.\u00a0 I enduro m\u00e5ste man g\u00e5 i m\u00e5l p\u00e5 samma material man startar med, s\u00e5 den tidiga hjulskadan var inte rolig att ha med sig.<\/p>\n<p>&#8221;Det blev tyv\u00e4rr kostsamt f\u00f6r Kangas och det svenska laget n\u00e4r de kastade in en l\u00e5ng str\u00e4cka innan ordinarie t\u00e4vlingsdag&#8221;, s\u00e4ger Beckeman.<\/p>\n<p>Det fanns mera materialstrul. Lo Zetterlund och Andreas Dahlgren inledde b\u00e4ttre \u00e4n Kangas men trots helt okej lopp andra dagen blev det inga slutplaceringar som stack ut i det 110 cyklister stora startf\u00e4ltet i herrsenior.<\/p>\n<a href=\"https:\/\/scf.se\/mountainbike\/wp-content\/uploads\/sites\/6\/2025\/09\/54759399628_5f50b4c8ee_k-1.jpg\"><img loading=\"lazy\" decoding=\"async\" class=\"alignnone size-full wp-image-8466\" src=\"https:\/\/scf.se\/mountainbike\/wp-content\/uploads\/sites\/6\/2025\/09\/54759399628_5f50b4c8ee_k-1.jpg\" alt=\"\" width=\"1244\" height=\"1687\" srcset=\"https:\/\/scf.se\/mountainbike\/wp-content\/uploads\/sites\/6\/2025\/09\/54759399628_5f50b4c8ee_k-1.jpg 1244w, https:\/\/scf.se\/mountainbike\/wp-content\/uploads\/sites\/6\/2025\/09\/54759399628_5f50b4c8ee_k-1-221x300.jpg 221w, https:\/\/scf.se\/mountainbike\/wp-content\/uploads\/sites\/6\/2025\/09\/54759399628_5f50b4c8ee_k-1-755x1024.jpg 755w, https:\/\/scf.se\/mountainbike\/wp-content\/uploads\/sites\/6\/2025\/09\/54759399628_5f50b4c8ee_k-1-768x1041.jpg 768w, https:\/\/scf.se\/mountainbike\/wp-content\/uploads\/sites\/6\/2025\/09\/54759399628_5f50b4c8ee_k-1-1133x1536.jpg 1133w\" sizes=\"auto, (max-width: 1244px) 100vw, 1244px\" \/><\/a>\n<a href=\"https:\/\/scf.se\/mountainbike\/wp-content\/uploads\/sites\/6\/2025\/09\/54758281687_1d4de8dd35_k-1.jpg\"><img loading=\"lazy\" decoding=\"async\" class=\"alignnone size-full wp-image-8467\" src=\"https:\/\/scf.se\/mountainbike\/wp-content\/uploads\/sites\/6\/2025\/09\/54758281687_1d4de8dd35_k-1.jpg\" alt=\"\" width=\"1708\" height=\"1365\" srcset=\"https:\/\/scf.se\/mountainbike\/wp-content\/uploads\/sites\/6\/2025\/09\/54758281687_1d4de8dd35_k-1.jpg 1708w, https:\/\/scf.se\/mountainbike\/wp-content\/uploads\/sites\/6\/2025\/09\/54758281687_1d4de8dd35_k-1-300x240.jpg 300w, https:\/\/scf.se\/mountainbike\/wp-content\/uploads\/sites\/6\/2025\/09\/54758281687_1d4de8dd35_k-1-1024x818.jpg 1024w, https:\/\/scf.se\/mountainbike\/wp-content\/uploads\/sites\/6\/2025\/09\/54758281687_1d4de8dd35_k-1-768x614.jpg 768w, https:\/\/scf.se\/mountainbike\/wp-content\/uploads\/sites\/6\/2025\/09\/54758281687_1d4de8dd35_k-1-1536x1228.jpg 1536w\" sizes=\"auto, (max-width: 1708px) 100vw, 1708px\" \/><\/a> \u00a0\u00a0<a href=\"https:\/\/scf.se\/mountainbike\/wp-content\/uploads\/sites\/6\/2025\/09\/54758328562_047fbb11dc_k-1.jpg\"><img loading=\"lazy\" decoding=\"async\" class=\"alignnone size-full wp-image-8464\" src=\"https:\/\/scf.se\/mountainbike\/wp-content\/uploads\/sites\/6\/2025\/09\/54758328562_047fbb11dc_k-1.jpg\" alt=\"\" width=\"1365\" height=\"1486\" srcset=\"https:\/\/scf.se\/mountainbike\/wp-content\/uploads\/sites\/6\/2025\/09\/54758328562_047fbb11dc_k-1.jpg 1365w, https:\/\/scf.se\/mountainbike\/wp-content\/uploads\/sites\/6\/2025\/09\/54758328562_047fbb11dc_k-1-276x300.jpg 276w, https:\/\/scf.se\/mountainbike\/wp-content\/uploads\/sites\/6\/2025\/09\/54758328562_047fbb11dc_k-1-941x1024.jpg 941w, https:\/\/scf.se\/mountainbike\/wp-content\/uploads\/sites\/6\/2025\/09\/54758328562_047fbb11dc_k-1-768x836.jpg 768w\" sizes=\"auto, (max-width: 1365px) 100vw, 1365px\" \/><\/a>\n<h3><a href=\"https:\/\/scf.se\/mountainbike\/wp-content\/uploads\/sites\/6\/2025\/09\/54759456490_840c511d8b_k-1.jpg\"><img loading=\"lazy\" decoding=\"async\" class=\"alignnone size-full wp-image-8465\" src=\"https:\/\/scf.se\/mountainbike\/wp-content\/uploads\/sites\/6\/2025\/09\/54759456490_840c511d8b_k-1.jpg\" alt=\"\" width=\"1391\" height=\"1031\" srcset=\"https:\/\/scf.se\/mountainbike\/wp-content\/uploads\/sites\/6\/2025\/09\/54759456490_840c511d8b_k-1.jpg 1391w, https:\/\/scf.se\/mountainbike\/wp-content\/uploads\/sites\/6\/2025\/09\/54759456490_840c511d8b_k-1-300x222.jpg 300w, https:\/\/scf.se\/mountainbike\/wp-content\/uploads\/sites\/6\/2025\/09\/54759456490_840c511d8b_k-1-1024x759.jpg 1024w, https:\/\/scf.se\/mountainbike\/wp-content\/uploads\/sites\/6\/2025\/09\/54759456490_840c511d8b_k-1-768x569.jpg 768w\" sizes=\"auto, (max-width: 1391px) 100vw, 1391px\" \/><\/a><\/h3>\n<h3>VM enduro herrsenior<\/h3>\n<ul>\n<li data-start=\"170\" data-end=\"277\">1 <strong>Richard Rude<\/strong> Jr, USA 29.37,67<\/li>\n<li data-start=\"170\" data-end=\"277\">2 <strong>Slawomir Lukasik,<\/strong> Polen +0.02,50<\/li>\n<li data-start=\"170\" data-end=\"277\">3<strong> Elliot Jamieson<\/strong>, Kanada +0.20,48<\/li>\n<li data-start=\"279\" data-end=\"428\">76 <strong>Oliwer Kangas,<\/strong> Sverige +3.20,91<\/li>\n<li data-start=\"279\" data-end=\"428\">79<strong> Lo Zetterlund<\/strong>, Sverige +3.39,20<\/li>\n<li data-start=\"279\" data-end=\"428\">83 <strong>Andreas Dahlgren<\/strong>, Sverige +3.54,84<\/li>\n<li data-start=\"279\" data-end=\"428\">DNS <strong>Zakarias Blom Johansen<\/strong>, Sverige<\/li>\n<\/ul>\n<h3>VM enduro damjunior<\/h3>\n<ul>\n<li data-start=\"153\" data-end=\"258\">1 <strong>Ne\u017eka Libnik,<\/strong> Slovenien 36.51,96<\/li>\n<li data-start=\"153\" data-end=\"258\">2<strong> Elise Porta<\/strong>, Frankrike +0.41,61<\/li>\n<li data-start=\"153\" data-end=\"258\">3<strong> Elena Frei,<\/strong> Schweiz +1.30,97<\/li>\n<li data-start=\"260\" data-end=\"294\">10 <strong>Mimmi Leiderth<\/strong>, Sverige +7.56,69<\/li>\n<\/ul>\n<h3>VM enduro herrjunior<\/h3>\n<ul>\n<li data-start=\"99\" data-end=\"222\">1 <strong data-start=\"101\" data-end=\"119\">Melvin Almueis<\/strong>, Frankrike 31.22,41<\/li>\n<li data-start=\"99\" data-end=\"222\">2 <strong data-start=\"144\" data-end=\"158\">No\u00e9 Forlin<\/strong>, Schweiz +0.10,90<\/li>\n<li data-start=\"99\" data-end=\"222\">3 <strong data-start=\"181\" data-end=\"202\">Gabriel Sainthule<\/strong>, Belgien +0.21,41<\/li>\n<li data-start=\"224\" data-end=\"264\">30 <strong data-start=\"227\" data-end=\"246\">Hugo Zetterlund<\/strong>, Sverige +3.58,06<\/li>\n<\/ul>\n<p>Nu finns det ett svenskhopp kvar i gravity p\u00e5 detta VM. I helgen \u00e4r det dags f\u00f6r Oliver Zwar, som har f\u00e5tt bukt med sina skadeproblem och radat upp stabila placeringar p\u00e5 v\u00e4rldscupen sedan i somras.<\/p>\n<blockquote><p>&#8221;Ja, med ett rent och bra final\u00e5k \u00e4r det inget snack om att det kan bli topp tio&#8221;, s\u00e4ger Felix Beckeman.<\/p><\/blockquote>\n<p><em>Foto: Cecilia Dahlgren\/ @dahlgce01<\/em><br \/>\n<em>Text: SCF<\/em><\/p>\n","protected":false},"excerpt":{"rendered":"<p>Mountainbike-VM i Schweiz inleddes med enduro \u2013 f\u00f6r det svenska laget i stort var det stolpe ut. Skador och otur satte stopp f\u00f6r de stora framg\u00e5ngarna i seniorklassen. Men juniorerna visade gott gry och Mimmi Leiderth slutade tia. P\u00e5 juniorsidan gjorde Mimmi Leiderth en stark insats, inte minst placeringsm\u00e4ssigt. Hon f\u00e5r med ber\u00f6m godk\u00e4nt<a href=\"https:\/\/scf.se\/mountainbike\/mimmi-leidert-topp-tio-nar-vm-i-schweiz-inleddes-med-enduro\/\" class=\"news-card__more\"> &#8230;<\/a><\/p>\n","protected":false},"author":41,"featured_media":8468,"comment_status":"open","ping_status":"open","sticky":true,"template":"","format":"standard","meta":{"_acf_changed":false,"footnotes":""},"categories":[1],"tags":[],"class_list":["post-8462","post","type-post","status-publish","format-standard","hentry","category-mountainbike"],"acf":[],"_links":{"self":[{"href":"https:\/\/scf.se\/mountainbike\/wp-json\/wp\/v2\/posts\/8462","targetHints":{"allow":["GET"]}}],"collection":[{"href":"https:\/\/scf.se\/mountainbike\/wp-json\/wp\/v2\/posts"}],"about":[{"href":"https:\/\/scf.se\/mountainbike\/wp-json\/wp\/v2\/types\/post"}],"author":[{"embeddable":true,"href":"https:\/\/scf.se\/mountainbike\/wp-json\/wp\/v2\/users\/41"}],"replies":[{"embeddable":true,"href":"https:\/\/scf.se\/mountainbike\/wp-json\/wp\/v2\/comments?post=8462"}],"version-history":[{"count":4,"href":"https:\/\/scf.se\/mountainbike\/wp-json\/wp\/v2\/posts\/8462\/revisions"}],"predecessor-version":[{"id":8804,"href":"https:\/\/scf.se\/mountainbike\/wp-json\/wp\/v2\/posts\/8462\/revisions\/8804"}],"wp:featuredmedia":[{"embeddable":true,"href":"https:\/\/scf.se\/mountainbike\/wp-json\/wp\/v2\/media\/8468"}],"wp:attachment":[{"href":"https:\/\/scf.se\/mountainbike\/wp-json\/wp\/v2\/media?parent=8462"}],"wp:term":[{"taxonomy":"category","embeddable":true,"href":"https:\/\/scf.se\/mountainbike\/wp-json\/wp\/v2\/categories?post=8462"},{"taxonomy":"post_tag","embeddable":true,"href":"https:\/\/scf.se\/mountainbike\/wp-json\/wp\/v2\/tags?post=8462"}],"curies":[{"name":"wp","href":"https:\/\/api.w.org\/{rel}","templated":true}]}}