
{"id":8452,"date":"2025-08-31T19:37:02","date_gmt":"2025-08-31T17:37:02","guid":{"rendered":"https:\/\/scf.se\/mountainbike\/?p=8452"},"modified":"2025-08-31T19:58:39","modified_gmt":"2025-08-31T17:58:39","slug":"jenny-rissveds-ordnade-makalos-dubbelseger-pa-varldscupen-i-les-gets","status":"publish","type":"post","link":"https:\/\/scf.se\/mountainbike\/jenny-rissveds-ordnade-makalos-dubbelseger-pa-varldscupen-i-les-gets\/","title":{"rendered":"Dubbelseger p\u00e5 v\u00e4rldscupen i Les Gets f\u00f6r Jenny Rissveds!"},"content":{"rendered":"<p><strong>Det \u00e4r en helt fantastisk fin t\u00e4vlingsperiod f\u00f6r Jenny Rissveds just nu! Dubbla EM-guld f\u00f6ljdes upp med seger i v\u00e4rldscupen i XCC i Les Gets. Och i VM-genrepet i XCO p\u00e5 samma plats var det ledning fr\u00e5n start till m\u00e5l.<\/strong><\/p>\n<a href=\"https:\/\/scf.se\/mountainbike\/wp-content\/uploads\/sites\/6\/2025\/08\/1LesG3.jpg\"><img loading=\"lazy\" decoding=\"async\" class=\"alignnone size-full wp-image-8455\" src=\"https:\/\/scf.se\/mountainbike\/wp-content\/uploads\/sites\/6\/2025\/08\/1LesG3.jpg\" alt=\"\" width=\"1170\" height=\"1072\" srcset=\"https:\/\/scf.se\/mountainbike\/wp-content\/uploads\/sites\/6\/2025\/08\/1LesG3.jpg 1170w, https:\/\/scf.se\/mountainbike\/wp-content\/uploads\/sites\/6\/2025\/08\/1LesG3-300x275.jpg 300w, https:\/\/scf.se\/mountainbike\/wp-content\/uploads\/sites\/6\/2025\/08\/1LesG3-1024x938.jpg 1024w, https:\/\/scf.se\/mountainbike\/wp-content\/uploads\/sites\/6\/2025\/08\/1LesG3-768x704.jpg 768w\" sizes=\"auto, (max-width: 1170px) 100vw, 1170px\" \/><\/a>\n<p>Det var ingenting annat \u00e4n makal\u00f6st imponerande k\u00f6rning n\u00e4r Jenny Rissveds tog sin f\u00f6rsta dubbelseger under en v\u00e4rldscuphelg. Det var exakt samma pall som p\u00e5 XCC. Skillnaden var att det var kross denna g\u00e5ng. Det skilde 1.12 ner till tv\u00e5an Alessandra Keller och \u00f6ver en och en halv minut till tjejerna i bronsfajten.<\/p>\n<div id=\"attachment_8453\" class=\"wp-caption alignnone\" ><a href=\"https:\/\/scf.se\/mountainbike\/wp-content\/uploads\/sites\/6\/2025\/08\/1LesG2.jpg\"><img loading=\"lazy\" decoding=\"async\" class=\"size-full wp-image-8453\" src=\"https:\/\/scf.se\/mountainbike\/wp-content\/uploads\/sites\/6\/2025\/08\/1LesG2.jpg\" alt=\"\" width=\"1097\" height=\"1034\" srcset=\"https:\/\/scf.se\/mountainbike\/wp-content\/uploads\/sites\/6\/2025\/08\/1LesG2.jpg 1097w, https:\/\/scf.se\/mountainbike\/wp-content\/uploads\/sites\/6\/2025\/08\/1LesG2-300x283.jpg 300w, https:\/\/scf.se\/mountainbike\/wp-content\/uploads\/sites\/6\/2025\/08\/1LesG2-1024x965.jpg 1024w, https:\/\/scf.se\/mountainbike\/wp-content\/uploads\/sites\/6\/2025\/08\/1LesG2-768x724.jpg 768w\" sizes=\"auto, (max-width: 1097px) 100vw, 1097px\" \/><\/a><p class=\"wp-caption-text\">Screenshot<\/p><\/div>\n<h3>V\u00e4rldscupen XCO damelit<\/h3>\n<ol>\n<li data-start=\"744\" data-end=\"800\"><strong data-start=\"744\" data-end=\"762\">Jenny Rissveds<\/strong>, Sverige, Canyon CLLCTV XCO 1.12.01<\/li>\n<li data-start=\"804\" data-end=\"856\"><strong data-start=\"804\" data-end=\"825\">Alessandra Keller<\/strong>, Schweiz, Th\u00f6mus Maxon +1.12<\/li>\n<li data-start=\"860\" data-end=\"927\"><strong data-start=\"860\" data-end=\"878\">Samara Maxwell<\/strong>, Nya Zeeland, Decathlon Ford Racing Team +1.32<\/li>\n<li data-start=\"931\" data-end=\"996\"><strong data-start=\"931\" data-end=\"952\">Rebecca Henderson<\/strong>, Australien, Orbea Fox Factory Team +1.38<\/li>\n<li data-start=\"1000\" data-end=\"1059\"><strong data-start=\"1000\" data-end=\"1017\">Martina Berta<\/strong>, Italien, Origine Racing Division +1.51<\/li>\n<li data-start=\"1063\" data-end=\"1121\"><strong data-start=\"1063\" data-end=\"1080\">Savilia Blunk<\/strong>, USA, Decathlon Ford Racing Team +1.55<\/li>\n<li data-start=\"1125\" data-end=\"1189\"><strong data-start=\"1125\" data-end=\"1142\">Laura Stigger<\/strong>, \u00d6sterrike, Specialized Factory Racing +2.19<\/li>\n<li data-start=\"1193\" data-end=\"1265\"><strong data-start=\"1193\" data-end=\"1210\">Evie Richards<\/strong>, Storbritannien, Trek Factory Racing &#8211; Pirelli +2.35<\/li>\n<li data-start=\"1269\" data-end=\"1329\"><strong data-start=\"1269\" data-end=\"1285\">Jolanda Neff<\/strong>, Schweiz, Cannondale Factory Racing +3.25<\/li>\n<li data-start=\"1334\" data-end=\"1394\"><strong data-start=\"1334\" data-end=\"1351\">Puck Pieterse<\/strong>, Nederl\u00e4nderna, Alpecin-Deceuninck +4.06<\/li>\n<\/ol>\n<p>Snacka om att det rann in VC-po\u00e4ng i VM-genrepet d\u00e4r det \u00e4r det s\u00e5 starka schweiziska laget som har hemmaplan.<\/p>\n<p>I XCC stod det mot slutet mellan Jenny Rissveds och n\u00e4mna Alessandra Keller. Jenny var sju sekunder f\u00f6re. S\u00e5 h\u00e4r s\u00e5g topp fem ut.<\/p>\n<h3>V\u00e4rldscupen XCC damelit<\/h3>\n<ol>\n<li><strong>Jenny Rissveds,<\/strong> Sverige Canyon CLLCTV XCO 22.18<\/li>\n<li><strong>Alessandra Keller,<\/strong> Schweiz \u00a0Th\u00f6mus Maxon +0.07<\/li>\n<li><strong>Samara Maxwell<\/strong>, Nya Zeeland Decathlon Ford Racing Team +0.19<\/li>\n<li><strong>Sina Frei<\/strong>, Schweiz Specialized Factory Racing +0.23<\/li>\n<li><strong>Evie Richards<\/strong>, Storbritannien Trek Factory Racing &#8211; Pirelli +0.26<\/li>\n<\/ol>\n<h3>* * *<\/h3>\n<p>I U23-klassen, som var TUFF nu n\u00e4r det var VM-genrep och en del LVG-dubblerande cyklister fanns med, gjorde Leo Lounela ett bra lopp och var tolva. Viktigt n\u00e4r det g\u00e4ller startpositionen i XCO. Nils Johansson debuterade i XCC-disciplinen i U23. Nils gjorde ett stabilt lopp och slutade 24:a.<\/p>\n<p>Schweizisk seger i XCO f\u00f6r U23-herrarna., Finn Treudler. Svenskarna Leo Lounela, Beltrami TSA, och Nils Johansson var 4.24 respektive\u00a06.47 efter, vilket gav placeringarna 16 och 31. Allebike Factory Team-cyklisterna\u00a0Edvin Elofsson och Markus Karlsson kom in p\u00e5 platserna 59 och 80.<\/p>\n<h3>* * *<\/h3>\n<p>Oliver Zwar, v\u00e5r ende VM-cyklist i downhill, var 35:a i herrelitens kval i Les Gets, som \u00e4r en kommun i departementet Haute-Savoie i syd\u00f6stra Frankrike. D\u00e4r var Zwar VM-sexa f\u00f6r ett par \u00e5r sedan. Zwar, som k\u00f6r f\u00f6r Orbea FMD Racing, har haft en stabil senare del av sommaren och var 22:a i finalen.<\/p>\n<p>Text: SCF<br \/>\nFoto: UCU Mountainbike<\/p>\n","protected":false},"excerpt":{"rendered":"<p>Det \u00e4r en helt fantastisk fin t\u00e4vlingsperiod f\u00f6r Jenny Rissveds just nu! Dubbla EM-guld f\u00f6ljdes upp med seger i v\u00e4rldscupen i XCC i Les Gets. Och i VM-genrepet i XCO p\u00e5 samma plats var det ledning fr\u00e5n start till m\u00e5l. Det var ingenting annat \u00e4n makal\u00f6st imponerande k\u00f6rning n\u00e4r Jenny Rissveds tog sin f\u00f6rsta<a href=\"https:\/\/scf.se\/mountainbike\/jenny-rissveds-ordnade-makalos-dubbelseger-pa-varldscupen-i-les-gets\/\" class=\"news-card__more\"> &#8230;<\/a><\/p>\n","protected":false},"author":41,"featured_media":8454,"comment_status":"open","ping_status":"open","sticky":true,"template":"","format":"standard","meta":{"_acf_changed":false,"footnotes":""},"categories":[1],"tags":[],"class_list":["post-8452","post","type-post","status-publish","format-standard","hentry","category-mountainbike"],"acf":[],"_links":{"self":[{"href":"https:\/\/scf.se\/mountainbike\/wp-json\/wp\/v2\/posts\/8452","targetHints":{"allow":["GET"]}}],"collection":[{"href":"https:\/\/scf.se\/mountainbike\/wp-json\/wp\/v2\/posts"}],"about":[{"href":"https:\/\/scf.se\/mountainbike\/wp-json\/wp\/v2\/types\/post"}],"author":[{"embeddable":true,"href":"https:\/\/scf.se\/mountainbike\/wp-json\/wp\/v2\/users\/41"}],"replies":[{"embeddable":true,"href":"https:\/\/scf.se\/mountainbike\/wp-json\/wp\/v2\/comments?post=8452"}],"version-history":[{"count":2,"href":"https:\/\/scf.se\/mountainbike\/wp-json\/wp\/v2\/posts\/8452\/revisions"}],"predecessor-version":[{"id":8457,"href":"https:\/\/scf.se\/mountainbike\/wp-json\/wp\/v2\/posts\/8452\/revisions\/8457"}],"wp:featuredmedia":[{"embeddable":true,"href":"https:\/\/scf.se\/mountainbike\/wp-json\/wp\/v2\/media\/8454"}],"wp:attachment":[{"href":"https:\/\/scf.se\/mountainbike\/wp-json\/wp\/v2\/media?parent=8452"}],"wp:term":[{"taxonomy":"category","embeddable":true,"href":"https:\/\/scf.se\/mountainbike\/wp-json\/wp\/v2\/categories?post=8452"},{"taxonomy":"post_tag","embeddable":true,"href":"https:\/\/scf.se\/mountainbike\/wp-json\/wp\/v2\/tags?post=8452"}],"curies":[{"name":"wp","href":"https:\/\/api.w.org\/{rel}","templated":true}]}}