
{"id":8172,"date":"2025-07-25T18:25:42","date_gmt":"2025-07-25T16:25:42","guid":{"rendered":"https:\/\/scf.se\/mountainbike\/?p=8172"},"modified":"2025-07-28T09:13:38","modified_gmt":"2025-07-28T07:13:38","slug":"jenny-rissveds-och-elinore-nilsson-var-heta-pa-xcc-em-i-portugal","status":"publish","type":"post","link":"https:\/\/scf.se\/mountainbike\/jenny-rissveds-och-elinore-nilsson-var-heta-pa-xcc-em-i-portugal\/","title":{"rendered":"Jenny Rissveds och Elinore Nilsson var vassa medalj\u00f6rer p\u00e5 EM i XCC"},"content":{"rendered":"<p data-start=\"302\" data-end=\"575\"><strong>Torsdagen blev en str\u00e5lande svensk EM-dag i XCC i portugisiska Melga\u00e7o. Det var hett, dammigt och tungt \u2013 men de svenska damerna visade att det g\u00e5r att cykla riktigt fort \u00e4nd\u00e5. Junioren Elinore Nilsson tog brons efter en stark \u00f6ppning. Och i damelit slog Jenny Rissveds till med guld efter att ha kontrollerat en utbrytning mot en brittisk v\u00e4rldsstj\u00e4rna och tv\u00e5 starka schweizare.<\/strong><\/p>\n<p data-start=\"302\" data-end=\"575\"><a href=\"https:\/\/scf.se\/mountainbike\/wp-content\/uploads\/sites\/6\/2025\/07\/EMtisdagen1.jpg\"><img loading=\"lazy\" decoding=\"async\" class=\"alignnone size-full wp-image-8227\" src=\"https:\/\/scf.se\/mountainbike\/wp-content\/uploads\/sites\/6\/2025\/07\/EMtisdagen1.jpg\" alt=\"\" width=\"1199\" height=\"1414\" srcset=\"https:\/\/scf.se\/mountainbike\/wp-content\/uploads\/sites\/6\/2025\/07\/EMtisdagen1.jpg 1199w, https:\/\/scf.se\/mountainbike\/wp-content\/uploads\/sites\/6\/2025\/07\/EMtisdagen1-254x300.jpg 254w, https:\/\/scf.se\/mountainbike\/wp-content\/uploads\/sites\/6\/2025\/07\/EMtisdagen1-868x1024.jpg 868w, https:\/\/scf.se\/mountainbike\/wp-content\/uploads\/sites\/6\/2025\/07\/EMtisdagen1-768x906.jpg 768w\" sizes=\"auto, (max-width: 1199px) 100vw, 1199px\" \/><\/a> <a href=\"https:\/\/scf.se\/mountainbike\/wp-content\/uploads\/sites\/6\/2025\/07\/EMtorsdagen2.jpg\"><img loading=\"lazy\" decoding=\"async\" class=\"alignnone size-full wp-image-8226\" src=\"https:\/\/scf.se\/mountainbike\/wp-content\/uploads\/sites\/6\/2025\/07\/EMtorsdagen2.jpg\" alt=\"\" width=\"899\" height=\"940\" srcset=\"https:\/\/scf.se\/mountainbike\/wp-content\/uploads\/sites\/6\/2025\/07\/EMtorsdagen2.jpg 899w, https:\/\/scf.se\/mountainbike\/wp-content\/uploads\/sites\/6\/2025\/07\/EMtorsdagen2-287x300.jpg 287w, https:\/\/scf.se\/mountainbike\/wp-content\/uploads\/sites\/6\/2025\/07\/EMtorsdagen2-768x803.jpg 768w\" sizes=\"auto, (max-width: 899px) 100vw, 899px\" \/><\/a><\/p>\n<p data-start=\"615\" data-end=\"884\">Damelitklassen handlade om duellen mellan Jenny Rissveds, den brittiska stj\u00e4rnan Evie Richards och tv\u00e5 schweiziska \u00e5kare. Det var i en utbrytning med dessa fyra cyklister som medaljerna skulle delas ut.<\/p>\n<p data-start=\"615\" data-end=\"884\">Rissveds visade sig starkast i v\u00e4rmen och s\u00e4krade guldet \u2013 och Europam\u00e4startr\u00f6jan \u2013 med tre sekunders marginal.<\/p>\n<p data-start=\"615\" data-end=\"884\"><a href=\"https:\/\/scf.se\/mountainbike\/wp-content\/uploads\/sites\/6\/2025\/07\/IMG_6715.jpg\"><img loading=\"lazy\" decoding=\"async\" class=\"alignnone size-full wp-image-8179\" src=\"https:\/\/scf.se\/mountainbike\/wp-content\/uploads\/sites\/6\/2025\/07\/IMG_6715.jpg\" alt=\"\" width=\"1200\" height=\"800\" srcset=\"https:\/\/scf.se\/mountainbike\/wp-content\/uploads\/sites\/6\/2025\/07\/IMG_6715.jpg 1200w, https:\/\/scf.se\/mountainbike\/wp-content\/uploads\/sites\/6\/2025\/07\/IMG_6715-300x200.jpg 300w, https:\/\/scf.se\/mountainbike\/wp-content\/uploads\/sites\/6\/2025\/07\/IMG_6715-1024x683.jpg 1024w, https:\/\/scf.se\/mountainbike\/wp-content\/uploads\/sites\/6\/2025\/07\/IMG_6715-768x512.jpg 768w\" sizes=\"auto, (max-width: 1200px) 100vw, 1200px\" \/><\/a><\/p>\n<blockquote>\n<p data-start=\"615\" data-end=\"884\">&#8221;Det k\u00e4nns KUL. Jag har inte varit med p\u00e5 EM sedan Husqvarna 2016 s\u00e5 det var dags att st\u00e4lla sig p\u00e5 start igen. Det var mycket vind och v\u00e4ldigt, v\u00e4ldigt dammigt. P\u00e5 grund av vinden blev det ganska taktisk k\u00f6rning. Det var ocks\u00e5 en bana som passade mig ganska bra, inte minst kurvorna \u2013 s\u00e5 jag k\u00e4nde att jag hade ett litet \u00f6vertag i gruppen som var loss&#8221;, s\u00e4ger<a href=\"https:\/\/www.instagram.com\/p\/DMf7YLgMZTq\/\"><em> <strong>Jenny Rissveds i en<\/strong> <strong>intervju med SCF:s Malin Lindgren Henttonen som ni kan se streamad h\u00e4r.<\/strong><\/em><\/a><\/p>\n<\/blockquote>\n<p data-start=\"615\" data-end=\"884\"><strong>Hur ser du p\u00e5 s\u00f6ndagens XCO-lopp?<\/strong><\/p>\n<blockquote>\n<p data-start=\"615\" data-end=\"884\">&#8221;XCO ska ocks\u00e5 bli superkul. Och det \u00e4r ocks\u00e5 en bana som kan passa mig. Jag har redan k\u00f6rt de ett varv i g\u00e5r och ska ut och bekanta mig mera med den under fredagen&#8221;, s\u00e4ger Jenny Rissveds, som inte har n\u00e5gon svensk m\u00e4startr\u00f6ja d\u00e5 den numera i Andorra boende stj\u00e4rncyklisten valde att fokusera p\u00e5 EM i st\u00e4llet f\u00f6r att k\u00f6ra SM men nu har chansen att f\u00e5 k\u00f6ra i Europam\u00e4startr\u00f6jan i s\u00e5v\u00e4l XCC som XCO.<\/p>\n<\/blockquote>\n<p data-start=\"615\" data-end=\"884\"><a href=\"https:\/\/scf.se\/mountainbike\/wp-content\/uploads\/sites\/6\/2025\/07\/IMG_6727.jpg\"><img loading=\"lazy\" decoding=\"async\" class=\"alignnone size-full wp-image-8212\" src=\"https:\/\/scf.se\/mountainbike\/wp-content\/uploads\/sites\/6\/2025\/07\/IMG_6727.jpg\" alt=\"\" width=\"1200\" height=\"800\" srcset=\"https:\/\/scf.se\/mountainbike\/wp-content\/uploads\/sites\/6\/2025\/07\/IMG_6727.jpg 1200w, https:\/\/scf.se\/mountainbike\/wp-content\/uploads\/sites\/6\/2025\/07\/IMG_6727-300x200.jpg 300w, https:\/\/scf.se\/mountainbike\/wp-content\/uploads\/sites\/6\/2025\/07\/IMG_6727-1024x683.jpg 1024w, https:\/\/scf.se\/mountainbike\/wp-content\/uploads\/sites\/6\/2025\/07\/IMG_6727-768x512.jpg 768w\" sizes=\"auto, (max-width: 1200px) 100vw, 1200px\" \/><\/a><\/p>\n<a href=\"https:\/\/scf.se\/mountainbike\/wp-content\/uploads\/sites\/6\/2025\/07\/EMtorsdagen4.jpg\"><img loading=\"lazy\" decoding=\"async\" class=\"alignnone size-full wp-image-8224\" src=\"https:\/\/scf.se\/mountainbike\/wp-content\/uploads\/sites\/6\/2025\/07\/EMtorsdagen4.jpg\" alt=\"\" width=\"895\" height=\"1248\" srcset=\"https:\/\/scf.se\/mountainbike\/wp-content\/uploads\/sites\/6\/2025\/07\/EMtorsdagen4.jpg 895w, https:\/\/scf.se\/mountainbike\/wp-content\/uploads\/sites\/6\/2025\/07\/EMtorsdagen4-215x300.jpg 215w, https:\/\/scf.se\/mountainbike\/wp-content\/uploads\/sites\/6\/2025\/07\/EMtorsdagen4-734x1024.jpg 734w, https:\/\/scf.se\/mountainbike\/wp-content\/uploads\/sites\/6\/2025\/07\/EMtorsdagen4-768x1071.jpg 768w\" sizes=\"auto, (max-width: 895px) 100vw, 895px\" \/><\/a>\n<h3 data-start=\"886\" data-end=\"914\"><strong data-start=\"886\" data-end=\"914\">EM XCC damelit<\/strong><\/h3>\n<ul>\n<li>1 <strong data-start=\"252\" data-end=\"270\">Jenny Rissveds<\/strong>, Sverige 17.56<\/li>\n<li>2 <strong data-start=\"290\" data-end=\"307\">Nicole Koller<\/strong>, Schweiz +0.03<\/li>\n<li>3 <strong data-start=\"327\" data-end=\"346\">Linda Indergand<\/strong>, Schweiz +0.03<\/li>\n<li>4 <strong data-start=\"366\" data-end=\"383\">Evie Richards<\/strong>, Storbritannien +0.04<\/li>\n<li>5 <strong data-start=\"410\" data-end=\"428\">Chiara Teocchi<\/strong>, Italien +0.35<\/li>\n<li>6 <strong data-start=\"448\" data-end=\"461\">Kira B\u00f6hm<\/strong>, Tyskland +0.43<\/li>\n<\/ul>\n<h3 data-start=\"886\" data-end=\"914\"><a href=\"https:\/\/scf.se\/mountainbike\/wp-content\/uploads\/sites\/6\/2025\/07\/EMtorsdagen3medaljer.jpg\"><img loading=\"lazy\" decoding=\"async\" class=\"alignnone size-full wp-image-8225\" src=\"https:\/\/scf.se\/mountainbike\/wp-content\/uploads\/sites\/6\/2025\/07\/EMtorsdagen3medaljer.jpg\" alt=\"\" width=\"1837\" height=\"1402\" srcset=\"https:\/\/scf.se\/mountainbike\/wp-content\/uploads\/sites\/6\/2025\/07\/EMtorsdagen3medaljer.jpg 1837w, https:\/\/scf.se\/mountainbike\/wp-content\/uploads\/sites\/6\/2025\/07\/EMtorsdagen3medaljer-300x229.jpg 300w, https:\/\/scf.se\/mountainbike\/wp-content\/uploads\/sites\/6\/2025\/07\/EMtorsdagen3medaljer-1024x782.jpg 1024w, https:\/\/scf.se\/mountainbike\/wp-content\/uploads\/sites\/6\/2025\/07\/EMtorsdagen3medaljer-768x586.jpg 768w, https:\/\/scf.se\/mountainbike\/wp-content\/uploads\/sites\/6\/2025\/07\/EMtorsdagen3medaljer-1536x1172.jpg 1536w\" sizes=\"auto, (max-width: 1837px) 100vw, 1837px\" \/><\/a><\/h3>\n<h3 data-start=\"1884\" data-end=\"1923\">* * *<\/h3>\n<a href=\"https:\/\/scf.se\/mountainbike\/wp-content\/uploads\/sites\/6\/2025\/07\/att.0-OsXyITt1mXVglffp4JsUrnsIANaNAr2faSiKTN1sg.jpg\"><img loading=\"lazy\" decoding=\"async\" class=\"alignnone size-full wp-image-8177\" src=\"https:\/\/scf.se\/mountainbike\/wp-content\/uploads\/sites\/6\/2025\/07\/att.0-OsXyITt1mXVglffp4JsUrnsIANaNAr2faSiKTN1sg.jpg\" alt=\"\" width=\"768\" height=\"848\" srcset=\"https:\/\/scf.se\/mountainbike\/wp-content\/uploads\/sites\/6\/2025\/07\/att.0-OsXyITt1mXVglffp4JsUrnsIANaNAr2faSiKTN1sg.jpg 768w, https:\/\/scf.se\/mountainbike\/wp-content\/uploads\/sites\/6\/2025\/07\/att.0-OsXyITt1mXVglffp4JsUrnsIANaNAr2faSiKTN1sg-272x300.jpg 272w\" sizes=\"auto, (max-width: 768px) 100vw, 768px\" \/><\/a>\n<p data-start=\"1185\" data-end=\"1430\">Elinore Nilsson startade i tredje startled men tog sig resolut fram till t\u00e4tposition redan i f\u00f6rsta kurvan.<\/p>\n<p data-start=\"1185\" data-end=\"1430\">D\u00e4rifr\u00e5n lade hon sig p\u00e5 f\u00f6rsta rulle ut p\u00e5 andra varvet, h\u00f6ll hon en imponerande niv\u00e5 genom hela loppet och kunde s\u00e4kra bronsmedaljen bakom en stark toppduo fr\u00e5n Slovenien och Tjeckien.<\/p>\n<p data-start=\"1432\" data-end=\"1537\">\u00c4ven Linnea Nilsson och Elin \u00c5lsj\u00f6 gjorde starka insatser \u2013 Sverige visar verkligen bredd p\u00e5 juniortoppen.<\/p>\n<blockquote>\n<p data-start=\"1432\" data-end=\"1537\">&#8221;Elinore gjorde f\u00f6rst en fantastisk start och k\u00f6rde riktigt bra hela v\u00e4gen. \u00c4ven Linnea Nilsson och Elin \u00c5lsj\u00f6 gjorde fina lopp. En v\u00e4ldigt fin laginsats, roligt att se&#8221;, s\u00e4ger f\u00f6rbundskaptenen David Eriksson.<\/p>\n<\/blockquote>\n<p data-start=\"1432\" data-end=\"1537\"><a href=\"https:\/\/scf.se\/mountainbike\/wp-content\/uploads\/sites\/6\/2025\/07\/att.oDCZ3zElIAVVy2x8x0wIVi5TiDd2uyJtL6kHMUX8x0w.jpg\"><img loading=\"lazy\" decoding=\"async\" class=\"alignnone size-full wp-image-8178\" src=\"https:\/\/scf.se\/mountainbike\/wp-content\/uploads\/sites\/6\/2025\/07\/att.oDCZ3zElIAVVy2x8x0wIVi5TiDd2uyJtL6kHMUX8x0w.jpg\" alt=\"\" width=\"631\" height=\"710\" srcset=\"https:\/\/scf.se\/mountainbike\/wp-content\/uploads\/sites\/6\/2025\/07\/att.oDCZ3zElIAVVy2x8x0wIVi5TiDd2uyJtL6kHMUX8x0w.jpg 631w, https:\/\/scf.se\/mountainbike\/wp-content\/uploads\/sites\/6\/2025\/07\/att.oDCZ3zElIAVVy2x8x0wIVi5TiDd2uyJtL6kHMUX8x0w-267x300.jpg 267w\" sizes=\"auto, (max-width: 631px) 100vw, 631px\" \/><\/a><\/p>\n<h3 data-start=\"1539\" data-end=\"1569\"><strong data-start=\"1539\" data-end=\"1569\">EM XCC damjunior:<\/strong><\/h3>\n<ul>\n<li data-start=\"1574\" data-end=\"1616\">1<strong> Maru\u0161a Tereza \u0160erkezi<\/strong>, Slovenien 16.38<\/li>\n<li data-start=\"1620\" data-end=\"1656\">2 <strong>Barbora Bukovsk\u00e1<\/strong>, Tjeckien +0.01<\/li>\n<li data-start=\"1660\" data-end=\"1698\">3<strong data-start=\"1660\" data-end=\"1679\"> Elinore Nilsson<\/strong>, Sverige +0.26<\/li>\n<li data-start=\"1702\" data-end=\"1737\">4 <strong>Pauline \u0160ulcov<\/strong>\u00e1, Tjeckien +0.26<\/li>\n<li data-start=\"1741\" data-end=\"1770\">5 <strong>Alice Papo<\/strong>, Italien +0.27<\/li>\n<li data-start=\"1774\" data-end=\"1805\">6<strong> Eva Herzo<\/strong>g, \u00d6sterrike +0.27<\/li>\n<li data-start=\"1809\" data-end=\"1846\">9 <strong data-start=\"1809\" data-end=\"1827\">Linnea Nilsson<\/strong>, Sverige +0.54<\/li>\n<li data-start=\"1851\" data-end=\"1882\">12 <strong data-start=\"1851\" data-end=\"1865\">Elin \u00c5lsj\u00f6<\/strong>, Sverige +1.08<\/li>\n<\/ul>\n<h3 data-start=\"1884\" data-end=\"1923\">* * *<\/h3>\n<p data-start=\"1925\" data-end=\"2151\">Olle Isaksson l\u00e5g med i f\u00f6rstagruppen under de fyra f\u00f6rsta av sju varv, men en hoppande kedja f\u00f6rst\u00f6rde chanserna till ett toppresultat. F\u00f6rsta\u00e5rsjunioren John Temar stod f\u00f6r ett stabilt lopp men hade inte det d\u00e4r lilla sista i ett lopp d\u00e4r tiden var b\u00e4ttre \u00e4n placeringen.<\/p>\n<blockquote>\n<p data-start=\"1925\" data-end=\"2151\">&#8221;Killarna had elite otur, speciellt Olle som ju tappade kedjan tidigt och sedan inte riktigt lyckades ansluta. John hade v\u00e4l inte riktigt den b\u00e4sta dagen men vi ser fram emot XCO-loppet nu. Det kan vara riktigt bra f\u00f6r v\u00e5ra cyklister att ha XCC i benen och s\u00e5 hoppar vi \u00f6ver XCR d\u00e5 det blir f\u00f6r mycket&#8221;, s\u00e4ger David Eriksson.<\/p>\n<\/blockquote>\n<p data-start=\"2153\" data-end=\"2184\"><strong data-start=\"2153\" data-end=\"2184\">Resultat EM XCC herrjunior:<\/strong><\/p>\n<ul>\n<li data-start=\"2189\" data-end=\"2223\">1 <strong>Anatol Friedl<\/strong>, \u00d6sterrike 17.10<\/li>\n<li data-start=\"2227\" data-end=\"2273\">2<strong> Guillermo Parrado Hortigosa,<\/strong> Spanien +0.01<\/li>\n<li data-start=\"2277\" data-end=\"2318\">3<strong> Federico Rosario Brafa<\/strong>, Italien +0.01<\/li>\n<li data-start=\"2322\" data-end=\"2356\">4 <strong>Elias Klemenc,<\/strong> Slovenien +0.02<\/li>\n<li data-start=\"2360\" data-end=\"2393\">5 <strong>Simon Grisel,<\/strong> Frankrike +0.02<\/li>\n<li data-start=\"2397\" data-end=\"2429\">6 <strong>Mat\u011bj Pr\u016fdek<\/strong>, Tjeckien +0.03<\/li>\n<li data-start=\"2434\" data-end=\"2499\">32 <strong data-start=\"2434\" data-end=\"2448\">John Temar<\/strong>, Sverige +0.35<\/li>\n<li data-start=\"2434\" data-end=\"2499\">DNF. <strong data-start=\"2473\" data-end=\"2490\">Olle Isaksson<\/strong>, Sverige<\/li>\n<\/ul>\n<h3 data-start=\"1884\" data-end=\"1923\"><a href=\"https:\/\/scf.se\/mountainbike\/wp-content\/uploads\/sites\/6\/2025\/07\/EMlordagen1.jpg\"><img loading=\"lazy\" decoding=\"async\" class=\"alignnone size-full wp-image-8230\" src=\"https:\/\/scf.se\/mountainbike\/wp-content\/uploads\/sites\/6\/2025\/07\/EMlordagen1.jpg\" alt=\"\" width=\"762\" height=\"812\" srcset=\"https:\/\/scf.se\/mountainbike\/wp-content\/uploads\/sites\/6\/2025\/07\/EMlordagen1.jpg 762w, https:\/\/scf.se\/mountainbike\/wp-content\/uploads\/sites\/6\/2025\/07\/EMlordagen1-282x300.jpg 282w\" sizes=\"auto, (max-width: 762px) 100vw, 762px\" \/><\/a><\/h3>\n<a href=\"https:\/\/scf.se\/mountainbike\/wp-content\/uploads\/sites\/6\/2025\/07\/Em-bilder2.jpg\"><img loading=\"lazy\" decoding=\"async\" class=\"alignnone size-full wp-image-8180\" src=\"https:\/\/scf.se\/mountainbike\/wp-content\/uploads\/sites\/6\/2025\/07\/Em-bilder2.jpg\" alt=\"\" width=\"631\" height=\"629\" srcset=\"https:\/\/scf.se\/mountainbike\/wp-content\/uploads\/sites\/6\/2025\/07\/Em-bilder2.jpg 631w, https:\/\/scf.se\/mountainbike\/wp-content\/uploads\/sites\/6\/2025\/07\/Em-bilder2-300x300.jpg 300w, https:\/\/scf.se\/mountainbike\/wp-content\/uploads\/sites\/6\/2025\/07\/Em-bilder2-150x150.jpg 150w\" sizes=\"auto, (max-width: 631px) 100vw, 631px\" \/><\/a>\n<p data-start=\"2542\" data-end=\"2718\">Leo Lounela k\u00f6rde finalen i en mixad startlista med b\u00e5de herrelit och U23. I en mycket t\u00e4t t\u00e4vling slutade han p\u00e5 en 21:a plats, bara 22 sekunder fr\u00e5n den schweiziska segraren.<\/p>\n<p data-start=\"2542\" data-end=\"2718\">&#8221;Leo f\u00e5r k\u00f6ra mot v\u00e4ldigt bra motst\u00e5nd d\u00e5 de slog ihop klasserna, men g\u00f6r egentligen ett riktigt bra lopp och har v\u00e4l bara runt tre U23:or framf\u00f6r sig&#8221;, s\u00e4ger David Eriksson.<\/p>\n<p>Leo var exempelvis placeringen f\u00f6re vassa norska 21-\u00e5ringen \u00a0Sondre Rokke. Lounela hade helt enkelt tampats om medalj om det hade varit en separat U23-klass.<\/p>\n<h3>EM XCC herrelit och U23 (gemensam klass)<\/h3>\n<ul>\n<li data-start=\"436\" data-end=\"471\">1 <strong data-start=\"438\" data-end=\"454\">Luca Sch\u00e4tti<\/strong>, Schweiz 18.18<\/li>\n<li data-start=\"473\" data-end=\"511\">2 <strong data-start=\"475\" data-end=\"494\">Thomas Litscher<\/strong>, Schweiz +0.03<\/li>\n<li data-start=\"513\" data-end=\"552\">3 <strong data-start=\"515\" data-end=\"533\">Adrien Boichis<\/strong>, Frankrike +0.04<\/li>\n<li data-start=\"554\" data-end=\"593\">4 <strong data-start=\"556\" data-end=\"576\">Simon Andreassen<\/strong>, Danmark +0.06<\/li>\n<li data-start=\"595\" data-end=\"629\">5 <strong data-start=\"597\" data-end=\"612\">Dario Lillo<\/strong>, Schweiz +0.06<\/li>\n<li data-start=\"631\" data-end=\"666\">6 <strong data-start=\"633\" data-end=\"649\">Luca Braidot<\/strong>, Italien +0.09<\/li>\n<li data-start=\"668\" data-end=\"703\">21 <strong data-start=\"671\" data-end=\"686\">Leo Lounela<\/strong>, Sverige +0.22<\/li>\n<\/ul>\n<p>Sverige var efter XCC-dagen tv\u00e5a (!) i EM:s medaljliga efter Schweiz\u00a0 EM forts\u00e4tter f\u00f6r svensk del med XCO p\u00e5 s\u00f6ndag. Damelitens lopp ska, enligt UEC, s\u00e4ndas p\u00e5 Europsport 2 och Eurosport player. H\u00e5ll ocks\u00e5 utkik p\u00e5 SWE Cyclings och UEC:s olika kanaler.<\/p>\n<h3>S\u00e5 t\u00e4vlar de \u00e5tta svenskarna under EM-helgen<\/h3>\n<h4>L\u00f6rdag 26 juli<\/h4>\n<ul>\n<li><strong>11.00\u201312.15<\/strong> Herrjunior, XCO med Olle Isaksson och John Temar.<\/li>\n<li><strong>14.15\u201315.30:<\/strong> Damjunior, XCO med Elinore Nilsson, Elin \u00c5lsj\u00f6 och Linnea Nilsson.<\/li>\n<li><strong>16.15\u201317.45:<\/strong> U23 herrar, XCO med Leo Lounela och Nils Johansson.<\/li>\n<\/ul>\n<h4>S\u00f6ndag 27 juli<\/h4>\n<ul>\n<li><strong>13.30\u201315.10<\/strong>: Damelit, XCO med Jenny Rissveds.<\/li>\n<\/ul>\n<p><em>Text: SCF<\/em><br \/>\n<em>Foto: Main Lindgren Henttonen\/ SCF och UEC<\/em><\/p>\n<p>&nbsp;<\/p>\n","protected":false},"excerpt":{"rendered":"<p>Torsdagen blev en str\u00e5lande svensk EM-dag i XCC i portugisiska Melga\u00e7o. Det var hett, dammigt och tungt \u2013 men de svenska damerna visade att det g\u00e5r att cykla riktigt fort \u00e4nd\u00e5. Junioren Elinore Nilsson tog brons efter en stark \u00f6ppning. Och i damelit slog Jenny Rissveds till med guld efter att ha kontrollerat en<a href=\"https:\/\/scf.se\/mountainbike\/jenny-rissveds-och-elinore-nilsson-var-heta-pa-xcc-em-i-portugal\/\" class=\"news-card__more\"> &#8230;<\/a><\/p>\n","protected":false},"author":41,"featured_media":8181,"comment_status":"open","ping_status":"open","sticky":true,"template":"","format":"standard","meta":{"_acf_changed":false,"footnotes":""},"categories":[1],"tags":[],"class_list":["post-8172","post","type-post","status-publish","format-standard","hentry","category-mountainbike"],"acf":[],"_links":{"self":[{"href":"https:\/\/scf.se\/mountainbike\/wp-json\/wp\/v2\/posts\/8172","targetHints":{"allow":["GET"]}}],"collection":[{"href":"https:\/\/scf.se\/mountainbike\/wp-json\/wp\/v2\/posts"}],"about":[{"href":"https:\/\/scf.se\/mountainbike\/wp-json\/wp\/v2\/types\/post"}],"author":[{"embeddable":true,"href":"https:\/\/scf.se\/mountainbike\/wp-json\/wp\/v2\/users\/41"}],"replies":[{"embeddable":true,"href":"https:\/\/scf.se\/mountainbike\/wp-json\/wp\/v2\/comments?post=8172"}],"version-history":[{"count":12,"href":"https:\/\/scf.se\/mountainbike\/wp-json\/wp\/v2\/posts\/8172\/revisions"}],"predecessor-version":[{"id":8231,"href":"https:\/\/scf.se\/mountainbike\/wp-json\/wp\/v2\/posts\/8172\/revisions\/8231"}],"wp:featuredmedia":[{"embeddable":true,"href":"https:\/\/scf.se\/mountainbike\/wp-json\/wp\/v2\/media\/8181"}],"wp:attachment":[{"href":"https:\/\/scf.se\/mountainbike\/wp-json\/wp\/v2\/media?parent=8172"}],"wp:term":[{"taxonomy":"category","embeddable":true,"href":"https:\/\/scf.se\/mountainbike\/wp-json\/wp\/v2\/categories?post=8172"},{"taxonomy":"post_tag","embeddable":true,"href":"https:\/\/scf.se\/mountainbike\/wp-json\/wp\/v2\/tags?post=8172"}],"curies":[{"name":"wp","href":"https:\/\/api.w.org\/{rel}","templated":true}]}}