
{"id":7800,"date":"2025-06-09T10:44:41","date_gmt":"2025-06-09T08:44:41","guid":{"rendered":"https:\/\/scf.se\/mountainbike\/?p=7800"},"modified":"2025-06-09T10:46:26","modified_gmt":"2025-06-09T08:46:26","slug":"amanda-bohlin-atta-pa-xcm-em-trots-tre-tidsodande-stopp-vid-punka","status":"publish","type":"post","link":"https:\/\/scf.se\/mountainbike\/amanda-bohlin-atta-pa-xcm-em-trots-tre-tidsodande-stopp-vid-punka\/","title":{"rendered":"Amanda Bohlin fin \u00e5tta p\u00e5 XCM-EM trots tre tids\u00f6dande stopp vid punka"},"content":{"rendered":"<p data-start=\"487\" data-end=\"768\"><strong>Trots en punktering gick Amanda Bohlin i m\u00e5l som \u00e5ttonde cyklist p\u00e5 EM i mountainbikens maratondisciplin, XCM. Bohlin stod f\u00f6r riktigt stark cykel\u00e5kning p\u00e5 en kuperad bana vid Italiens v\u00e4stkust. <\/strong><strong>P\u00e5 herrsidan blev Erik \u00c5kesson 38:a och Axel Lindh 46:a, medan Richard Lars\u00e9n fick l\u00e4mna in en DNS efter att ha slagit i kn\u00e4et r\u00e4tt illa p\u00e5 tr\u00e4ning inf\u00f6r EM-loppet.<\/strong><\/p>\n<p data-start=\"770\" data-end=\"903\">M\u00e4sterskapet avgjordes i\u00a0 Genua \u00f6ver 83 kilometer och 3000 h\u00f6jdmeter \u2013 en tuff bana i riktigt teknisk och kr\u00e4vande terr\u00e4ng.<\/p>\n<p data-start=\"905\" data-end=\"1221\">Efter fjol\u00e5rets \u00e5ttondeplats p\u00e5 EM fanns f\u00f6rv\u00e4ntningarna d\u00e4r hos \u00c5tvidabergsbaserade Amanda Bohlin, och hon l\u00e5g tidigt l\u00e5ngt fram \u2013 bara 30 sekunder fr\u00e5n fj\u00e4rdeplatsen. Under den andra fj\u00e4rdedelen avancerade hon ytterligare, men efter halva loppet kom bakslaget: en punktering tvingade henne att stanna flera g\u00e5nger.<\/p>\n<p data-start=\"1223\" data-end=\"1461\">Trots det inledde hon en stark upph\u00e4mtning. Fr\u00e5n femtonde plats jobbade hon sig upp till att med 10 kilometer kvar nosade p\u00e5 sjundeplatsen. In mot m\u00e5l blev det en kamp mot en italienska \u2013 men Bohlin fick n\u00f6ja sig med \u00e4nnu en \u00e5ttondeplats.<\/p>\n<p data-start=\"1223\" data-end=\"1461\"><a href=\"https:\/\/scf.se\/mountainbike\/wp-content\/uploads\/sites\/6\/2025\/06\/XCMem2.jpg\"><img loading=\"lazy\" decoding=\"async\" class=\"alignnone size-full wp-image-7802\" src=\"https:\/\/scf.se\/mountainbike\/wp-content\/uploads\/sites\/6\/2025\/06\/XCMem2.jpg\" alt=\"\" width=\"1700\" height=\"1925\" srcset=\"https:\/\/scf.se\/mountainbike\/wp-content\/uploads\/sites\/6\/2025\/06\/XCMem2.jpg 1700w, https:\/\/scf.se\/mountainbike\/wp-content\/uploads\/sites\/6\/2025\/06\/XCMem2-265x300.jpg 265w, https:\/\/scf.se\/mountainbike\/wp-content\/uploads\/sites\/6\/2025\/06\/XCMem2-904x1024.jpg 904w, https:\/\/scf.se\/mountainbike\/wp-content\/uploads\/sites\/6\/2025\/06\/XCMem2-768x870.jpg 768w, https:\/\/scf.se\/mountainbike\/wp-content\/uploads\/sites\/6\/2025\/06\/XCMem2-1356x1536.jpg 1356w\" sizes=\"auto, (max-width: 1700px) 100vw, 1700px\" \/><\/a><\/p>\n<blockquote>\n<p data-start=\"1463\" data-end=\"1870\">&#8221;Jag l\u00e5g med bra i front och k\u00e4nde mig stark och snabb p\u00e5 stigarna. Hade en liten dipp mellan 30\u201343 km men beh\u00f6ll fokuset och lugnet. Sedan fick jag punka och var tvungen att stanna tre g\u00e5nger. Jag kan inte sluta t\u00e4nka p\u00e5 vad som hade h\u00e4nt om jag inte fick punka. Jag ville mycket mycket mer. Men jag vet att det \u00e4r del av t\u00e4vlingen och s\u00e5nt som kan h\u00e4nda. I vilket fall suger det, s\u00e4ger <strong data-start=\"1852\" data-end=\"1869\">Amanda Bohlin<\/strong>.<\/p>\n<\/blockquote>\n<p data-start=\"2766\" data-end=\"2938\"><strong data-start=\"2766\" data-end=\"2782\">Erik \u00c5kesson<\/strong> k\u00f6rde starkt under stora delar av loppet. Han \u00f6ppnade kontrollerat, \u00e5terh\u00e4mtade sig v\u00e4l i de tekniska partierna och hade bra k\u00e4nsla i ungef\u00e4r 65 kilometer.<\/p>\n<blockquote>\n<p data-start=\"2940\" data-end=\"3129\">&#8221;D\u00e4r missades en langning och jag hade nog beh\u00f6vt den v\u00e4tskan och kolhydraterna. Sista 15 kilometerna fick jag kramp p\u00e5 insida l\u00e5r p\u00e5 b\u00e5da benen, men kunde h\u00e5lla min position in mot m\u00e5l, s\u00e4ger Erik \u00c5kesson.<\/p>\n<\/blockquote>\n<p data-start=\"3131\" data-end=\"3148\">Han slutade 38:a.<\/p>\n<p data-start=\"1877\" data-end=\"1941\"><strong data-start=\"1877\" data-end=\"1891\">Axel Lindh<\/strong> hade bland annat stolpe ut vid en flaggvakt under sitt lopp.<\/p>\n<blockquote>\n<p data-start=\"1943\" data-end=\"2209\">&#8221;Ja, jag hade inget vidare flyt vid \u00e5rets XCM-EM. Jag k\u00e4nde att kroppen b\u00f6rjar k\u00e4nnas bra och hade som m\u00e5l att sp\u00f6a fjol\u00e5rets 27:e plats p\u00e5 EM i \u00e5r. Visste att det skulle bli tufft med s\u00e5 mycket mer kl\u00e4ttring \u00e4n banan i Danmark ifjol, men det var \u00e4ven mycket stig som passar mig fint.&#8221;<\/p>\n<\/blockquote>\n<p data-start=\"2211\" data-end=\"2385\">Lindh \u00f6ppnade kontrollerat, h\u00f6ll j\u00e4mn fart i kl\u00e4ttringarna och k\u00f6rde starkt inledningsvis. Men efter drygt halva loppet blev han och en annan \u00e5kare felvisade av en flaggvakt.<\/p>\n<blockquote>\n<p data-start=\"2387\" data-end=\"2759\">&#8221;Vi tappade ett par minuter innan vi fattade att vi var fel och v\u00e4nde. Gasade lite v\u00e4l h\u00e5rt efter det och b\u00f6rjade bli riktigt tr\u00f6tt. Gasade med det som fanns in mot m\u00e5l, men punkterade p\u00e5 glassplitter under en bro sista kilometrarna och k\u00f6rde sista biten p\u00e5 f\u00e4lgen. 46:a f\u00f6r dagen. N\u00f6jd med halva t\u00e4vlingen och ser fram mot att f\u00e5 ha flytet med mig hela v\u00e4gen n\u00e4sta g\u00e5ng.&#8221;<\/p>\n<\/blockquote>\n<h3 data-start=\"557\" data-end=\"595\"><strong data-start=\"561\" data-end=\"593\">EM XCM \u2013 damer elit<\/strong><\/h3>\n<ul>\n<li data-start=\"596\" data-end=\"802\"><em><strong data-start=\"596\" data-end=\"618\">1. Adelheid Morath<\/strong>, Tyskland 4.39.37<\/em><\/li>\n<li data-start=\"596\" data-end=\"802\"><em><strong data-start=\"639\" data-end=\"671\">2. Natalia Fischer Egusquiza<\/strong>, Spanien +6.11<\/em><\/li>\n<li data-start=\"596\" data-end=\"802\"><em><strong data-start=\"712\" data-end=\"733\">3. Mara Fumagalli<\/strong>, Italien +6.42<\/em><\/li>\n<li data-start=\"596\" data-end=\"802\"><em><strong data-start=\"764\" data-end=\"784\">8. Amanda Bohlin<\/strong>, Sverige +17.08<\/em><\/li>\n<\/ul>\n<h3 data-start=\"557\" data-end=\"595\"><strong data-start=\"561\" data-end=\"593\">EM XCM \u2013<\/strong><strong data-start=\"270\" data-end=\"303\"> herrar Elit<\/strong><\/h3>\n<ul>\n<li data-start=\"306\" data-end=\"550\"><em><strong data-start=\"306\" data-end=\"328\">1. Andreas Seewald<\/strong>, Tyskland 3.43.29<\/em><\/li>\n<li data-start=\"306\" data-end=\"550\"><em><strong data-start=\"369\" data-end=\"391\">2. Andrea Siffredi<\/strong>, Italien +2.34<\/em><\/li>\n<li data-start=\"306\" data-end=\"550\"><em><strong data-start=\"422\" data-end=\"444\">3. Gioele De Cosmo<\/strong>, Italien +3.28<\/em><\/li>\n<li data-start=\"306\" data-end=\"550\"><em><strong data-start=\"475\" data-end=\"495\">38. Erik \u00c5kesson<\/strong>, Sverige +25.54<\/em><\/li>\n<li data-start=\"306\" data-end=\"550\"><em><strong data-start=\"514\" data-end=\"532\">46. Axel Lindh<\/strong>, Sverige +31.27<\/em><\/li>\n<\/ul>\n<p data-start=\"3155\" data-end=\"3274\">N\u00e4sta stora uppgift f\u00f6r v\u00e5ra svenska cyklister som satsar p\u00e5 XCM-disciplinen blir redan till helgen d\u00e5 v\u00e4rldscupen i l\u00e5nglopp k\u00f6rs i Dolomiterna i norra Italien. P\u00e5 startlinjen st\u00e5r:<\/p>\n<ul>\n<li data-start=\"3276\" data-end=\"3356\"><em>Terese Andersson<\/em><\/li>\n<li data-start=\"3276\" data-end=\"3356\"><em>Amanda Bohlin<\/em><\/li>\n<li data-start=\"3276\" data-end=\"3356\"><em>Richard Lars\u00e9n<\/em><\/li>\n<li data-start=\"3276\" data-end=\"3356\"><em>Erik \u00c5kesson<\/em><\/li>\n<\/ul>\n<h4><a href=\"https:\/\/uec.ch\/en\/event\/251\/2025-uec-mtb-marathon-european-championships\"><strong>Mer om XCM-EM 2025 och resultat fr\u00e5n \u00f6vriga klasser hittar ni h\u00e4r!<\/strong><\/a><\/h4>\n<p><em>Text: SCF<\/em><br \/>\n<em>Foto: Privat<\/em><\/p>\n","protected":false},"excerpt":{"rendered":"<p>Trots en punktering gick Amanda Bohlin i m\u00e5l som \u00e5ttonde cyklist p\u00e5 EM i mountainbikens maratondisciplin, XCM. Bohlin stod f\u00f6r riktigt stark cykel\u00e5kning p\u00e5 en kuperad bana vid Italiens v\u00e4stkust. P\u00e5 herrsidan blev Erik \u00c5kesson 38:a och Axel Lindh 46:a, medan Richard Lars\u00e9n fick l\u00e4mna in en DNS efter att ha slagit i kn\u00e4et<a href=\"https:\/\/scf.se\/mountainbike\/amanda-bohlin-atta-pa-xcm-em-trots-tre-tidsodande-stopp-vid-punka\/\" class=\"news-card__more\"> &#8230;<\/a><\/p>\n","protected":false},"author":41,"featured_media":7803,"comment_status":"open","ping_status":"open","sticky":true,"template":"","format":"standard","meta":{"_acf_changed":false,"footnotes":""},"categories":[1],"tags":[],"class_list":["post-7800","post","type-post","status-publish","format-standard","hentry","category-mountainbike"],"acf":[],"_links":{"self":[{"href":"https:\/\/scf.se\/mountainbike\/wp-json\/wp\/v2\/posts\/7800","targetHints":{"allow":["GET"]}}],"collection":[{"href":"https:\/\/scf.se\/mountainbike\/wp-json\/wp\/v2\/posts"}],"about":[{"href":"https:\/\/scf.se\/mountainbike\/wp-json\/wp\/v2\/types\/post"}],"author":[{"embeddable":true,"href":"https:\/\/scf.se\/mountainbike\/wp-json\/wp\/v2\/users\/41"}],"replies":[{"embeddable":true,"href":"https:\/\/scf.se\/mountainbike\/wp-json\/wp\/v2\/comments?post=7800"}],"version-history":[{"count":5,"href":"https:\/\/scf.se\/mountainbike\/wp-json\/wp\/v2\/posts\/7800\/revisions"}],"predecessor-version":[{"id":7807,"href":"https:\/\/scf.se\/mountainbike\/wp-json\/wp\/v2\/posts\/7800\/revisions\/7807"}],"wp:featuredmedia":[{"embeddable":true,"href":"https:\/\/scf.se\/mountainbike\/wp-json\/wp\/v2\/media\/7803"}],"wp:attachment":[{"href":"https:\/\/scf.se\/mountainbike\/wp-json\/wp\/v2\/media?parent=7800"}],"wp:term":[{"taxonomy":"category","embeddable":true,"href":"https:\/\/scf.se\/mountainbike\/wp-json\/wp\/v2\/categories?post=7800"},{"taxonomy":"post_tag","embeddable":true,"href":"https:\/\/scf.se\/mountainbike\/wp-json\/wp\/v2\/tags?post=7800"}],"curies":[{"name":"wp","href":"https:\/\/api.w.org\/{rel}","templated":true}]}}