
{"id":7780,"date":"2025-06-09T06:35:39","date_gmt":"2025-06-09T04:35:39","guid":{"rendered":"https:\/\/scf.se\/mountainbike\/?p=7780"},"modified":"2025-06-09T09:23:38","modified_gmt":"2025-06-09T07:23:38","slug":"rissveds-stod-for-en-av-tre-svenska-topp-tio-placeringar-i-leogangs-vc","status":"publish","type":"post","link":"https:\/\/scf.se\/mountainbike\/rissveds-stod-for-en-av-tre-svenska-topp-tio-placeringar-i-leogangs-vc\/","title":{"rendered":"Rissveds stod f\u00f6r en av tre svenska topp tio-placeringar i Leogangs VC"},"content":{"rendered":"<p><strong>MTB-v\u00e4rldscupen har under l\u00e5nghelgen befunnit sig i \u00f6sterrikiska Leogang. Inga landslagsuppdrag, men v\u00e4l svenska team\u00e5kare p\u00e5 plats. I XCO var Jenny Rissveds tia. \u00c4ven i XCC blev det en svensk topp tio-plats i form av Leo Lounela och i downhill forts\u00e4tter Oliver Zwar att visa att han \u00e4r tillbaka p\u00e5 en h\u00f6g niv\u00e5 i v\u00e4rldscupen. Och i enduro var Zakarias Blom Johansen med i den absoluta toppen p\u00e5 tv\u00e5 str\u00e4ckor vilket gav en sj\u00e4tteplats totalt.<\/strong><\/p>\n<p>S\u00e5 h\u00e4r s\u00e5g det ut i siffror n\u00e4r det g\u00e4ller XCC och XCO.<\/p>\n<h3>V\u00e4rldscupen XCC damelit<\/h3>\n<ul>\n<li>1. <strong>Puck Pieterse<\/strong>, Nederl\u00e4nderna 21.13<\/li>\n<li>2. <strong>Samara Maxwell<\/strong>, Nya Zeeland +0.16<\/li>\n<li>3. <strong>Nicole Koller<\/strong>, Schweiz +0.21<\/li>\n<li>13. <strong>Jenny Rissveds<\/strong>, Sverige\/Canyon CLLCTV XCO +1.06<\/li>\n<\/ul>\n<a href=\"https:\/\/scf.se\/mountainbike\/wp-content\/uploads\/sites\/6\/2025\/06\/Leo1111.jpg\"><img loading=\"lazy\" decoding=\"async\" class=\"alignnone size-full wp-image-7793\" src=\"https:\/\/scf.se\/mountainbike\/wp-content\/uploads\/sites\/6\/2025\/06\/Leo1111.jpg\" alt=\"\" width=\"803\" height=\"799\" srcset=\"https:\/\/scf.se\/mountainbike\/wp-content\/uploads\/sites\/6\/2025\/06\/Leo1111.jpg 803w, https:\/\/scf.se\/mountainbike\/wp-content\/uploads\/sites\/6\/2025\/06\/Leo1111-300x300.jpg 300w, https:\/\/scf.se\/mountainbike\/wp-content\/uploads\/sites\/6\/2025\/06\/Leo1111-150x150.jpg 150w, https:\/\/scf.se\/mountainbike\/wp-content\/uploads\/sites\/6\/2025\/06\/Leo1111-768x764.jpg 768w\" sizes=\"auto, (max-width: 803px) 100vw, 803px\" \/><\/a>\n<h3>V\u00e4rldscupen XCC herrar U23<\/h3>\n<ul>\n<li>1. <strong>Finn Treudler<\/strong>, Schweiz 23.41<\/li>\n<li>2<strong>. Oleksandr Hudyma<\/strong>, Ukraina +0.05<\/li>\n<li>3.<strong> Paul Schehl<\/strong>, Tyskland +0.16<\/li>\n<li>10.<strong> Leo Lounela<\/strong>, Sverige\/ Beltrami TSA +0.49<\/li>\n<li>24. <strong>Edvin Elofsson<\/strong>, Sverige\/ Allebike Factory Team +1.44<\/li>\n<\/ul>\n<h3>* * *<\/h3>\n<h3>V\u00e4rldscupen XCC damelit<\/h3>\n<ul>\n<li>1. <strong>Puck Pieterse<\/strong>, Nederl\u00e4nderna\/ Alpecin-Deceuninck 1.26.39<\/li>\n<li>2. <strong>Samara Maxwell<\/strong>, Nya Zeeland\/ Decathlon Ford Racing Team +0.50<\/li>\n<li>3. <strong>Ramona Forchini<\/strong>, Schweiz\/ BIXS Performance Race Team +1.26<\/li>\n<li>10. <strong>Jenny Rissveds<\/strong>, Sverige\/ Canyon CLLCTV XCO +3.08<\/li>\n<\/ul>\n<h3>V\u00e4rldscupen XCO herrar U23<\/h3>\n<ul>\n<li data-start=\"270\" data-end=\"463\">1. <strong>Finn Treudler<\/strong>, Schweiz\/ Cube Factory Racing 1.14.02<\/li>\n<li data-start=\"270\" data-end=\"463\">2. <strong>Paul Schehl<\/strong>, Tyskland\/ Lexware Mountainbike Team +0.47<\/li>\n<li data-start=\"270\" data-end=\"463\">3. <strong>Nicolas Halter<\/strong>, Schweiz\/ Th\u00f6mus Akros \u2013 Youngstars +0.52<\/li>\n<li data-start=\"465\" data-end=\"580\">20. <strong>Leo Lounela<\/strong>, Sverige\/ Beltrami TSA +4.18<\/li>\n<li data-start=\"465\" data-end=\"580\">26<strong> Nils Johansson<\/strong>, Sverige +4.54<\/li>\n<li data-start=\"465\" data-end=\"580\">47. <strong>Edvin Elofsson<\/strong>, Sverige\/ Allebike Factory Team +7.49<\/li>\n<\/ul>\n<p>I damernas U23-klass kom inte Allebike Factory team-cyklisten Tove Dandenell till start.<\/p>\n<h3>* * *<\/h3>\n<a href=\"https:\/\/scf.se\/mountainbike\/wp-content\/uploads\/sites\/6\/2025\/06\/ZwarOsterrike.jpg\"><img loading=\"lazy\" decoding=\"async\" class=\"alignnone size-full wp-image-7787\" src=\"https:\/\/scf.se\/mountainbike\/wp-content\/uploads\/sites\/6\/2025\/06\/ZwarOsterrike.jpg\" alt=\"\" width=\"744\" height=\"691\" srcset=\"https:\/\/scf.se\/mountainbike\/wp-content\/uploads\/sites\/6\/2025\/06\/ZwarOsterrike.jpg 744w, https:\/\/scf.se\/mountainbike\/wp-content\/uploads\/sites\/6\/2025\/06\/ZwarOsterrike-300x279.jpg 300w\" sizes=\"auto, (max-width: 744px) 100vw, 744px\" \/><\/a>\n<h2>Oliver Zwar forts\u00e4tter k\u00f6ra bra i v\u00e4rldscupen<\/h2>\n<p>I herrelitens downhill \u00e4r Oliver Zwar starkt p\u00e5 g\u00e5ng efter att ha varit sexa i kvalet och topp tio i finalen senast i v\u00e4rldscupen. S\u00e5 h\u00e4r gick det i Leogang d\u00e4r det var extremt t\u00e4tt i kvalet.<\/p>\n<h3>V\u00e4rldscupen DH herrelit \u2013 kval<\/h3>\n<ul>\n<li>1.<strong> Loris Vergier<\/strong>, Frankrike 3.02,481<\/li>\n<li>2. <strong>Jordan Williams<\/strong>, Storbritannien +0,687<\/li>\n<li>3. <strong>Amaury Pierron<\/strong>, Frankrike +0,773<\/li>\n<li>27.<strong> Oliver Zwar<\/strong>, Sverige \u2013 Orbea \/ FMD Racing \u00a0+3,462<\/li>\n<\/ul>\n<p>Det skilde\u00a0 knappt en halv sekund mellan 1 och 3 i l\u00f6rdagseftermiddagens v\u00e4rldscupfinal i Leogang. Jackson Goldstone knep segern f\u00f6re Loic Bruni \u2013 med 0,059 sekunders marginal \u2013 medan Henri Kiefer k\u00f6rde in drygt en halvsekund efter vinnaren.<\/p>\n<p data-start=\"614\" data-end=\"727\">Och vi fick, liksom f\u00f6rra VC-rundan i Frankrike, ett svenskt topp\u00e5k i \u00d6sterrike.\u00a0 Oliver Zwar k\u00f6rde in som 16:e man och tog 45 nya sk\u00f6na po\u00e4ng i v\u00e4rldscupen.<\/p>\n<p data-start=\"614\" data-end=\"727\">S\u00e5 h\u00e4r slutade det:<\/p>\n<h3 data-start=\"632\" data-end=\"665\">V\u00e4rldscupen DH herrelit \u2013 final<\/h3>\n<ul>\n<li data-start=\"762\" data-end=\"821\">1 <strong>Jackson Goldstone<\/strong>, Kanada \u2013 Santa Cruz Syndicate 2.57,229<\/li>\n<li data-start=\"825\" data-end=\"877\">2 <strong>Loic Bruni<\/strong>, Frankrike \u2013 Specialized Gravity +0,059<\/li>\n<li data-start=\"881\" data-end=\"941\">3 <strong>Henri Kiefer<\/strong>, Tyskland \u2013 Canyon CLLCTV Factory Team +0,535<\/li>\n<li data-start=\"946\" data-end=\"996\">16 <strong>Oliver Zwar<\/strong>, Sverige \u2013 Orbea \/ FMD Racing +3,072<\/li>\n<\/ul>\n<h3><em><strong>Alla resultat fr\u00e5n XCC, XCO och DH hittar ni h\u00e4r!<\/strong><\/em><\/h3>\n<h3>* * *<\/h3>\n<h2>Zakarias Blom Johansen sexa i s\u00f6ndagens enduro i Leogang<\/h2>\n<p>Det t\u00e4vlades \u00e4ven i enduro under detta VC-stopp i Saalfelden Leogang som ligger i Salzburgerland i \u00d6sterrike.<\/p>\n<p>Och i enduro var Zakarias Blom Johansen rej\u00e4lt snabb p\u00e5 ett par str\u00e4ckor. Han var bland annat tv\u00e5a p\u00e5 b\u00e5de den andra och den sista specialstr\u00e4ckan. D\u00e4rmed var Zakarias Blom Johansen under halvminuten fr\u00e5n segrande Jesse Melamed fr\u00e5n Kanada.<\/p>\n<p>Med i \u00d6sterrike var \u00e4ven Hugo Zetterlund som tyv\u00e4rr noterade en DNF i juniorklassen och s\u00e5 20-\u00e5rige Lo Zetterlund som var 63:a i senorelit bland de hela 100 som fullf\u00f6ljde herrelitklassen.<\/p>\n<h3 data-start=\"632\" data-end=\"665\">V\u00e4rldscupen enduro herrelit<\/h3>\n<ul>\n<li>1. <strong>Jesse Melamed<\/strong>, Kanada \u2013 Canyon CLLCTV Factory Team 24.46,028<\/li>\n<li>2.<strong> Charles Murray<\/strong>, Nya Zeeland \u2013 Specialized Gravity +0.13,980<\/li>\n<li>3. <strong>Slawomir Lukasik<\/strong>, Polen \u2013 Yeti \/ Fox Factory Race Team +0.19,539<\/li>\n<li>6.<strong> Zakarias Blom Johansen<\/strong>, Sverige \u2013 Cube Action Team +0.29,853<\/li>\n<li>63 <strong>Lo Zetterlund<\/strong>, Sverige +2.31,949<\/li>\n<\/ul>\n<h3><em><a href=\"https:\/\/mtbdata.com\/comp\/uci-mountain-bike-world-cup-xcoxccdhiedr-05-jun-08-jun-2025-saalfelden-leogang-salzburgerland\/men-elite-enduro\"><strong>Ni hittar alla resultat fr\u00e5n v\u00e4rldscupen i \u00d6sterrike h\u00e4r!<\/strong><\/a><\/em><\/h3>\n<p><em>Text: SCF<\/em><br \/>\n<em>Foto: Piper Albrecht, privat och FMD Racing<\/em><\/p>\n<p>&nbsp;<\/p>\n<h3><\/h3>\n","protected":false},"excerpt":{"rendered":"<p>MTB-v\u00e4rldscupen har under l\u00e5nghelgen befunnit sig i \u00f6sterrikiska Leogang. Inga landslagsuppdrag, men v\u00e4l svenska team\u00e5kare p\u00e5 plats. I XCO var Jenny Rissveds tia. \u00c4ven i XCC blev det en svensk topp tio-plats i form av Leo Lounela och i downhill forts\u00e4tter Oliver Zwar att visa att han \u00e4r tillbaka p\u00e5 en h\u00f6g niv\u00e5 i<a href=\"https:\/\/scf.se\/mountainbike\/rissveds-stod-for-en-av-tre-svenska-topp-tio-placeringar-i-leogangs-vc\/\" class=\"news-card__more\"> &#8230;<\/a><\/p>\n","protected":false},"author":41,"featured_media":7143,"comment_status":"open","ping_status":"open","sticky":false,"template":"","format":"standard","meta":{"_acf_changed":false,"footnotes":""},"categories":[1],"tags":[],"class_list":["post-7780","post","type-post","status-publish","format-standard","hentry","category-mountainbike"],"acf":[],"_links":{"self":[{"href":"https:\/\/scf.se\/mountainbike\/wp-json\/wp\/v2\/posts\/7780","targetHints":{"allow":["GET"]}}],"collection":[{"href":"https:\/\/scf.se\/mountainbike\/wp-json\/wp\/v2\/posts"}],"about":[{"href":"https:\/\/scf.se\/mountainbike\/wp-json\/wp\/v2\/types\/post"}],"author":[{"embeddable":true,"href":"https:\/\/scf.se\/mountainbike\/wp-json\/wp\/v2\/users\/41"}],"replies":[{"embeddable":true,"href":"https:\/\/scf.se\/mountainbike\/wp-json\/wp\/v2\/comments?post=7780"}],"version-history":[{"count":11,"href":"https:\/\/scf.se\/mountainbike\/wp-json\/wp\/v2\/posts\/7780\/revisions"}],"predecessor-version":[{"id":7799,"href":"https:\/\/scf.se\/mountainbike\/wp-json\/wp\/v2\/posts\/7780\/revisions\/7799"}],"wp:featuredmedia":[{"embeddable":true,"href":"https:\/\/scf.se\/mountainbike\/wp-json\/wp\/v2\/media\/7143"}],"wp:attachment":[{"href":"https:\/\/scf.se\/mountainbike\/wp-json\/wp\/v2\/media?parent=7780"}],"wp:term":[{"taxonomy":"category","embeddable":true,"href":"https:\/\/scf.se\/mountainbike\/wp-json\/wp\/v2\/categories?post=7780"},{"taxonomy":"post_tag","embeddable":true,"href":"https:\/\/scf.se\/mountainbike\/wp-json\/wp\/v2\/tags?post=7780"}],"curies":[{"name":"wp","href":"https:\/\/api.w.org\/{rel}","templated":true}]}}