
{"id":7744,"date":"2025-06-03T07:04:00","date_gmt":"2025-06-03T05:04:00","guid":{"rendered":"https:\/\/scf.se\/mountainbike\/?p=7744"},"modified":"2025-06-03T08:52:22","modified_gmt":"2025-06-03T06:52:22","slug":"tjejlager-inledde-spackad-mtb-helg-avslutades-med-swe-cup-pa-lugnet","status":"publish","type":"post","link":"https:\/\/scf.se\/mountainbike\/tjejlager-inledde-spackad-mtb-helg-avslutades-med-swe-cup-pa-lugnet\/","title":{"rendered":"Tjejl\u00e4ger inledde h\u00e4rlig MTB-helg \u2013 avslutades med SWE Cup p\u00e5 Lugnet"},"content":{"rendered":"<p><strong>Svenska Cykelf\u00f6rbundets tjejl\u00e4ger inledde sp\u00e4ckad MTB-helg i Falun, som avslutades med SWE Cup p\u00e5 Lugnet. Vad passade d\u00e5 b\u00e4ttre \u00e4n att f\u00e5 v\u00e4gledning i vad man ska t\u00e4nka p\u00e5 i flera av den tuffa XCO-banans tekniskt mest kr\u00e4vande partier.\u00a0\u00a0<\/strong><\/p>\n<p>Fokus p\u00e5 SCF:s tjejl\u00e4ger var just hur man cyklar SWE Cup-banan i Falun p\u00e5 b\u00e4sta s\u00e4tt n\u00e4r det g\u00e4ller sp\u00e5rval och teknik.<\/p>\n<a href=\"https:\/\/scf.se\/mountainbike\/wp-content\/uploads\/sites\/6\/2025\/06\/Tjejlagerkomplettering2.jpg\"><img loading=\"lazy\" decoding=\"async\" class=\"alignnone size-full wp-image-7761\" src=\"https:\/\/scf.se\/mountainbike\/wp-content\/uploads\/sites\/6\/2025\/06\/Tjejlagerkomplettering2.jpg\" alt=\"\" width=\"1280\" height=\"1003\" srcset=\"https:\/\/scf.se\/mountainbike\/wp-content\/uploads\/sites\/6\/2025\/06\/Tjejlagerkomplettering2.jpg 1280w, https:\/\/scf.se\/mountainbike\/wp-content\/uploads\/sites\/6\/2025\/06\/Tjejlagerkomplettering2-300x235.jpg 300w, https:\/\/scf.se\/mountainbike\/wp-content\/uploads\/sites\/6\/2025\/06\/Tjejlagerkomplettering2-1024x802.jpg 1024w, https:\/\/scf.se\/mountainbike\/wp-content\/uploads\/sites\/6\/2025\/06\/Tjejlagerkomplettering2-768x602.jpg 768w\" sizes=\"auto, (max-width: 1280px) 100vw, 1280px\" \/><\/a>\n<p>Tjejl\u00e4gret som inledde MTB-l\u00e5nghelgen i Falun 29\u201330 maj, var \u00f6ppet f\u00f6r 15 \u00e5r till senior. Och trots att datumen spikades sent var intresset stort f\u00f6r att ta del av i f\u00f6rsta hand Linn Gustafzzons alla tips.<\/p>\n<a href=\"https:\/\/scf.se\/mountainbike\/wp-content\/uploads\/sites\/6\/2025\/06\/Tjejlagerkomplettering1.jpg\"><img loading=\"lazy\" decoding=\"async\" class=\"alignnone size-full wp-image-7762\" src=\"https:\/\/scf.se\/mountainbike\/wp-content\/uploads\/sites\/6\/2025\/06\/Tjejlagerkomplettering1.jpg\" alt=\"\" width=\"877\" height=\"1280\" srcset=\"https:\/\/scf.se\/mountainbike\/wp-content\/uploads\/sites\/6\/2025\/06\/Tjejlagerkomplettering1.jpg 877w, https:\/\/scf.se\/mountainbike\/wp-content\/uploads\/sites\/6\/2025\/06\/Tjejlagerkomplettering1-206x300.jpg 206w, https:\/\/scf.se\/mountainbike\/wp-content\/uploads\/sites\/6\/2025\/06\/Tjejlagerkomplettering1-702x1024.jpg 702w, https:\/\/scf.se\/mountainbike\/wp-content\/uploads\/sites\/6\/2025\/06\/Tjejlagerkomplettering1-768x1121.jpg 768w\" sizes=\"auto, (max-width: 877px) 100vw, 877px\" \/><\/a>\n<blockquote><p>&#8221;Ja, det var 20 tjejer i ett \u00e5ldersspann mellan 15 och 22 \u00e5r som var med. Det var riktigt kul att se den tekniska niv\u00e5n de redan hade och energi att l\u00e4ra sig mera n\u00e4r Linn tog med dem ut p\u00e5 flera sv\u00e5ra sektioner&#8221;, s\u00e4ger f\u00f6rbundskaptenen David Eriksson som ocks\u00e5 fanns med i Falun.<\/p><\/blockquote>\n<a href=\"https:\/\/scf.se\/mountainbike\/wp-content\/uploads\/sites\/6\/2025\/06\/Tjejlagerkomplettering1.jpg\"><img loading=\"lazy\" decoding=\"async\" class=\"alignnone size-full wp-image-7762\" src=\"https:\/\/scf.se\/mountainbike\/wp-content\/uploads\/sites\/6\/2025\/06\/Tjejlagerkomplettering1.jpg\" alt=\"\" width=\"877\" height=\"1280\" srcset=\"https:\/\/scf.se\/mountainbike\/wp-content\/uploads\/sites\/6\/2025\/06\/Tjejlagerkomplettering1.jpg 877w, https:\/\/scf.se\/mountainbike\/wp-content\/uploads\/sites\/6\/2025\/06\/Tjejlagerkomplettering1-206x300.jpg 206w, https:\/\/scf.se\/mountainbike\/wp-content\/uploads\/sites\/6\/2025\/06\/Tjejlagerkomplettering1-702x1024.jpg 702w, https:\/\/scf.se\/mountainbike\/wp-content\/uploads\/sites\/6\/2025\/06\/Tjejlagerkomplettering1-768x1121.jpg 768w\" sizes=\"auto, (max-width: 877px) 100vw, 877px\" \/><\/a>\n<h3>* * *<\/h3>\n<p>Sedan visade f\u00f6rst\u00e5s Linn \u00e4ven n\u00e4r det drog ihop sig till SWE Cup hur man ska k\u00f6ra XCO-banan. Syster Moa Gustafzzon vann de b\u00e4gge desto j\u00e4mnare kamperna om andraplatserna\u00a0 b\u00e5de XCO och XCC. S\u00e5 h\u00e4r gick det p\u00e5 Lugnets XCO och XCC.<\/p>\n<h3><em>Lugnet XCO, damelit<\/em><\/h3>\n<ol>\n<li data-start=\"86\" data-end=\"137\"><em><strong data-start=\"86\" data-end=\"105\">Linn Gustafzzon<\/strong>, Bauhaus Sportklubb 1.23.35<\/em><\/li>\n<li data-start=\"141\" data-end=\"187\"><em><strong data-start=\"141\" data-end=\"159\">Moa Gustafzzon<\/strong>, Bauhaus Sportklubb +7.11<\/em><\/li>\n<li data-start=\"191\" data-end=\"251\"><em><strong data-start=\"191\" data-end=\"210\">Adele Palmqvist<\/strong>, Str\u00e4ngn\u00e4s CK\/Str\u00e4ngn\u00e4s Bilforum +7.35<\/em><\/li>\n<li data-start=\"299\" data-end=\"339\"><em><strong data-start=\"299\" data-end=\"317\">\u00c5sa Erlandsson<\/strong>, Varbergs MTB +9.49<\/em><\/li>\n<li data-start=\"343\" data-end=\"382\"><em><strong data-start=\"343\" data-end=\"360\">Elin Karlsson<\/strong>, Borl\u00e4nge CK +12.39<\/em><\/li>\n<li data-start=\"386\" data-end=\"429\"><em><strong data-start=\"386\" data-end=\"410\">Hedda Steine Gulholm<\/strong>, Follo SK +15.52<\/em><\/li>\n<\/ol>\n<h3><em>Lugnet XCO, damjunior<\/em><\/h3>\n<ol>\n<li data-start=\"97\" data-end=\"150\"><em><strong data-start=\"97\" data-end=\"116\">Elinore Nilsson<\/strong>, Lindgren Racing Club \u2013 1.07.47<\/em><\/li>\n<li data-start=\"154\" data-end=\"202\"><em><strong data-start=\"154\" data-end=\"172\">Linnea Nilsson<\/strong>, Lindgren Racing Club +0.29<\/em><\/li>\n<li data-start=\"206\" data-end=\"252\"><em><strong data-start=\"206\" data-end=\"220\">Elin \u00c5lsj\u00f6<\/strong>, L\u00e4nna Sport Cykelklubb +0.47<\/em><\/li>\n<li data-start=\"256\" data-end=\"295\"><em><strong data-start=\"256\" data-end=\"275\">Molly Evaldsson<\/strong>, Kv\u00e4nums IF +2.47<\/em><\/li>\n<li data-start=\"299\" data-end=\"336\"><em><strong data-start=\"299\" data-end=\"315\">Alva Felldin<\/strong>, V\u00e4ster\u00e5s CK +6.11<\/em><\/li>\n<li data-start=\"340\" data-end=\"380\"><em><strong data-start=\"340\" data-end=\"356\">Clara Widell<\/strong>, IKHP Huskvarna +7.29<\/em><\/li>\n<\/ol>\n<h3><em>Lugnet XCO, flickor 15-16<\/em><\/h3>\n<ol>\n<li data-start=\"186\" data-end=\"227\"><em><strong data-start=\"186\" data-end=\"201\">Lilly Temar<\/strong>, IKHP Huskvarna \u2013 40.02<\/em><\/li>\n<li data-start=\"231\" data-end=\"273\"><em><strong data-start=\"231\" data-end=\"251\">Linnea Andersson<\/strong>, Varbergs MTB +1.47<\/em><\/li>\n<li data-start=\"277\" data-end=\"321\"><em><strong data-start=\"277\" data-end=\"296\">Greta Andersson<\/strong>, Falu Cykelklubb +1.49<\/em><\/li>\n<li data-start=\"325\" data-end=\"369\"><em><strong data-start=\"325\" data-end=\"346\">Solveig Skj\u00e6rholt<\/strong>, SK RYE Sykkel +3.04<\/em><\/li>\n<li data-start=\"373\" data-end=\"417\"><em><strong data-start=\"373\" data-end=\"392\">Elsa Elf Boberg<\/strong>, Falu Cykelklubb +3.11<\/em><\/li>\n<li data-start=\"421\" data-end=\"457\"><em><strong data-start=\"421\" data-end=\"438\">Majken M\u00e4nner<\/strong>, CK Master +4.26<\/em><\/li>\n<\/ol>\n<a href=\"https:\/\/scf.se\/mountainbike\/wp-content\/uploads\/sites\/6\/2025\/06\/Linn12222.jpg\"><img loading=\"lazy\" decoding=\"async\" class=\"alignnone size-full wp-image-7757\" src=\"https:\/\/scf.se\/mountainbike\/wp-content\/uploads\/sites\/6\/2025\/06\/Linn12222.jpg\" alt=\"\" width=\"1148\" height=\"1280\" srcset=\"https:\/\/scf.se\/mountainbike\/wp-content\/uploads\/sites\/6\/2025\/06\/Linn12222.jpg 1148w, https:\/\/scf.se\/mountainbike\/wp-content\/uploads\/sites\/6\/2025\/06\/Linn12222-269x300.jpg 269w, https:\/\/scf.se\/mountainbike\/wp-content\/uploads\/sites\/6\/2025\/06\/Linn12222-918x1024.jpg 918w, https:\/\/scf.se\/mountainbike\/wp-content\/uploads\/sites\/6\/2025\/06\/Linn12222-768x856.jpg 768w\" sizes=\"auto, (max-width: 1148px) 100vw, 1148px\" \/><\/a>\n<h3><em>Lugnet XCC, damelit<\/em><\/h3>\n<ol>\n<li data-start=\"174\" data-end=\"223\"><em><strong data-start=\"174\" data-end=\"193\">Linn Gustafzzon<\/strong>, Bauhaus Sportklubb \u2013 21.07<\/em><\/li>\n<li data-start=\"227\" data-end=\"273\"><em><strong data-start=\"227\" data-end=\"245\">Moa Gustafzzon<\/strong>, Bauhaus Sportklubb +1.09<\/em><\/li>\n<li data-start=\"277\" data-end=\"323\"><em><strong data-start=\"277\" data-end=\"294\">Elin Karlsson<\/strong>, Borl\u00e4nge Cykelklubb +1.14<\/em><\/li>\n<li data-start=\"327\" data-end=\"387\"><em><strong data-start=\"327\" data-end=\"346\">Adele Palmqvist<\/strong>, Str\u00e4ngn\u00e4s CK\/Str\u00e4ngn\u00e4s Bilforum +1.16<\/em><\/li>\n<li data-start=\"391\" data-end=\"433\"><em><strong data-start=\"391\" data-end=\"415\">Hedda Steine Gulholm<\/strong>, Follo SK +2.50<\/em><\/li>\n<li data-start=\"437\" data-end=\"502\"><em><strong data-start=\"437\" data-end=\"455\">Tova Fridstr\u00f6m<\/strong>, Str\u00e4ngn\u00e4s CK\/Str\u00e4ngn\u00e4s Bilforum<\/em><\/li>\n<\/ol>\n<h3><em>Lugnet XCC, damjunior<\/em><\/h3>\n<ol>\n<li data-start=\"140\" data-end=\"191\"><em><strong data-start=\"140\" data-end=\"159\">Elinore Nilsson<\/strong>, Lindgren Racing Club \u2013 21.15<\/em><\/li>\n<li data-start=\"195\" data-end=\"241\"><em><strong data-start=\"195\" data-end=\"209\">Elin \u00c5lsj\u00f6<\/strong>, L\u00e4nna Sport Cykelklubb +0.04<\/em><\/li>\n<li data-start=\"245\" data-end=\"293\"><em><strong data-start=\"245\" data-end=\"263\">Linnea Nilsson<\/strong>, Lindgren Racing Club +0.15<\/em><\/li>\n<li data-start=\"297\" data-end=\"342\"><em><strong data-start=\"297\" data-end=\"316\">Thale Gjevestad<\/strong>, Nanset IF Sykkel +1.06<\/em><\/li>\n<li data-start=\"346\" data-end=\"383\"><em><strong data-start=\"346\" data-end=\"362\">Alva Felldin<\/strong>, V\u00e4ster\u00e5s CK +1.18<\/em><\/li>\n<li data-start=\"387\" data-end=\"423\"><em><strong data-start=\"387\" data-end=\"403\">Thea Persson<\/strong>, Kv\u00e4nums IF +1.26<\/em><\/li>\n<\/ol>\n<h3><em>Lugnet XCC, flickor 15-16<\/em><\/h3>\n<ol>\n<li data-start=\"187\" data-end=\"228\"><em><strong data-start=\"187\" data-end=\"202\">Lilly Temar<\/strong>, IKHP Huskvarna \u2013 13,27<\/em><\/li>\n<li data-start=\"232\" data-end=\"283\"><em><strong data-start=\"232\" data-end=\"252\">Linnea Andersson<\/strong>, Svealand cycling team +0,17<\/em><\/li>\n<li data-start=\"287\" data-end=\"323\"><em><strong data-start=\"287\" data-end=\"306\">Greta Andersson<\/strong>, Falu CK +0,21<\/em><\/li>\n<li data-start=\"327\" data-end=\"363\"><em><strong data-start=\"327\" data-end=\"344\">Majken M\u00e4nner<\/strong>, CK Master +0,42<\/em><\/li>\n<li data-start=\"367\" data-end=\"407\"><em><strong>Solveig Skj\u00e6rholt<\/strong>, SK Rye Sykkel +0,45<\/em><\/li>\n<li data-start=\"411\" data-end=\"449\"><em><strong data-start=\"411\" data-end=\"428\">Ellen Felldin<\/strong>, V\u00e4ster\u00e5s CK +0,48<\/em><\/li>\n<\/ol>\n<h3>* * *<\/h3>\n<a href=\"https:\/\/scf.se\/mountainbike\/wp-content\/uploads\/sites\/6\/2025\/06\/Leo111111.jpg\"><img loading=\"lazy\" decoding=\"async\" class=\"alignnone size-full wp-image-7758\" src=\"https:\/\/scf.se\/mountainbike\/wp-content\/uploads\/sites\/6\/2025\/06\/Leo111111.jpg\" alt=\"\" width=\"953\" height=\"799\" srcset=\"https:\/\/scf.se\/mountainbike\/wp-content\/uploads\/sites\/6\/2025\/06\/Leo111111.jpg 953w, https:\/\/scf.se\/mountainbike\/wp-content\/uploads\/sites\/6\/2025\/06\/Leo111111-300x252.jpg 300w, https:\/\/scf.se\/mountainbike\/wp-content\/uploads\/sites\/6\/2025\/06\/Leo111111-768x644.jpg 768w\" sizes=\"auto, (max-width: 953px) 100vw, 953px\" \/><\/a>\n<h2>Leo Lounela toppade b\u00e5de i XCC och XCO i herrelit<\/h2>\n<p>P\u00e5 herrsidan var det en rej\u00e4lt bra helg f\u00f6r Leo Lounela unga senioren. Han har radat upp starka XCO-lopp p\u00e5 tuffa banor i U23-v\u00e4rldscupen och Lugnet passar honom fint. Sedan vann Leo \u00e4ven XCC-loppet.<\/p>\n<p>S\u00e5 h\u00e4r slutade det i motsvarande herrklasser p\u00e5 Lugnet XCO och XCC.<\/p>\n<h3><em>Lugnet XCO, herrelit<\/em><\/h3>\n<ol>\n<li data-start=\"176\" data-end=\"232\"><em><strong data-start=\"176\" data-end=\"191\">Leo Lounela<\/strong>, Beltrami TSA \/ Str\u00e4ngn\u00e4s CK \u2013 1.19.49<\/em><\/li>\n<li data-start=\"236\" data-end=\"276\"><em><strong data-start=\"236\" data-end=\"252\">Erik H\u00e6gstad<\/strong>, Lillehammer CK +0.55<\/em><\/li>\n<li data-start=\"280\" data-end=\"332\"><em><strong data-start=\"280\" data-end=\"298\">Nils Johansson<\/strong>, Decathlon Misser Project +1.19<\/em><\/li>\n<li data-start=\"336\" data-end=\"376\"><em><strong data-start=\"336\" data-end=\"354\">Andr\u00e9 Eriksson<\/strong>, Varbergs MTB +1.55<\/em><\/li>\n<li data-start=\"380\" data-end=\"421\"><em><strong data-start=\"380\" data-end=\"402\">Ole Sigurd Rekdahl<\/strong>, Halden CK +1.55<\/em><\/li>\n<li data-start=\"425\" data-end=\"471\"><em><strong data-start=\"425\" data-end=\"440\">Anton Unger<\/strong>, Allebike Factory Team +2.32<\/em><\/li>\n<\/ol>\n<h3><em>Lugnet XCO, herrjunior<\/em><\/h3>\n<ol>\n<li data-start=\"160\" data-end=\"211\"><em><strong data-start=\"160\" data-end=\"177\">Olle Isaksson<\/strong>, Lindgren Racing Club \u2013 1.09.58<\/em><\/li>\n<li data-start=\"215\" data-end=\"259\"><em><strong data-start=\"215\" data-end=\"235\">Oscar Lorentsson<\/strong>, Anderstorps OK +0.07<\/em><\/li>\n<li data-start=\"263\" data-end=\"301\"><em><strong data-start=\"263\" data-end=\"277\">John Temar<\/strong>, IKHP Huskvarna +2.22<\/em><\/li>\n<li data-start=\"305\" data-end=\"352\"><em><strong data-start=\"305\" data-end=\"322\">Vile Torbrink<\/strong>, Lindgren Racing Club +2.36<\/em><\/li>\n<li data-start=\"356\" data-end=\"400\"><em><strong data-start=\"356\" data-end=\"374\">Felipe Vergara<\/strong>, Trollh\u00e4ttans SOK +4.26<\/em><\/li>\n<li data-start=\"404\" data-end=\"437\"><em><strong data-start=\"404\" data-end=\"424\">Jens Aksel Jorde<\/strong>, WO2 +4.38<\/em><\/li>\n<\/ol>\n<h3><em>Lugnet XCO, pojkar 15-16<\/em><\/h3>\n<ol>\n<li data-start=\"171\" data-end=\"210\"><em><strong data-start=\"171\" data-end=\"190\">Oliver Andersen<\/strong>, MTB T\u00e4by \u2013 45.38<\/em><\/li>\n<li data-start=\"214\" data-end=\"252\"><em><strong data-start=\"214\" data-end=\"233\">Albert Belforth<\/strong>, CK Master +0.24<\/em><\/li>\n<li data-start=\"256\" data-end=\"295\"><em><strong data-start=\"256\" data-end=\"270\">Isak Unger<\/strong>, Falu Cykelklubb +0.55<\/em><\/li>\n<li data-start=\"299\" data-end=\"336\"><em><strong data-start=\"299\" data-end=\"316\">Sigge L\u00f6fgren<\/strong>, Kv\u00e4nums IF +1.52<\/em><\/li>\n<li data-start=\"340\" data-end=\"382\"><em><strong data-start=\"340\" data-end=\"357\">Henry Deckner<\/strong>, Falu Cykelklubb +1.54<\/em><\/li>\n<li data-start=\"386\" data-end=\"431\"><em><strong data-start=\"386\" data-end=\"400\">Hugo S\u00f6der<\/strong>, Kopparberg Cykelklubb +2.04<\/em><\/li>\n<\/ol>\n<h3><em>Lugnet XCC, herrelit<\/em><\/h3>\n<ol>\n<li data-start=\"48\" data-end=\"102\"><em><strong data-start=\"48\" data-end=\"63\">Leo Lounela<\/strong>, Beltrami TSA \/ Str\u00e4ngn\u00e4s CK \u2013 21,34<\/em><\/li>\n<li data-start=\"106\" data-end=\"146\"><em><strong data-start=\"106\" data-end=\"124\">Andr\u00e9 Eriksson<\/strong>, Varbergs MTB +0,28<\/em><\/li>\n<li data-start=\"150\" data-end=\"188\"><em><strong data-start=\"150\" data-end=\"165\">Hugo Porath<\/strong>, Camp Dalsland +0,31<\/em><\/li>\n<li data-start=\"192\" data-end=\"238\"><em><strong data-start=\"192\" data-end=\"207\">Anton Unger<\/strong>, Allebike Factory Team +0,42<\/em><\/li>\n<li data-start=\"242\" data-end=\"281\"><em><strong data-start=\"242\" data-end=\"257\">Hugo Sandin<\/strong>, IKHP Huskvarna +0,44<\/em><\/li>\n<li data-start=\"285\" data-end=\"326\"><em><strong data-start=\"285\" data-end=\"305\">Andreas Dahlgren<\/strong>, Borl\u00e4nge CK +0,45<\/em><\/li>\n<\/ol>\n<h3><em>Lugnet XCC, herrjunior<\/em><\/h3>\n<ol>\n<li data-start=\"142\" data-end=\"191\"><em><strong data-start=\"142\" data-end=\"159\">Olle Isaksson<\/strong>, Lindgren Racing Club \u2013 20.36<\/em><\/li>\n<li data-start=\"195\" data-end=\"242\"><em><strong data-start=\"195\" data-end=\"212\">Vile Torbrink<\/strong>, Lindgren Racing Club +0.02<\/em><\/li>\n<li data-start=\"246\" data-end=\"302\"><em><strong data-start=\"246\" data-end=\"262\">Arvid Lind\u00e9n<\/strong>, \u00d6rebrocyklisterna \/ Team Norra +0.03<\/em><\/li>\n<li data-start=\"306\" data-end=\"343\"><em><strong data-start=\"306\" data-end=\"320\">Axel Adell<\/strong>, IF Hallby SOK +0.29<\/em><\/li>\n<li data-start=\"347\" data-end=\"380\"><em><strong data-start=\"347\" data-end=\"367\">Jens Aksel Jorde<\/strong>, WO2 +0.31<\/em><\/li>\n<li data-start=\"384\" data-end=\"428\"><em><strong data-start=\"384\" data-end=\"404\">Oscar Lorentsson<\/strong>, Anderstorps OK +0.32<\/em><\/li>\n<\/ol>\n<h3><em>Lugnet XCC, pojkar 15-16<\/em><\/h3>\n<ul>\n<li data-start=\"140\" data-end=\"179\"><em><strong data-start=\"140\" data-end=\"159\">Oliver Andersen<\/strong>, MTB T\u00e4by \u2013 13.58<\/em><\/li>\n<li data-start=\"183\" data-end=\"220\"><em><strong data-start=\"183\" data-end=\"200\">Sigge L\u00f6fgren<\/strong>, Kv\u00e4nums IF +0.01<\/em><\/li>\n<li data-start=\"224\" data-end=\"262\"><em><strong data-start=\"224\" data-end=\"243\">Albert Belforth<\/strong>, CK Master +0.06<\/em><\/li>\n<li data-start=\"266\" data-end=\"311\"><em><strong data-start=\"266\" data-end=\"280\">Hugo S\u00f6der<\/strong>, Kopparberg Cykelklubb +0.10<\/em><\/li>\n<li data-start=\"315\" data-end=\"346\"><em><strong data-start=\"315\" data-end=\"329\">Isak Unger<\/strong>, Falu CK +0.15<\/em><\/li>\n<li data-start=\"350\" data-end=\"391\"><em><strong data-start=\"350\" data-end=\"367\">Oscar L\u00f6vgren<\/strong>, IKHP Huskvarna +0.20<\/em><\/li>\n<\/ul>\n<h2>Kampen i SWE Cup-totalen g\u00e5r vidare i Borl\u00e4nge<\/h2>\n<p>Den fantastiska MTB-dubbelhelgen i Dalarna forts\u00e4tter med Borl\u00e4nge Tour p\u00e5 fredag! Och i dag tisdag klockan 16.00 \u00e4r sista anm\u00e4lan.<\/p>\n<p>Det kommer att delas ut mycket SWE Cup-po\u00e4ng d\u00e4r. Men efter de tre t\u00e4vlingsdagarna d\u00e4r kan vi kanske redan nu hitta n\u00e5gra klara SWE Cup-segrare. Det ser bra ut f\u00f6r Leo Lounela som toppar herrelit med \u00f6ver 300 po\u00e4ng till n\u00e4rmast jagande Andr\u00e9 Eriksson.<\/p>\n<p>I herrjunior \u00e4r det en superj\u00e4mn kamp; Oskar Lorentzon toppar men \u00e4r bara 35 po\u00e4ng f\u00f6re John Temar och s\u00e5 jagar Olle Isaksson.<\/p>\n<p>I damjunior har Elin \u00c5lsj\u00f6 k\u00f6rt alla delt\u00e4vlingar och toppar, men Linnea Nilsson som har ensiffriga resultat i Junior World Series i v\u00e5r jagar.<\/p>\n<p>Och till sist i damelit \u00e4r det tv\u00e5 cyklister som har k\u00f6rt rubbet som \u00e4r etta och tv\u00e5a. Borl\u00e4nges Elin Karlsson g\u00e5r in i hemmat\u00e4vlingen med 800 po\u00e4ng och toppar totaltabellen.<\/p>\n<ul>\n<li><a href=\"https:\/\/www.sportstiming.se\/event\/15909\/points?scoringId=2316\"><em><strong>Alla resultat fr\u00e5n s\u00e5v\u00e4l Lugnet som totalen hittar ni h\u00e4r!<\/strong><\/em>\u00a0<\/a><\/li>\n<\/ul>\n<h3>SWE Cup XCO\/XCC 2025<\/h3>\n<div>\n<p><strong>\u2714 Huskvarna #1:<\/strong> 25\u201327 april (Tour, XCT, XCO och XCC), <em><strong><a href=\"https:\/\/www.sportstiming.se\/event\/15599\">mer info och resultat.<\/a><\/strong><\/em><br \/>\n\u2714 <strong>S\u00e4ter #2:<\/strong> 3 maj (XCO<a href=\"https:\/\/www.sportstiming.se\/event\/15587\">), <\/a><em><strong><a href=\"https:\/\/www.sportstiming.se\/event\/15587\">mer info och resultat.<\/a><br \/>\n<\/strong><\/em>\u2714 <strong>G\u00f6teborg #3<\/strong>\u2013<strong>4:<\/strong> 10\u201311 maj (XCO och XCC).<br \/>\n<a href=\"https:\/\/www.sportstiming.se\/event\/15674\"><em><strong>Mer info och resultat XCO.\u00a0<\/strong><\/em><\/a><br \/>\n<a href=\"https:\/\/www.sportstiming.se\/event\/15675\"><strong><em>Mer info och resultat XCC.<\/em><\/strong><\/a><br \/>\n\u2714 <strong>Falun #5<\/strong>\u2013<strong>6:<\/strong> 31 maj\u20131 juni (XCO och XCC).<br \/>\n<em><a href=\"https:\/\/www.sportstiming.se\/event\/15908\"><strong>M<\/strong><\/a><strong><a href=\"https:\/\/www.sportstiming.se\/event\/15908\">er info och resultat XCO.<\/a><br \/>\n<a href=\"https:\/\/www.sportstiming.se\/event\/15909\">Mer info och resultat XCC.<\/a><\/strong><\/em><br \/>\n\u2714 <strong>Borl\u00e4nge #7:<\/strong> 6\u20138 juni (Tour, XCT, XCO och XCC). Efteranm\u00e4lan st\u00e4nger tisdag 3 juni klockan 16:00. <a href=\"https:\/\/www.sportstiming.se\/event\/15474\"><em><strong>mer info och anm\u00e4lan.<\/strong><\/em><\/a><br \/>\n\u2714 <strong>Sigtuna #8<\/strong>\u2013<strong>9:<\/strong> 23\u201324 augusti (XCO och XCC).<em><strong>.<\/strong><\/em><br \/>\n\u2714 <strong>Bor\u00e5s #10<\/strong>\u2013<strong>11:<\/strong> 20\u201321 september (XCO och XCC).<\/p>\n<\/div>\n<h2>Ungdoms- och juniorl\u00e4ger i Borl\u00e4nge 25\u201326 oktober<\/h2>\n<p>Tr\u00e4ningsl\u00e4ger riktat mot ungdomar till junior i Borl\u00e4nge\/Falun med Linn Gustafzzon som ansvarig ledare.<\/p>\n<p>Fler ledare kommer att tillkomma. L\u00e4gret kommer l\u00e4gga fokus p\u00e5 att ha kul p\u00e5 cykeln och det kommer avslutas med tr\u00e4ningst\u00e4vling p\u00e5 SM-banorna f\u00f6r 2027 i Borl\u00e4nge.<\/p>\n<p>Det \u00e4r en \u00f6ppen t\u00e4vling d\u00e4r \u00e4ven U23 och elit \u00e4r v\u00e4lkomna. Starter kommer att ske i \u00e5lderskategorier.<\/p>\n<p>Om du vill vara med p\u00e5 l\u00e4gret i Borl\u00e4nge \u00e4r det j\u00e4ttebra att mejla <em><strong>johan.nielsen@scf.se <\/strong><\/em>redan nu s\u00e5 vi vet intresset!<\/p>\n<p><em>Text: SCF<\/em><br \/>\n<em>Foto: SCF, privat och Cecilia Dahlgren<\/em><\/p>\n","protected":false},"excerpt":{"rendered":"<p>Svenska Cykelf\u00f6rbundets tjejl\u00e4ger inledde sp\u00e4ckad MTB-helg i Falun, som avslutades med SWE Cup p\u00e5 Lugnet. Vad passade d\u00e5 b\u00e4ttre \u00e4n att f\u00e5 v\u00e4gledning i vad man ska t\u00e4nka p\u00e5 i flera av den tuffa XCO-banans tekniskt mest kr\u00e4vande partier.\u00a0\u00a0 Fokus p\u00e5 SCF:s tjejl\u00e4ger var just hur man cyklar SWE Cup-banan i Falun p\u00e5 b\u00e4sta<a href=\"https:\/\/scf.se\/mountainbike\/tjejlager-inledde-spackad-mtb-helg-avslutades-med-swe-cup-pa-lugnet\/\" class=\"news-card__more\"> &#8230;<\/a><\/p>\n","protected":false},"author":41,"featured_media":7756,"comment_status":"open","ping_status":"open","sticky":true,"template":"","format":"standard","meta":{"_acf_changed":false,"footnotes":""},"categories":[1],"tags":[],"class_list":["post-7744","post","type-post","status-publish","format-standard","hentry","category-mountainbike"],"acf":[],"_links":{"self":[{"href":"https:\/\/scf.se\/mountainbike\/wp-json\/wp\/v2\/posts\/7744","targetHints":{"allow":["GET"]}}],"collection":[{"href":"https:\/\/scf.se\/mountainbike\/wp-json\/wp\/v2\/posts"}],"about":[{"href":"https:\/\/scf.se\/mountainbike\/wp-json\/wp\/v2\/types\/post"}],"author":[{"embeddable":true,"href":"https:\/\/scf.se\/mountainbike\/wp-json\/wp\/v2\/users\/41"}],"replies":[{"embeddable":true,"href":"https:\/\/scf.se\/mountainbike\/wp-json\/wp\/v2\/comments?post=7744"}],"version-history":[{"count":10,"href":"https:\/\/scf.se\/mountainbike\/wp-json\/wp\/v2\/posts\/7744\/revisions"}],"predecessor-version":[{"id":7764,"href":"https:\/\/scf.se\/mountainbike\/wp-json\/wp\/v2\/posts\/7744\/revisions\/7764"}],"wp:featuredmedia":[{"embeddable":true,"href":"https:\/\/scf.se\/mountainbike\/wp-json\/wp\/v2\/media\/7756"}],"wp:attachment":[{"href":"https:\/\/scf.se\/mountainbike\/wp-json\/wp\/v2\/media?parent=7744"}],"wp:term":[{"taxonomy":"category","embeddable":true,"href":"https:\/\/scf.se\/mountainbike\/wp-json\/wp\/v2\/categories?post=7744"},{"taxonomy":"post_tag","embeddable":true,"href":"https:\/\/scf.se\/mountainbike\/wp-json\/wp\/v2\/tags?post=7744"}],"curies":[{"name":"wp","href":"https:\/\/api.w.org\/{rel}","templated":true}]}}