
{"id":7668,"date":"2025-05-26T08:13:04","date_gmt":"2025-05-26T06:13:04","guid":{"rendered":"https:\/\/scf.se\/mountainbike\/?p=7668"},"modified":"2025-05-27T14:53:28","modified_gmt":"2025-05-27T12:53:28","slug":"vc-i-nove-mesto-elofsson-femma-i-xcc-och-lounela-bra-igen-i-xco","status":"publish","type":"post","link":"https:\/\/scf.se\/mountainbike\/vc-i-nove-mesto-elofsson-femma-i-xcc-och-lounela-bra-igen-i-xco\/","title":{"rendered":"V\u00e4rldscupen i Nove Mesto: Elofsson nosade p\u00e5 topp tre i XCC"},"content":{"rendered":"<p><strong>Edvin Elofsson, som k\u00f6r f\u00f6r Allebike Factory Team, \u00e4r en ruggigt snabb MTB-cyklist. Det visade han minst sagt i Nove Mestos XCC-lopp d\u00e4r han hela v\u00e4gen fanns med i kampen om segern och slutade femma. I s\u00f6ndagens avslutande XCO-lopp var Leo Lounela b\u00e4st placerad av gl\u00e4djande m\u00e5nga svenskar i det U23-loppet. Vi kan ocks\u00e5 notera nytt ensiffrigt resultat av Linnea Nilsson i Junior World Series.\u00a0<\/strong><\/p>\n<p>Leo Lounela, som i \u00e5r har bytt team till Beltrami TSA, var 23:a men det var t\u00e4tt och j\u00e4mnt hela v\u00e4gen. F\u00f6r Edvin Elofsson\u00a0 var det bara sekunder upp till kampen om topp tre, vilket verkligen var ett lyft.<\/p>\n<a href=\"https:\/\/scf.se\/mountainbike\/wp-content\/uploads\/sites\/6\/2025\/05\/NoveMesto1.jpg\"><img loading=\"lazy\" decoding=\"async\" class=\"alignnone size-full wp-image-7675\" src=\"https:\/\/scf.se\/mountainbike\/wp-content\/uploads\/sites\/6\/2025\/05\/NoveMesto1.jpg\" alt=\"\" width=\"1440\" height=\"960\" srcset=\"https:\/\/scf.se\/mountainbike\/wp-content\/uploads\/sites\/6\/2025\/05\/NoveMesto1.jpg 1440w, https:\/\/scf.se\/mountainbike\/wp-content\/uploads\/sites\/6\/2025\/05\/NoveMesto1-300x200.jpg 300w, https:\/\/scf.se\/mountainbike\/wp-content\/uploads\/sites\/6\/2025\/05\/NoveMesto1-1024x683.jpg 1024w, https:\/\/scf.se\/mountainbike\/wp-content\/uploads\/sites\/6\/2025\/05\/NoveMesto1-768x512.jpg 768w\" sizes=\"auto, (max-width: 1440px) 100vw, 1440px\" \/><\/a>\n<h3>V\u00e4rldscupen XCC herrar U23, Nove Mesto<\/h3>\n<ul>\n<li>1 <strong data-start=\"251\" data-end=\"270\">Gustav Pedersen<\/strong>, Danmark 20.35<\/li>\n<li>2 <strong data-start=\"290\" data-end=\"306\">Sondre Rokke<\/strong>, Norge +0.00<\/li>\n<li>3 <strong data-start=\"324\" data-end=\"345\">Elian Paccagnella<\/strong>, Italien +0.01<\/li>\n<li>5 <strong data-start=\"365\" data-end=\"383\">Edvin Elofsson<\/strong>, Sverige +0.03<\/li>\n<li>23 <strong data-start=\"404\" data-end=\"419\">Leo Lounela<\/strong>, Sverige +0.30<\/li>\n<\/ul>\n<p>Tove Dandenell, som i \u00e5r k\u00f6r f\u00f6r Allebike Factory Team, gjorde sitt f\u00f6rsta v\u00e4rldscuplopp i \u00e5r i damer U23 och slutade p\u00e5 plats 38.<\/p>\n<h3>V\u00e4rldscupen XCC damer U23, Nove Mesto<\/h3>\n<ul>\n<li>1 <strong data-start=\"76\" data-end=\"92\">Ava Holmgren<\/strong>, Kanada 20.43<\/li>\n<li>2 <strong data-start=\"111\" data-end=\"132\">Isabella Holmgren<\/strong>, Kanada +0.01<\/li>\n<li>3 <strong data-start=\"151\" data-end=\"167\">Ella MacPhee<\/strong>, Kanada +0.01<\/li>\n<li>38 <strong data-start=\"187\" data-end=\"205\">Tove Dandenell<\/strong>, Sverige<\/li>\n<\/ul>\n<h3>* * *<\/h3>\n<h2>Linnea Nilsson forts\u00e4tter med ensiffriga JWS-resultat<\/h2>\n<p>I Nove Mesto avgjordes ocks\u00e5 en ny delt\u00e4vling i Junior world series i XCO. Den tuffa banan, med m\u00e5nga h\u00f6jdmeter, passade inte ov\u00e4ntat Linne Nilsson bra. Hon forts\u00e4tter att leverera ensiffriga resultat.<\/p>\n<p>Elinore Nilsson, syster och teamkompis i Lindgren Racing Club, var p\u00e5 plats 20 i ett lopp som slutade s\u00e5 h\u00e4r i siffror.<\/p>\n<h3><a href=\"https:\/\/scf.se\/mountainbike\/wp-content\/uploads\/sites\/6\/2025\/05\/dddd.jpg\"><img loading=\"lazy\" decoding=\"async\" class=\"alignnone size-full wp-image-7633\" src=\"https:\/\/scf.se\/mountainbike\/wp-content\/uploads\/sites\/6\/2025\/05\/dddd.jpg\" alt=\"\" width=\"1169\" height=\"845\" srcset=\"https:\/\/scf.se\/mountainbike\/wp-content\/uploads\/sites\/6\/2025\/05\/dddd.jpg 1169w, https:\/\/scf.se\/mountainbike\/wp-content\/uploads\/sites\/6\/2025\/05\/dddd-300x217.jpg 300w, https:\/\/scf.se\/mountainbike\/wp-content\/uploads\/sites\/6\/2025\/05\/dddd-1024x740.jpg 1024w, https:\/\/scf.se\/mountainbike\/wp-content\/uploads\/sites\/6\/2025\/05\/dddd-768x555.jpg 768w\" sizes=\"auto, (max-width: 1169px) 100vw, 1169px\" \/><\/a><\/h3>\n<h3>Junior world series XCO, Nove Mesto<\/h3>\n<ul>\n<li>1 <strong>Barbora Bukovsk<\/strong>\u00e1, Tjeckien 55.33<\/li>\n<li>2 <strong>Rafaelle Carrier<\/strong>, Kanada +1.22<\/li>\n<li>3 <strong>Anja Grossmann<\/strong>, Schweiz +2.00<\/li>\n<li>8 <strong>Linnea Nilsson<\/strong>, Sverige +4.01<\/li>\n<li>20 <strong>Elinore Nilsson<\/strong>, Sverige +6.26<\/li>\n<\/ul>\n<h3>* * *<\/h3>\n<a href=\"https:\/\/scf.se\/mountainbike\/wp-content\/uploads\/sites\/6\/2025\/05\/Leo1234.jpg\"><img loading=\"lazy\" decoding=\"async\" class=\"alignnone size-full wp-image-7680\" src=\"https:\/\/scf.se\/mountainbike\/wp-content\/uploads\/sites\/6\/2025\/05\/Leo1234.jpg\" alt=\"\" width=\"1020\" height=\"1408\" srcset=\"https:\/\/scf.se\/mountainbike\/wp-content\/uploads\/sites\/6\/2025\/05\/Leo1234.jpg 1020w, https:\/\/scf.se\/mountainbike\/wp-content\/uploads\/sites\/6\/2025\/05\/Leo1234-217x300.jpg 217w, https:\/\/scf.se\/mountainbike\/wp-content\/uploads\/sites\/6\/2025\/05\/Leo1234-742x1024.jpg 742w, https:\/\/scf.se\/mountainbike\/wp-content\/uploads\/sites\/6\/2025\/05\/Leo1234-768x1060.jpg 768w\" sizes=\"auto, (max-width: 1020px) 100vw, 1020px\" \/><\/a>\n<h2>Lounela 16:e i totala v\u00e4rldscupen efter nytt stabilt XCO-lopp<\/h2>\n<p>Det var gl\u00e4djande m\u00e5nga cyklister p\u00e5 plats i sin olika team n\u00e4r U23-herrarnas XCO avslutade tre dagars t\u00e4vlande i Nove Mesto p\u00e5 sen s\u00f6ndagseftermiddag. H\u00e4r passade banan Leo Lounela bra och han blev mycket riktigt b\u00e4ste svensk. Han kommer fr\u00e5n tv\u00e5 stabila placeringar i Brasilien och fanns med p\u00e5 en liknande niv\u00e5 i loppet \u00e4ven n\u00e4r konkurrensen sk\u00e4rptes ytterligare. D\u00e4rmed \u00e4r Leo Lounela p\u00e5 plats 16 i totalen i U23-v\u00e4rldscupen.<\/p>\n<p>Bra k\u00f6rt \u00e4ven av duon fr\u00e5n Allebike Factory Team, XCC-femman Edvin Elofsson och Anton Unger. De var fyra minuter fr\u00e5n t\u00e4t, 1.40 efter Lounela och p\u00e5 platserna 31 och 34. Men bara att vara ett halvt dussin XCO-cyklister p\u00e5 h\u00f6g niv\u00e5 b\u00e5dar gott fram\u00f6ver n\u00e4r det g\u00e4ller att f\u00e5 in \u00e4ven herrcyklister h\u00f6gt upp i elitklassen \u2013 U23 har blivit tuffare de senaste \u00e5ren. S\u00e5 h\u00e4r slutade det i Nove Mesto.<\/p>\n<h3>V\u00e4rldscupen U23 XCO, Nove Mesto<\/h3>\n<ul>\n<li>1 <strong data-start=\"247\" data-end=\"262\">Paul Schehl<\/strong>, Tyskland 1.19.32<\/li>\n<li>2 <strong data-start=\"285\" data-end=\"313\">Rens Teunissen Van Manen<\/strong>, Nederl\u00e4nderna +0.00<\/li>\n<li>3 <strong data-start=\"339\" data-end=\"356\">Finn Treudler<\/strong>, Schweiz +0.12<\/li>\n<li>15 <strong data-start=\"377\" data-end=\"392\">Leo Lounela<\/strong>, Beltrami TSA\/Sverige +2.29<\/li>\n<li>31 <strong data-start=\"413\" data-end=\"431\">Edvin Elofsson<\/strong>, Sverige +4.10<\/li>\n<li>34 <strong data-start=\"452\" data-end=\"467\">Anton Unger<\/strong>, Sverige +4.16<\/li>\n<li>47 <strong data-start=\"488\" data-end=\"506\">Nils Johansson<\/strong>, Sverige +5.48<\/li>\n<li>69 <strong data-start=\"527\" data-end=\"546\">Markus Karlsson<\/strong>, Sverige +7.58<\/li>\n<li>78 <strong data-start=\"567\" data-end=\"582\">Hugo Sandin<\/strong>, Sverige<\/li>\n<\/ul>\n<a href=\"https:\/\/scf.se\/mountainbike\/wp-content\/uploads\/sites\/6\/2025\/05\/NoveMesto2.jpg\"><img loading=\"lazy\" decoding=\"async\" class=\"alignnone size-full wp-image-7674\" src=\"https:\/\/scf.se\/mountainbike\/wp-content\/uploads\/sites\/6\/2025\/05\/NoveMesto2.jpg\" alt=\"\" width=\"1000\" height=\"667\" srcset=\"https:\/\/scf.se\/mountainbike\/wp-content\/uploads\/sites\/6\/2025\/05\/NoveMesto2.jpg 1000w, https:\/\/scf.se\/mountainbike\/wp-content\/uploads\/sites\/6\/2025\/05\/NoveMesto2-300x200.jpg 300w, https:\/\/scf.se\/mountainbike\/wp-content\/uploads\/sites\/6\/2025\/05\/NoveMesto2-768x512.jpg 768w\" sizes=\"auto, (max-width: 1000px) 100vw, 1000px\" \/><\/a> <a href=\"https:\/\/scf.se\/mountainbike\/wp-content\/uploads\/sites\/6\/2025\/05\/NoveMesto4.jpg\"><img loading=\"lazy\" decoding=\"async\" class=\"alignnone size-full wp-image-7673\" src=\"https:\/\/scf.se\/mountainbike\/wp-content\/uploads\/sites\/6\/2025\/05\/NoveMesto4.jpg\" alt=\"\" width=\"667\" height=\"1000\" srcset=\"https:\/\/scf.se\/mountainbike\/wp-content\/uploads\/sites\/6\/2025\/05\/NoveMesto4.jpg 667w, https:\/\/scf.se\/mountainbike\/wp-content\/uploads\/sites\/6\/2025\/05\/NoveMesto4-200x300.jpg 200w\" sizes=\"auto, (max-width: 667px) 100vw, 667px\" \/><\/a>\n<h3>* * *<\/h3>\n<h2>Tove Dandenell gjorde stabilt XCO-lopp i Nove Mesto<\/h2>\n<a href=\"https:\/\/scf.se\/mountainbike\/wp-content\/uploads\/sites\/6\/2025\/05\/AU1A4904.jpg\"><img loading=\"lazy\" decoding=\"async\" class=\"alignnone size-full wp-image-7683\" src=\"https:\/\/scf.se\/mountainbike\/wp-content\/uploads\/sites\/6\/2025\/05\/AU1A4904.jpg\" alt=\"\" width=\"2500\" height=\"1667\" srcset=\"https:\/\/scf.se\/mountainbike\/wp-content\/uploads\/sites\/6\/2025\/05\/AU1A4904.jpg 2500w, https:\/\/scf.se\/mountainbike\/wp-content\/uploads\/sites\/6\/2025\/05\/AU1A4904-300x200.jpg 300w, https:\/\/scf.se\/mountainbike\/wp-content\/uploads\/sites\/6\/2025\/05\/AU1A4904-1024x683.jpg 1024w, https:\/\/scf.se\/mountainbike\/wp-content\/uploads\/sites\/6\/2025\/05\/AU1A4904-768x512.jpg 768w, https:\/\/scf.se\/mountainbike\/wp-content\/uploads\/sites\/6\/2025\/05\/AU1A4904-1536x1024.jpg 1536w, https:\/\/scf.se\/mountainbike\/wp-content\/uploads\/sites\/6\/2025\/05\/AU1A4904-2048x1366.jpg 2048w\" sizes=\"auto, (max-width: 2500px) 100vw, 2500px\" \/><\/a>\n<p>Tove Dandenell\u00a0 slutade p\u00e5 plats 50 i den stegrande U23-konkurrensen. Ett stabilt XCO-lopp av Allebike Factory Team-cyklisten, som p\u00e5 hemmaplan toppar SWE Cup-totalen.<\/p>\n<h3>V\u00e4rldscupen XCO damer U23, Nove Mesto<\/h3>\n<ul>\n<li>1 <strong data-start=\"215\" data-end=\"231\">Ella MacPhee<\/strong>, Kanada 1.20.19<\/li>\n<li>2 <strong data-start=\"252\" data-end=\"270\">Fiona Schibler<\/strong>, Schweiz +0.17<\/li>\n<li>3 <strong data-start=\"290\" data-end=\"309\">Sara Cortinovis<\/strong>, Italien +0.42<\/li>\n<li>50 <strong data-start=\"330\" data-end=\"348\">Tove Dandenell<\/strong>, Sverige<\/li>\n<\/ul>\n<h3>* * *<\/h3>\n<h2>Jenny Rissveds br\u00f6t XCO-lopp efter fantastisk start<\/h2>\n<p>Jenny Rissveds, som k\u00f6rde s\u00e5 starkt i brasilianska Arax\u00e1, kom inte till start i XCC i Nove Mesto och noterade tyv\u00e4rr en DNF i XCO-loppet.\u00a0 Rissveds, som i \u00e5r k\u00f6r f\u00f6r Canyon CLLCTV, fanns med i t\u00e4tstriden i b\u00f6rjan av f\u00f6rsta varvet efter en helt fantastisk startloop.<\/p>\n<p>Jenny, som var sjuk och missade l\u00f6rdagens XCC-lopp, tappade d\u00e4refter genom f\u00e4ltet och klev av cykeln vid slutet av det andra varvet. Inga v\u00e4rldscuppo\u00e4ng i Nove Mesto f\u00f6r Rissveds med andra ord efter ett XCO-lopp som slutade s\u00e5 h\u00e4r.<\/p>\n<h3>V\u00e4rldscupen XCO damelit, Nove Mesto<\/h3>\n<ul>\n<li data-start=\"63\" data-end=\"258\">1 <strong data-start=\"268\" data-end=\"290\">Mona Mitterwallner<\/strong>, \u00d6sterrike 1.29.32<\/li>\n<li data-start=\"63\" data-end=\"258\">2 <strong data-start=\"314\" data-end=\"332\">Samara Maxwell<\/strong>, Nya Zeeland +0.00<\/li>\n<li data-start=\"63\" data-end=\"258\">3 <strong data-start=\"356\" data-end=\"372\">Candice Lill<\/strong>, Sydafrika +0.25<\/li>\n<li data-start=\"63\" data-end=\"258\">DNF <strong data-start=\"396\" data-end=\"414\">Jenny Rissveds<\/strong>, Sverige<\/li>\n<\/ul>\n<p>N\u00e4sta v\u00e4rldscupstopp \u00e4r Saalfelden Leogang i \u00d6sterrike 5\u20138 juni.<\/p>\n<p><em>Text. SCF<br \/>\nFoto: Arkivbilder Jessica Blomqvist, Radek Kasik, Andrea Pialorsi,\u00a0 och privat<br \/>\n<\/em><\/p>\n","protected":false},"excerpt":{"rendered":"<p>Edvin Elofsson, som k\u00f6r f\u00f6r Allebike Factory Team, \u00e4r en ruggigt snabb MTB-cyklist. Det visade han minst sagt i Nove Mestos XCC-lopp d\u00e4r han hela v\u00e4gen fanns med i kampen om segern och slutade femma. I s\u00f6ndagens avslutande XCO-lopp var Leo Lounela b\u00e4st placerad av gl\u00e4djande m\u00e5nga svenskar i det U23-loppet. Vi kan ocks\u00e5<a href=\"https:\/\/scf.se\/mountainbike\/vc-i-nove-mesto-elofsson-femma-i-xcc-och-lounela-bra-igen-i-xco\/\" class=\"news-card__more\"> &#8230;<\/a><\/p>\n","protected":false},"author":41,"featured_media":7670,"comment_status":"open","ping_status":"open","sticky":true,"template":"","format":"standard","meta":{"_acf_changed":false,"footnotes":""},"categories":[1],"tags":[],"class_list":["post-7668","post","type-post","status-publish","format-standard","hentry","category-mountainbike"],"acf":[],"_links":{"self":[{"href":"https:\/\/scf.se\/mountainbike\/wp-json\/wp\/v2\/posts\/7668","targetHints":{"allow":["GET"]}}],"collection":[{"href":"https:\/\/scf.se\/mountainbike\/wp-json\/wp\/v2\/posts"}],"about":[{"href":"https:\/\/scf.se\/mountainbike\/wp-json\/wp\/v2\/types\/post"}],"author":[{"embeddable":true,"href":"https:\/\/scf.se\/mountainbike\/wp-json\/wp\/v2\/users\/41"}],"replies":[{"embeddable":true,"href":"https:\/\/scf.se\/mountainbike\/wp-json\/wp\/v2\/comments?post=7668"}],"version-history":[{"count":14,"href":"https:\/\/scf.se\/mountainbike\/wp-json\/wp\/v2\/posts\/7668\/revisions"}],"predecessor-version":[{"id":7694,"href":"https:\/\/scf.se\/mountainbike\/wp-json\/wp\/v2\/posts\/7668\/revisions\/7694"}],"wp:featuredmedia":[{"embeddable":true,"href":"https:\/\/scf.se\/mountainbike\/wp-json\/wp\/v2\/media\/7670"}],"wp:attachment":[{"href":"https:\/\/scf.se\/mountainbike\/wp-json\/wp\/v2\/media?parent=7668"}],"wp:term":[{"taxonomy":"category","embeddable":true,"href":"https:\/\/scf.se\/mountainbike\/wp-json\/wp\/v2\/categories?post=7668"},{"taxonomy":"post_tag","embeddable":true,"href":"https:\/\/scf.se\/mountainbike\/wp-json\/wp\/v2\/tags?post=7668"}],"curies":[{"name":"wp","href":"https:\/\/api.w.org\/{rel}","templated":true}]}}