
{"id":7551,"date":"2025-05-12T07:28:50","date_gmt":"2025-05-12T05:28:50","guid":{"rendered":"https:\/\/scf.se\/mountainbike\/?p=7551"},"modified":"2025-05-27T15:16:14","modified_gmt":"2025-05-27T13:16:14","slug":"oliwer-zwar-gav-stjarnglans-till-dh-sm-som-fick-massor-med-berom","status":"publish","type":"post","link":"https:\/\/scf.se\/mountainbike\/oliwer-zwar-gav-stjarnglans-till-dh-sm-som-fick-massor-med-berom\/","title":{"rendered":"Oliwer Zwar gav stj\u00e4rnglans till DH-SM som fick massor med ber\u00f6m"},"content":{"rendered":"<p><strong>Downhill-SM var ett av dragpl\u00e5stren till Isabike festival under det som ocks\u00e5 var andra dagen i inledande helgen av Stor-SM. Arrang\u00f6rerna hade f\u00e5tt fram en mycket fin bana som fock mycket ber\u00f6m av cyklisterna. Publiken fick bland annat se f\u00f6re detta VM-sexan Oliver Zwar, ML Sports, vinna herrelitklassen.<\/strong><\/p>\n<a href=\"https:\/\/scf.se\/mountainbike\/wp-content\/uploads\/sites\/6\/2025\/05\/IsabikeFestival2025_Downhill-03.jpg\"><img loading=\"lazy\" decoding=\"async\" class=\"alignnone size-full wp-image-7695\" src=\"https:\/\/scf.se\/mountainbike\/wp-content\/uploads\/sites\/6\/2025\/05\/IsabikeFestival2025_Downhill-03.jpg\" alt=\"\" width=\"1800\" height=\"1331\" srcset=\"https:\/\/scf.se\/mountainbike\/wp-content\/uploads\/sites\/6\/2025\/05\/IsabikeFestival2025_Downhill-03.jpg 1800w, https:\/\/scf.se\/mountainbike\/wp-content\/uploads\/sites\/6\/2025\/05\/IsabikeFestival2025_Downhill-03-300x222.jpg 300w, https:\/\/scf.se\/mountainbike\/wp-content\/uploads\/sites\/6\/2025\/05\/IsabikeFestival2025_Downhill-03-1024x757.jpg 1024w, https:\/\/scf.se\/mountainbike\/wp-content\/uploads\/sites\/6\/2025\/05\/IsabikeFestival2025_Downhill-03-768x568.jpg 768w, https:\/\/scf.se\/mountainbike\/wp-content\/uploads\/sites\/6\/2025\/05\/IsabikeFestival2025_Downhill-03-1536x1136.jpg 1536w\" sizes=\"auto, (max-width: 1800px) 100vw, 1800px\" \/><\/a>\n<p>Festivalen p\u00e5 Isaberg mountain resort motto var att ta del av det senaste p\u00e5 cykelhimlen och inspireras till \u00e4nnu mer cykling. N\u00e4r en redan fin bana, som enligt flera av cyklisterna passade b\u00e4ttre till DH-cyklarna \u00e4n enduro vilket inte \u00e4r ovidkommande p\u00e5 ett downhill-SM, fick f\u00f6rbli regnfri och f\u00f6rskonad fr\u00e5n skador blev det just rena cykelfesten.<\/p>\n<p>I herrelit ska de senaste \u00e5ren just skadedrabbade Oliver Zwar vara sn\u00e4ppet vassare \u00e4n resten av startf\u00e4ltet. S\u00e5 var det ocks\u00e5, men det blev riktigt underh\u00e5llande och sp\u00e4nnande om de \u00f6vriga platserna p\u00e5 podiet. Harry \u00c5berg var tv\u00e5a och Philip Fagerberg trea.<\/p>\n<p>P\u00e5 damsidan var G\u00f6teborgs stigcyklisters Tina Zorko ensam i sin klass och det var junioren Ella M\u00e5rtensson, Bor\u00e5s CA, som var snabbaste dam denna SM-s\u00f6ndag.<\/p>\n<p>Imponerande med n\u00e4sta 80 startande i P13\u201314 till h\u00e4r p\u00e5 bilden herrjuniorklassens Alexander Ehrin.<\/p>\n<a href=\"https:\/\/scf.se\/mountainbike\/wp-content\/uploads\/sites\/6\/2025\/05\/ssss.jpg\"><img loading=\"lazy\" decoding=\"async\" class=\"alignnone size-full wp-image-7566\" src=\"https:\/\/scf.se\/mountainbike\/wp-content\/uploads\/sites\/6\/2025\/05\/ssss.jpg\" alt=\"\" width=\"1266\" height=\"1280\" srcset=\"https:\/\/scf.se\/mountainbike\/wp-content\/uploads\/sites\/6\/2025\/05\/ssss.jpg 1266w, https:\/\/scf.se\/mountainbike\/wp-content\/uploads\/sites\/6\/2025\/05\/ssss-297x300.jpg 297w, https:\/\/scf.se\/mountainbike\/wp-content\/uploads\/sites\/6\/2025\/05\/ssss-1013x1024.jpg 1013w, https:\/\/scf.se\/mountainbike\/wp-content\/uploads\/sites\/6\/2025\/05\/ssss-768x776.jpg 768w\" sizes=\"auto, (max-width: 1266px) 100vw, 1266px\" \/><\/a>\n<p>Enbart P15\u201316 hade n\u00e4stan 40 till start. Flera cyklister i toppduellerna var dessutom rej\u00e4lt snabba och skulle ha placerat sig r\u00e4tt bra i herrelit.<\/p>\n<p>I alla fall tio duktiga tjejer i samma \u00e5ldersspann ger framtidshopp \u00e4ven om det \u00e4r projekt p\u00e5 g\u00e5ng f\u00f6r att f\u00e5 med fler tjejer i gravity.<\/p>\n<p>Svenska m\u00e4stare i de h\u00e4r klasserna blev Simon Carls\u00e9n (junior), Valter Axeland och Iris Fherm i 15\u201316 samt Ida Alexandersson, och Jon Dovemark i 13\u201314.<\/p>\n<h2 data-start=\"199\" data-end=\"238\"><strong data-start=\"205\" data-end=\"236\">SM Downhill 2025 \u2013 resultat finaler<\/strong><\/h2>\n<h3 data-start=\"366\" data-end=\"387\"><a href=\"https:\/\/scf.se\/mountainbike\/wp-content\/uploads\/sites\/6\/2025\/05\/DSC09728-2.jpg\"><img loading=\"lazy\" decoding=\"async\" class=\"alignnone size-full wp-image-7555\" src=\"https:\/\/scf.se\/mountainbike\/wp-content\/uploads\/sites\/6\/2025\/05\/DSC09728-2.jpg\" alt=\"\" width=\"2048\" height=\"1366\" srcset=\"https:\/\/scf.se\/mountainbike\/wp-content\/uploads\/sites\/6\/2025\/05\/DSC09728-2.jpg 2048w, https:\/\/scf.se\/mountainbike\/wp-content\/uploads\/sites\/6\/2025\/05\/DSC09728-2-300x200.jpg 300w, https:\/\/scf.se\/mountainbike\/wp-content\/uploads\/sites\/6\/2025\/05\/DSC09728-2-1024x683.jpg 1024w, https:\/\/scf.se\/mountainbike\/wp-content\/uploads\/sites\/6\/2025\/05\/DSC09728-2-768x512.jpg 768w, https:\/\/scf.se\/mountainbike\/wp-content\/uploads\/sites\/6\/2025\/05\/DSC09728-2-1536x1025.jpg 1536w\" sizes=\"auto, (max-width: 2048px) 100vw, 2048px\" \/><\/a><\/h3>\n<h3 data-start=\"366\" data-end=\"387\"><strong data-start=\"370\" data-end=\"385\">Herrar Elit<\/strong><\/h3>\n<ol>\n<li data-start=\"391\" data-end=\"427\"><strong data-start=\"391\" data-end=\"406\">Oliver Zwar<\/strong>, ML Sports 1:14,95<\/li>\n<li data-start=\"431\" data-end=\"470\"><strong data-start=\"431\" data-end=\"446\">Harry \u00c5berg<\/strong>, Anderstorps OK +3,31<\/li>\n<li data-start=\"474\" data-end=\"514\"><strong data-start=\"474\" data-end=\"494\">Philip Fagerberg<\/strong>, RND Racing +3,97<\/li>\n<li data-start=\"518\" data-end=\"554\"><strong data-start=\"518\" data-end=\"535\">Olle Eriksson<\/strong>, CK Master +4,14<\/li>\n<li data-start=\"558\" data-end=\"597\"><strong data-start=\"558\" data-end=\"573\">Johan Widen<\/strong>, CK Naten S\u00e4ter +4,94<\/li>\n<li data-start=\"601\" data-end=\"635\"><strong data-start=\"601\" data-end=\"617\">Malte \u00c5sberg<\/strong>, J\u00e4rbo IF +5,03<\/li>\n<\/ol>\n<h3 data-start=\"286\" data-end=\"306\"><strong data-start=\"290\" data-end=\"304\">Damer Elit<\/strong><\/h3>\n<ol data-start=\"307\" data-end=\"359\">\n<li data-start=\"307\" data-end=\"359\">\n<p data-start=\"310\" data-end=\"359\"><strong data-start=\"310\" data-end=\"324\">Tina Zorko<\/strong>, G\u00f6teborgs stigcyklister 2:45,42<\/p>\n<\/li>\n<\/ol>\n<h3 data-start=\"960\" data-end=\"994\"><a href=\"https:\/\/scf.se\/mountainbike\/wp-content\/uploads\/sites\/6\/2025\/05\/DSC09637.jpg\"><img loading=\"lazy\" decoding=\"async\" class=\"alignnone size-full wp-image-7557\" src=\"https:\/\/scf.se\/mountainbike\/wp-content\/uploads\/sites\/6\/2025\/05\/DSC09637.jpg\" alt=\"\" width=\"2048\" height=\"1365\" srcset=\"https:\/\/scf.se\/mountainbike\/wp-content\/uploads\/sites\/6\/2025\/05\/DSC09637.jpg 2048w, https:\/\/scf.se\/mountainbike\/wp-content\/uploads\/sites\/6\/2025\/05\/DSC09637-300x200.jpg 300w, https:\/\/scf.se\/mountainbike\/wp-content\/uploads\/sites\/6\/2025\/05\/DSC09637-1024x683.jpg 1024w, https:\/\/scf.se\/mountainbike\/wp-content\/uploads\/sites\/6\/2025\/05\/DSC09637-768x512.jpg 768w, https:\/\/scf.se\/mountainbike\/wp-content\/uploads\/sites\/6\/2025\/05\/DSC09637-1536x1024.jpg 1536w\" sizes=\"auto, (max-width: 2048px) 100vw, 2048px\" \/><\/a><\/h3>\n<h3 data-start=\"960\" data-end=\"994\"><strong data-start=\"1005\" data-end=\"1021\">Damer Junior<\/strong><\/h3>\n<ol>\n<li data-start=\"1027\" data-end=\"1066\"><strong data-start=\"1027\" data-end=\"1046\">Ella M\u00e5rtensson<\/strong>, Bor\u00e5s CA 1:45,62<\/li>\n<li data-start=\"1070\" data-end=\"1107\"><strong data-start=\"1070\" data-end=\"1094\">Margr\u00e9t Magn\u00fasd\u00f3ttir<\/strong>, HFR +8,84<\/li>\n<li data-start=\"1111\" data-end=\"1153\"><strong data-start=\"1111\" data-end=\"1129\">Mimmi Leiderth<\/strong>, Ulricehamn CK +14,57<\/li>\n<\/ol>\n<h3 data-start=\"1160\" data-end=\"1183\"><a href=\"https:\/\/scf.se\/mountainbike\/wp-content\/uploads\/sites\/6\/2025\/05\/DSC09676.jpg\"><img loading=\"lazy\" decoding=\"async\" class=\"alignnone size-full wp-image-7556\" src=\"https:\/\/scf.se\/mountainbike\/wp-content\/uploads\/sites\/6\/2025\/05\/DSC09676.jpg\" alt=\"\" width=\"2048\" height=\"1365\" srcset=\"https:\/\/scf.se\/mountainbike\/wp-content\/uploads\/sites\/6\/2025\/05\/DSC09676.jpg 2048w, https:\/\/scf.se\/mountainbike\/wp-content\/uploads\/sites\/6\/2025\/05\/DSC09676-300x200.jpg 300w, https:\/\/scf.se\/mountainbike\/wp-content\/uploads\/sites\/6\/2025\/05\/DSC09676-1024x683.jpg 1024w, https:\/\/scf.se\/mountainbike\/wp-content\/uploads\/sites\/6\/2025\/05\/DSC09676-768x512.jpg 768w, https:\/\/scf.se\/mountainbike\/wp-content\/uploads\/sites\/6\/2025\/05\/DSC09676-1536x1024.jpg 1536w\" sizes=\"auto, (max-width: 2048px) 100vw, 2048px\" \/><\/a><\/h3>\n<h3 data-start=\"1160\" data-end=\"1183\"><strong data-start=\"1164\" data-end=\"1181\">Herrar Junior<\/strong><\/h3>\n<ol>\n<li><strong data-start=\"1187\" data-end=\"1204\">Simon Carls\u00e9n<\/strong>, Ulricehamns CK 1:19,68<\/li>\n<li><strong data-start=\"1234\" data-end=\"1260\">Milton L\u00f6fstr\u00f6m Therm\u00e9<\/strong>, Bauhaus CK +1,96<\/li>\n<li><strong data-start=\"1284\" data-end=\"1302\">Frans Sandberg<\/strong>, Falk\u00f6ping CK +4,79<\/li>\n<li><strong data-start=\"1328\" data-end=\"1342\">Linus Ryde<\/strong>, CK Master +4,93<\/li>\n<li><strong data-start=\"1365\" data-end=\"1384\">Alexander Ehrin<\/strong>, Str\u00e4ngn\u00e4s CK +5,75<\/li>\n<li data-start=\"1410\" data-end=\"1471\"><strong data-start=\"1410\" data-end=\"1429\">Malte G\u00f6ransson<\/strong>, S\u00f6lvesborgs Cykel och Sportklubb +7,24<\/li>\n<\/ol>\n<h3 data-start=\"1478\" data-end=\"1501\"><a href=\"https:\/\/scf.se\/mountainbike\/wp-content\/uploads\/sites\/6\/2025\/05\/DSC09535.jpg\"><img loading=\"lazy\" decoding=\"async\" class=\"alignnone size-full wp-image-7561\" src=\"https:\/\/scf.se\/mountainbike\/wp-content\/uploads\/sites\/6\/2025\/05\/DSC09535.jpg\" alt=\"\" width=\"2048\" height=\"1365\" srcset=\"https:\/\/scf.se\/mountainbike\/wp-content\/uploads\/sites\/6\/2025\/05\/DSC09535.jpg 2048w, https:\/\/scf.se\/mountainbike\/wp-content\/uploads\/sites\/6\/2025\/05\/DSC09535-300x200.jpg 300w, https:\/\/scf.se\/mountainbike\/wp-content\/uploads\/sites\/6\/2025\/05\/DSC09535-1024x683.jpg 1024w, https:\/\/scf.se\/mountainbike\/wp-content\/uploads\/sites\/6\/2025\/05\/DSC09535-768x512.jpg 768w, https:\/\/scf.se\/mountainbike\/wp-content\/uploads\/sites\/6\/2025\/05\/DSC09535-1536x1024.jpg 1536w\" sizes=\"auto, (max-width: 2048px) 100vw, 2048px\" \/><\/a><\/h3>\n<h3 data-start=\"1478\" data-end=\"1501\"><strong data-start=\"1482\" data-end=\"1499\">Flickor 15\u201316<\/strong><\/h3>\n<ol>\n<li data-start=\"1505\" data-end=\"1545\"><strong data-start=\"1505\" data-end=\"1519\">Iris Fherm<\/strong>, Ulricehamns CK 1:55,79<\/li>\n<li data-start=\"1505\" data-end=\"1545\"><strong>Stina P\u00e5lsson<\/strong>, Team Kung\u00e4lv +1:35,95<\/li>\n<\/ol>\n<a href=\"https:\/\/scf.se\/mountainbike\/wp-content\/uploads\/sites\/6\/2025\/05\/DSC09549.jpg\"><img loading=\"lazy\" decoding=\"async\" class=\"alignnone size-full wp-image-7560\" src=\"https:\/\/scf.se\/mountainbike\/wp-content\/uploads\/sites\/6\/2025\/05\/DSC09549.jpg\" alt=\"\" width=\"2048\" height=\"1365\" srcset=\"https:\/\/scf.se\/mountainbike\/wp-content\/uploads\/sites\/6\/2025\/05\/DSC09549.jpg 2048w, https:\/\/scf.se\/mountainbike\/wp-content\/uploads\/sites\/6\/2025\/05\/DSC09549-300x200.jpg 300w, https:\/\/scf.se\/mountainbike\/wp-content\/uploads\/sites\/6\/2025\/05\/DSC09549-1024x683.jpg 1024w, https:\/\/scf.se\/mountainbike\/wp-content\/uploads\/sites\/6\/2025\/05\/DSC09549-768x512.jpg 768w, https:\/\/scf.se\/mountainbike\/wp-content\/uploads\/sites\/6\/2025\/05\/DSC09549-1536x1024.jpg 1536w\" sizes=\"auto, (max-width: 2048px) 100vw, 2048px\" \/><\/a>\n<h3 data-start=\"1812\" data-end=\"1834\"><strong data-start=\"1816\" data-end=\"1832\">Pojkar 15\u201316<\/strong><\/h3>\n<ol>\n<li data-start=\"1838\" data-end=\"1876\"><strong data-start=\"1838\" data-end=\"1856\">Valter Axeland<\/strong>, Bor\u00e5s CA 1:21,82<\/li>\n<li data-start=\"1880\" data-end=\"1927\"><strong data-start=\"1880\" data-end=\"1895\">Elias Landh<\/strong>, The Unit \/ Velodrom CK +2,30<\/li>\n<li data-start=\"1931\" data-end=\"1965\"><strong data-start=\"1931\" data-end=\"1949\">Anton Bj\u00f6rnson<\/strong>, CK Fix +3,50<\/li>\n<li data-start=\"1969\" data-end=\"2011\"><strong data-start=\"1969\" data-end=\"1992\">Viktor Alwin Olsson<\/strong>, Eker\u00f6 MTB +5,33<\/li>\n<li data-start=\"2015\" data-end=\"2054\"><strong data-start=\"2015\" data-end=\"2036\">Oliwer Eckerstr\u00f6m<\/strong>, Bor\u00e5s CA +5,58<\/li>\n<li data-start=\"2058\" data-end=\"2098\"><strong data-start=\"2058\" data-end=\"2073\">Elis Ogemar<\/strong>, Falu Cykelklubb +6,33<\/li>\n<\/ol>\n<h3 data-start=\"1598\" data-end=\"1621\">\u00a0<a href=\"https:\/\/scf.se\/mountainbike\/wp-content\/uploads\/sites\/6\/2025\/05\/DSC09475.jpg\"><img loading=\"lazy\" decoding=\"async\" class=\"alignnone size-full wp-image-7563\" src=\"https:\/\/scf.se\/mountainbike\/wp-content\/uploads\/sites\/6\/2025\/05\/DSC09475.jpg\" alt=\"\" width=\"2048\" height=\"1365\" srcset=\"https:\/\/scf.se\/mountainbike\/wp-content\/uploads\/sites\/6\/2025\/05\/DSC09475.jpg 2048w, https:\/\/scf.se\/mountainbike\/wp-content\/uploads\/sites\/6\/2025\/05\/DSC09475-300x200.jpg 300w, https:\/\/scf.se\/mountainbike\/wp-content\/uploads\/sites\/6\/2025\/05\/DSC09475-1024x683.jpg 1024w, https:\/\/scf.se\/mountainbike\/wp-content\/uploads\/sites\/6\/2025\/05\/DSC09475-768x512.jpg 768w, https:\/\/scf.se\/mountainbike\/wp-content\/uploads\/sites\/6\/2025\/05\/DSC09475-1536x1024.jpg 1536w\" sizes=\"auto, (max-width: 2048px) 100vw, 2048px\" \/><\/a><\/h3>\n<h3 data-start=\"1598\" data-end=\"1621\"><strong data-start=\"1602\" data-end=\"1619\">Flickor 13\u201314<\/strong><\/h3>\n<ol>\n<li data-start=\"1625\" data-end=\"1672\"><strong data-start=\"1625\" data-end=\"1646\">Ida Alexandersson<\/strong>, Anderstorps OK 2:26,28<\/li>\n<li data-start=\"1676\" data-end=\"1704\"><strong data-start=\"1676\" data-end=\"1688\">Alice Ek<\/strong>, CK Fix +4,21<\/li>\n<li data-start=\"1708\" data-end=\"1759\"><strong data-start=\"1708\" data-end=\"1722\">Ebba Melin<\/strong>, Friluftsfr\u00e4mjandet V\u00e4rnamo +35,99<\/li>\n<\/ol>\n<h3 data-start=\"1598\" data-end=\"1621\"><a href=\"https:\/\/scf.se\/mountainbike\/wp-content\/uploads\/sites\/6\/2025\/05\/DSC09506.jpg\"><img loading=\"lazy\" decoding=\"async\" class=\"alignnone size-full wp-image-7562\" src=\"https:\/\/scf.se\/mountainbike\/wp-content\/uploads\/sites\/6\/2025\/05\/DSC09506.jpg\" alt=\"\" width=\"2048\" height=\"1365\" srcset=\"https:\/\/scf.se\/mountainbike\/wp-content\/uploads\/sites\/6\/2025\/05\/DSC09506.jpg 2048w, https:\/\/scf.se\/mountainbike\/wp-content\/uploads\/sites\/6\/2025\/05\/DSC09506-300x200.jpg 300w, https:\/\/scf.se\/mountainbike\/wp-content\/uploads\/sites\/6\/2025\/05\/DSC09506-1024x683.jpg 1024w, https:\/\/scf.se\/mountainbike\/wp-content\/uploads\/sites\/6\/2025\/05\/DSC09506-768x512.jpg 768w, https:\/\/scf.se\/mountainbike\/wp-content\/uploads\/sites\/6\/2025\/05\/DSC09506-1536x1024.jpg 1536w\" sizes=\"auto, (max-width: 2048px) 100vw, 2048px\" \/><\/a><\/h3>\n<h3 data-start=\"2105\" data-end=\"2127\"><strong data-start=\"2109\" data-end=\"2125\">Pojkar 13\u201314<\/strong><\/h3>\n<ol>\n<li data-start=\"2131\" data-end=\"2171\"><strong data-start=\"2131\" data-end=\"2147\">Jon Dovemark<\/strong>, Varbergs MTB 1:22,69<\/li>\n<li data-start=\"2175\" data-end=\"2220\"><strong data-start=\"2175\" data-end=\"2192\">Selver Ullman<\/strong>, Bikefix\/FK Trampen +1,17<\/li>\n<li data-start=\"2224\" data-end=\"2258\"><strong data-start=\"2224\" data-end=\"2241\">Alvar Bastman<\/strong>, CK Uven +8,53<\/li>\n<li data-start=\"2262\" data-end=\"2306\"><strong data-start=\"2262\" data-end=\"2283\">Lukas Mikalauskas<\/strong>, Varbergs MTB +11,11<\/li>\n<li data-start=\"2310\" data-end=\"2347\"><strong data-start=\"2310\" data-end=\"2327\">Nils Sj\u00f6stedt<\/strong>, CK Master +12,23<\/li>\n<li data-start=\"2351\" data-end=\"2396\"><strong data-start=\"2351\" data-end=\"2366\">Olle Wiberg<\/strong>, V\u00e4xj\u00f6 Stigcyklister +15,75<\/li>\n<\/ol>\n<h3 data-start=\"642\" data-end=\"660\"><a href=\"https:\/\/scf.se\/mountainbike\/wp-content\/uploads\/sites\/6\/2025\/05\/DSC09576.jpg\"><img loading=\"lazy\" decoding=\"async\" class=\"alignnone size-full wp-image-7559\" src=\"https:\/\/scf.se\/mountainbike\/wp-content\/uploads\/sites\/6\/2025\/05\/DSC09576.jpg\" alt=\"\" width=\"2048\" height=\"1365\" srcset=\"https:\/\/scf.se\/mountainbike\/wp-content\/uploads\/sites\/6\/2025\/05\/DSC09576.jpg 2048w, https:\/\/scf.se\/mountainbike\/wp-content\/uploads\/sites\/6\/2025\/05\/DSC09576-300x200.jpg 300w, https:\/\/scf.se\/mountainbike\/wp-content\/uploads\/sites\/6\/2025\/05\/DSC09576-1024x683.jpg 1024w, https:\/\/scf.se\/mountainbike\/wp-content\/uploads\/sites\/6\/2025\/05\/DSC09576-768x512.jpg 768w, https:\/\/scf.se\/mountainbike\/wp-content\/uploads\/sites\/6\/2025\/05\/DSC09576-1536x1024.jpg 1536w\" sizes=\"auto, (max-width: 2048px) 100vw, 2048px\" \/><\/a><\/h3>\n<h3 data-start=\"642\" data-end=\"660\"><strong data-start=\"646\" data-end=\"658\">Damer 30<\/strong><\/h3>\n<ol data-start=\"661\" data-end=\"704\">\n<li data-start=\"661\" data-end=\"704\">\n<p data-start=\"664\" data-end=\"704\"><strong data-start=\"664\" data-end=\"682\">Maria Kronvall<\/strong>, FK Trampen 2:32,94<\/p>\n<\/li>\n<\/ol>\n<h3 data-start=\"711\" data-end=\"730\"><a href=\"https:\/\/scf.se\/mountainbike\/wp-content\/uploads\/sites\/6\/2025\/05\/DSC09598.jpg\"><img loading=\"lazy\" decoding=\"async\" class=\"alignnone size-full wp-image-7558\" src=\"https:\/\/scf.se\/mountainbike\/wp-content\/uploads\/sites\/6\/2025\/05\/DSC09598.jpg\" alt=\"\" width=\"2048\" height=\"1365\" srcset=\"https:\/\/scf.se\/mountainbike\/wp-content\/uploads\/sites\/6\/2025\/05\/DSC09598.jpg 2048w, https:\/\/scf.se\/mountainbike\/wp-content\/uploads\/sites\/6\/2025\/05\/DSC09598-300x200.jpg 300w, https:\/\/scf.se\/mountainbike\/wp-content\/uploads\/sites\/6\/2025\/05\/DSC09598-1024x683.jpg 1024w, https:\/\/scf.se\/mountainbike\/wp-content\/uploads\/sites\/6\/2025\/05\/DSC09598-768x512.jpg 768w, https:\/\/scf.se\/mountainbike\/wp-content\/uploads\/sites\/6\/2025\/05\/DSC09598-1536x1024.jpg 1536w\" sizes=\"auto, (max-width: 2048px) 100vw, 2048px\" \/><\/a><\/h3>\n<h3 data-start=\"711\" data-end=\"730\"><strong data-start=\"715\" data-end=\"728\">Herrar 30<\/strong><\/h3>\n<ol>\n<li data-start=\"734\" data-end=\"778\"><strong data-start=\"734\" data-end=\"748\">Anton L\u00f6nn<\/strong>, Racing Bike Sweden 1:30,95<\/li>\n<li data-start=\"782\" data-end=\"824\"><strong data-start=\"782\" data-end=\"799\">Oliver Barton<\/strong>, Saltsj\u00f6baden CK +3,15<\/li>\n<li data-start=\"828\" data-end=\"864\"><strong data-start=\"828\" data-end=\"847\">Gustaf Aspegren<\/strong>, CK Fix +14,90<\/li>\n<li data-start=\"868\" data-end=\"910\"><strong data-start=\"868\" data-end=\"885\">Simon Axeland<\/strong>, Ulricehamns CK +19,98<\/li>\n<li data-start=\"914\" data-end=\"956\"><strong data-start=\"914\" data-end=\"931\">Isak Lindberg<\/strong>, Team Albert CK +24,71<\/li>\n<li data-start=\"960\" data-end=\"994\"><strong data-start=\"960\" data-end=\"977\">Johan Friberg<\/strong>, CK Fix +24,79<\/li>\n<\/ol>\n<h3 data-start=\"1598\" data-end=\"1621\"><a href=\"https:\/\/scf.se\/mountainbike\/wp-content\/uploads\/sites\/6\/2025\/05\/DSC09447.jpg\"><img loading=\"lazy\" decoding=\"async\" class=\"alignnone size-full wp-image-7564\" src=\"https:\/\/scf.se\/mountainbike\/wp-content\/uploads\/sites\/6\/2025\/05\/DSC09447.jpg\" alt=\"\" width=\"2048\" height=\"1365\" srcset=\"https:\/\/scf.se\/mountainbike\/wp-content\/uploads\/sites\/6\/2025\/05\/DSC09447.jpg 2048w, https:\/\/scf.se\/mountainbike\/wp-content\/uploads\/sites\/6\/2025\/05\/DSC09447-300x200.jpg 300w, https:\/\/scf.se\/mountainbike\/wp-content\/uploads\/sites\/6\/2025\/05\/DSC09447-1024x683.jpg 1024w, https:\/\/scf.se\/mountainbike\/wp-content\/uploads\/sites\/6\/2025\/05\/DSC09447-768x512.jpg 768w, https:\/\/scf.se\/mountainbike\/wp-content\/uploads\/sites\/6\/2025\/05\/DSC09447-1536x1024.jpg 1536w\" sizes=\"auto, (max-width: 2048px) 100vw, 2048px\" \/><\/a><\/h3>\n<ul>\n<li><strong><a href=\"https:\/\/scf.se\/mountainbike\/wp-content\/uploads\/sites\/6\/2025\/05\/SM-final-DH-2025.pdf\"><em>H\u00e4r \u00e4r alla resultat s\u00f6ndagens downhill-SM!<\/em><\/a><\/strong><\/li>\n<li><a href=\"https:\/\/scf.se\/bmx\/cykelfest-nar-pumptrack-inledde-arets-stor-sm-har-ar-mastarna\/\"><strong>Och h\u00e4r \u00e4r alla medalj\u00f6rerna p\u00e5 f\u00f6rsta grenen i Stor-SM, pumptrack.<\/strong><\/a><\/li>\n<\/ul>\n<p><em>Text: SCF<\/em><br \/>\n<em>Foto: Loves Media (prispallsbilderna) och SCF \u00f6vriga (kommer mer senare under m\u00e5ndagen)<\/em><\/p>\n","protected":false},"excerpt":{"rendered":"<p>Downhill-SM var ett av dragpl\u00e5stren till Isabike festival under det som ocks\u00e5 var andra dagen i inledande helgen av Stor-SM. Arrang\u00f6rerna hade f\u00e5tt fram en mycket fin bana som fock mycket ber\u00f6m av cyklisterna. Publiken fick bland annat se f\u00f6re detta VM-sexan Oliver Zwar, ML Sports, vinna herrelitklassen. Festivalen p\u00e5 Isaberg mountain resort motto<a href=\"https:\/\/scf.se\/mountainbike\/oliwer-zwar-gav-stjarnglans-till-dh-sm-som-fick-massor-med-berom\/\" class=\"news-card__more\"> &#8230;<\/a><\/p>\n","protected":false},"author":41,"featured_media":7554,"comment_status":"open","ping_status":"open","sticky":false,"template":"","format":"standard","meta":{"_acf_changed":false,"footnotes":""},"categories":[1],"tags":[],"class_list":["post-7551","post","type-post","status-publish","format-standard","hentry","category-mountainbike"],"acf":[],"_links":{"self":[{"href":"https:\/\/scf.se\/mountainbike\/wp-json\/wp\/v2\/posts\/7551","targetHints":{"allow":["GET"]}}],"collection":[{"href":"https:\/\/scf.se\/mountainbike\/wp-json\/wp\/v2\/posts"}],"about":[{"href":"https:\/\/scf.se\/mountainbike\/wp-json\/wp\/v2\/types\/post"}],"author":[{"embeddable":true,"href":"https:\/\/scf.se\/mountainbike\/wp-json\/wp\/v2\/users\/41"}],"replies":[{"embeddable":true,"href":"https:\/\/scf.se\/mountainbike\/wp-json\/wp\/v2\/comments?post=7551"}],"version-history":[{"count":7,"href":"https:\/\/scf.se\/mountainbike\/wp-json\/wp\/v2\/posts\/7551\/revisions"}],"predecessor-version":[{"id":7696,"href":"https:\/\/scf.se\/mountainbike\/wp-json\/wp\/v2\/posts\/7551\/revisions\/7696"}],"wp:featuredmedia":[{"embeddable":true,"href":"https:\/\/scf.se\/mountainbike\/wp-json\/wp\/v2\/media\/7554"}],"wp:attachment":[{"href":"https:\/\/scf.se\/mountainbike\/wp-json\/wp\/v2\/media?parent=7551"}],"wp:term":[{"taxonomy":"category","embeddable":true,"href":"https:\/\/scf.se\/mountainbike\/wp-json\/wp\/v2\/categories?post=7551"},{"taxonomy":"post_tag","embeddable":true,"href":"https:\/\/scf.se\/mountainbike\/wp-json\/wp\/v2\/tags?post=7551"}],"curies":[{"name":"wp","href":"https:\/\/api.w.org\/{rel}","templated":true}]}}