
{"id":7521,"date":"2025-05-05T12:31:33","date_gmt":"2025-05-05T10:31:33","guid":{"rendered":"https:\/\/scf.se\/mountainbike\/?p=7521"},"modified":"2025-05-05T13:02:34","modified_gmt":"2025-05-05T11:02:34","slug":"linn-gustafzzon-snabb-i-nya-fargerna-fran-bauhaus-cycling-team","status":"publish","type":"post","link":"https:\/\/scf.se\/mountainbike\/linn-gustafzzon-snabb-i-nya-fargerna-fran-bauhaus-cycling-team\/","title":{"rendered":"Linn Gustafzzon STARK i S\u00e4ter med sitt nya team Bauhaus Sportklubb"},"content":{"rendered":"<p><strong>Linn Gustafzzon presenterades f\u00f6rst som ny cyklist i Bauhaus Cycling Team. Sedan vann Linn UCI C2-t\u00e4vlingen Klippingracet i S\u00e4ter, tillika SWE Cup #2, med \u00f6ver fyra minuter ner till \u00e5kstarka Emma Belforth. Ny i Bauhaus Sportklubb \u00e4r \u00e4ven syster Moa Gustafzzon som vann SWE Cup-totalen 2023 och var trea i S\u00e4ters XCO.<\/strong><\/p>\n<p>Bauhaus har i \u00e5r tre nya vassa damcyklister i seniorelit. Det \u00e4r systrarna Linn och Moa Gustafzzon, Tilda Hyl\u00e9n. Sedan \u00e4ven framtidsnamnet Melvin P\u00e5lsson i H15-16.<\/p>\n<p>N\u00e4r det g\u00e4ller landsv\u00e4g finns sedan tidigare ocks\u00e5 toppjuniorerna Vilmer Ekman, som nyligen var tolva p\u00e5 Paris Roubaix Juniors, och Vilmar Astrup i Bauhaus Cycling Team. Alla Bauhauskillarna \u00e4r ocks\u00e5 vassa i cykelcross.<\/p>\n<a href=\"https:\/\/scf.se\/mountainbike\/wp-content\/uploads\/sites\/6\/2025\/05\/LinnSater1.jpg\"><img loading=\"lazy\" decoding=\"async\" class=\"alignnone size-full wp-image-7526\" src=\"https:\/\/scf.se\/mountainbike\/wp-content\/uploads\/sites\/6\/2025\/05\/LinnSater1.jpg\" alt=\"\" width=\"1170\" height=\"1015\" srcset=\"https:\/\/scf.se\/mountainbike\/wp-content\/uploads\/sites\/6\/2025\/05\/LinnSater1.jpg 1170w, https:\/\/scf.se\/mountainbike\/wp-content\/uploads\/sites\/6\/2025\/05\/LinnSater1-300x260.jpg 300w, https:\/\/scf.se\/mountainbike\/wp-content\/uploads\/sites\/6\/2025\/05\/LinnSater1-1024x888.jpg 1024w, https:\/\/scf.se\/mountainbike\/wp-content\/uploads\/sites\/6\/2025\/05\/LinnSater1-768x666.jpg 768w\" sizes=\"auto, (max-width: 1170px) 100vw, 1170px\" \/><\/a>\n<p>Linn Gustafzzon kommer n\u00e4rmast fr\u00e5n spanska proffslaget Team Massi och var innan det i Team 31. Nu v\u00e4nder allts\u00e5 T\u00e4rnabytjejen hem till ett svenskt team igen och f\u00e5r med sig syster Moa. S\u00e5 h\u00e4r s\u00e4ger Linn sj\u00e4lv om den flytten p\u00e5 Bauhaus Cycling Teams officiella instagramkonto:<\/p>\n<blockquote>\n<p data-pm-slice=\"1 1 []\">\u201cDet blev ett riktigt race i Sverigecupen \u2013 nu i nya klubbf\u00e4rger! Jag \u00e4r s\u00e5 glad att k\u00f6ra f\u00f6r Bauhaus Cycling Team och Bauhaus Sportklubb som st\u00f6ttar mig i min nya del av karri\u00e4ren, med fokus p\u00e5 gl\u00e4dje, r\u00f6relse och att utmana mig sj\u00e4lv p\u00e5 mina villkor.\u201d<\/p>\n<\/blockquote>\n<p>Premi\u00e4ren kunde knappast ha g\u00e5tt b\u00e4ttre. S\u00e5 h\u00e4r slutade det i siffror.<\/p>\n<a href=\"https:\/\/scf.se\/mountainbike\/wp-content\/uploads\/sites\/6\/2025\/05\/LinnSater2.jpg\"><img loading=\"lazy\" decoding=\"async\" class=\"alignnone size-full wp-image-7525\" src=\"https:\/\/scf.se\/mountainbike\/wp-content\/uploads\/sites\/6\/2025\/05\/LinnSater2.jpg\" alt=\"\" width=\"854\" height=\"765\" srcset=\"https:\/\/scf.se\/mountainbike\/wp-content\/uploads\/sites\/6\/2025\/05\/LinnSater2.jpg 854w, https:\/\/scf.se\/mountainbike\/wp-content\/uploads\/sites\/6\/2025\/05\/LinnSater2-300x269.jpg 300w, https:\/\/scf.se\/mountainbike\/wp-content\/uploads\/sites\/6\/2025\/05\/LinnSater2-768x688.jpg 768w\" sizes=\"auto, (max-width: 854px) 100vw, 854px\" \/><\/a>\n<h3>SWE Cup #2 damelit<\/h3>\n<ol>\n<li data-start=\"96\" data-end=\"145\"><strong data-start=\"96\" data-end=\"115\">Linn Gustafzzon<\/strong>, BauhausSportklubb 1.26.01<\/li>\n<li data-start=\"149\" data-end=\"185\"><strong data-start=\"149\" data-end=\"166\">Emma Belforth<\/strong>, CK Master +4.10<\/li>\n<li data-start=\"189\" data-end=\"235\"><strong data-start=\"189\" data-end=\"207\">Moa Gustafzzon<\/strong>, Bauhaus Sportklubb +5.57<\/li>\n<li data-start=\"239\" data-end=\"285\"><strong data-start=\"239\" data-end=\"256\">Elin Karlsson<\/strong>, Borl\u00e4nge Cykelklubb +6.39<\/li>\n<li data-start=\"289\" data-end=\"329\"><strong data-start=\"289\" data-end=\"307\">Tova Fridstr\u00f6m<\/strong>, Str\u00e4ngn\u00e4s CK +7.14<\/li>\n<li data-start=\"333\" data-end=\"395\"><strong data-start=\"333\" data-end=\"356\">Alicia Petersdotter<\/strong>, Kolm\u00e5rdens Mountainbike Klubb +8.16<\/li>\n<\/ol>\n<p>I herrelit blev det spurtuppg\u00f6relse mellan Andr\u00e9 Eriksson och veteranen Matthias Wengelin. B\u00e5de segern i loppet och att sl\u00e5 Wengelin i en spurt \u00e4r tv\u00e5 formbesked av Andr\u00e9. Nils Johansson, som har fortsatt sin intressanta MTB-karri\u00e4r i teamet Decathlon Misser Project var med bred marginal trea i detta XCO-lopp.<\/p>\n<a href=\"https:\/\/scf.se\/mountainbike\/wp-content\/uploads\/sites\/6\/2025\/05\/LinnSater3.jpg\"><img loading=\"lazy\" decoding=\"async\" class=\"alignnone size-full wp-image-7523\" src=\"https:\/\/scf.se\/mountainbike\/wp-content\/uploads\/sites\/6\/2025\/05\/LinnSater3.jpg\" alt=\"\" width=\"1170\" height=\"1202\" srcset=\"https:\/\/scf.se\/mountainbike\/wp-content\/uploads\/sites\/6\/2025\/05\/LinnSater3.jpg 1170w, https:\/\/scf.se\/mountainbike\/wp-content\/uploads\/sites\/6\/2025\/05\/LinnSater3-292x300.jpg 292w, https:\/\/scf.se\/mountainbike\/wp-content\/uploads\/sites\/6\/2025\/05\/LinnSater3-997x1024.jpg 997w, https:\/\/scf.se\/mountainbike\/wp-content\/uploads\/sites\/6\/2025\/05\/LinnSater3-768x789.jpg 768w\" sizes=\"auto, (max-width: 1170px) 100vw, 1170px\" \/><\/a>\n<h3>SWE Cup #2 herrelit<\/h3>\n<ol>\n<li data-start=\"71\" data-end=\"113\"><strong data-start=\"71\" data-end=\"89\">Andr\u00e9 Eriksson<\/strong>, Varbergs MTB 1.22.20<\/li>\n<li data-start=\"117\" data-end=\"162\"><strong data-start=\"117\" data-end=\"138\">Matthias Wengelin<\/strong>, L\u00e4nna Sport CK +0<\/li>\n<li data-start=\"166\" data-end=\"218\"><strong data-start=\"166\" data-end=\"184\">Nils Johansson<\/strong>, Decathlon Misser Project +0.19<\/li>\n<li data-start=\"222\" data-end=\"266\"><strong data-start=\"222\" data-end=\"242\">Viktor Lindqvist<\/strong>, L\u00e4nna Sport CK +1.01<\/li>\n<li data-start=\"270\" data-end=\"316\"><strong data-start=\"270\" data-end=\"285\">Anton Unger<\/strong>, Allebike Factory Team +1.03<\/li>\n<li data-start=\"320\" data-end=\"359\"><strong data-start=\"320\" data-end=\"335\">Hugo Sandin<\/strong>, IKHP Huskvarna +2.24<\/li>\n<\/ol>\n<p>Linnea Nilsson forts\u00e4tter att imponera i damjuniorernas SWE Cup som h\u00f6ll h\u00f6g klass. \u00c4ven herrjuniorerna k\u00f6rde om UCI-po\u00e4ng. H\u00e4r vann Arvid Lind\u00e9n spurtduellen om segern mot<br \/>\nOlle Isaksson.<\/p>\n<p>S\u00e5 h\u00e4r slutade det i junior- och \u00e4ldsta ungdomsklasserna i Klippingracets XCO:<\/p>\n<h3>SWE Cup #2 damjunior<\/h3>\n<ol>\n<li><strong data-start=\"77\" data-end=\"95\">Linnea Nilsson<\/strong>, Lindgren Racing Club 1.07.01<\/li>\n<li><strong data-start=\"129\" data-end=\"145\">Thea Persson<\/strong>, Kv\u00e4nums IF +0.23<\/li>\n<li><strong data-start=\"169\" data-end=\"183\">Elin \u00c5lsj\u00f6<\/strong>, L\u00e4nna Sport Cykelklubb +0.49<\/li>\n<li><strong data-start=\"219\" data-end=\"238\">Elinore Nilsson<\/strong>, Lindgren Racing Club +2.04<\/li>\n<li><strong data-start=\"270\" data-end=\"289\">Molly Evaldsson<\/strong>, Kv\u00e4nums IF +2.09<\/li>\n<li><strong data-start=\"313\" data-end=\"332\">Saga Elf Boberg<\/strong>, Falu CK +5.02<\/li>\n<\/ol>\n<h3>SWE Cup #2 herrjunior<\/h3>\n<ol>\n<li data-start=\"73\" data-end=\"131\"><strong data-start=\"73\" data-end=\"89\">Arvid Lind\u00e9n<\/strong>, \u00d6rebrocyklisterna \/ Team Norra 1.11.10<\/li>\n<li data-start=\"135\" data-end=\"182\"><strong data-start=\"135\" data-end=\"152\">Olle Isaksson<\/strong>, Lindgren Racing Club +0.00<\/li>\n<li data-start=\"186\" data-end=\"233\"><strong data-start=\"186\" data-end=\"203\">Vile Torbrink<\/strong>, Lindgren Racing Club +0.43<\/li>\n<li data-start=\"237\" data-end=\"281\"><strong data-start=\"237\" data-end=\"257\">Oscar Lorentsson<\/strong>, Anderstorps OK +1.44<\/li>\n<li data-start=\"285\" data-end=\"323\"><strong data-start=\"285\" data-end=\"299\">John Temar<\/strong>, IKHP Huskvarna +2.44<\/li>\n<li data-start=\"327\" data-end=\"361\"><strong data-start=\"327\" data-end=\"342\">Dexter Kock<\/strong>, Tyres\u00f6 CK +3.28<\/li>\n<\/ol>\n<h3>SWE Cup #2 flickor 15\u201316<\/h3>\n<ol>\n<li data-start=\"78\" data-end=\"120\"><strong data-start=\"78\" data-end=\"98\">Linnea Andersson<\/strong>, Varbergs MTB 49.28<\/li>\n<li data-start=\"124\" data-end=\"163\"><strong data-start=\"124\" data-end=\"139\">Lilly Temar<\/strong>, IKHP Huskvarna +0.43<\/li>\n<li data-start=\"167\" data-end=\"203\"><strong data-start=\"167\" data-end=\"186\">Greta Andersson<\/strong>, Falu CK +2.42<\/li>\n<li data-start=\"207\" data-end=\"243\"><strong data-start=\"207\" data-end=\"224\">Majken M\u00e4nner<\/strong>, CK Master +2.58<\/li>\n<li data-start=\"247\" data-end=\"289\"><strong data-start=\"247\" data-end=\"261\">Enya Uhl\u00e9n<\/strong>, LindgrenRacingClub +3.58<\/li>\n<li data-start=\"293\" data-end=\"329\"><strong data-start=\"293\" data-end=\"312\">Elsa Elf Boberg<\/strong>, Falu CK +4.12<\/li>\n<\/ol>\n<h3>SWE Cup #2 pojkar 15\u201316<\/h3>\n<ol>\n<li data-start=\"72\" data-end=\"109\"><strong data-start=\"72\" data-end=\"91\">Oliver Andersen<\/strong>, MTB T\u00e4by 43.23<\/li>\n<li data-start=\"113\" data-end=\"170\"><strong data-start=\"113\" data-end=\"142\">Melvin P\u00e5lsson Gustafsson<\/strong>, BAUHAUS Sportklubb +0.18<\/li>\n<li data-start=\"174\" data-end=\"215\"><strong data-start=\"174\" data-end=\"191\">Oscar L\u00f6vgren<\/strong>, IKHP Huskvarna +0.24<\/li>\n<li data-start=\"219\" data-end=\"250\"><strong data-start=\"219\" data-end=\"233\">Isak Unger<\/strong>, Falu CK +0.32<\/li>\n<li data-start=\"254\" data-end=\"299\"><strong data-start=\"254\" data-end=\"268\">Hugo S\u00f6der<\/strong>, Kopparberg Cykelklubb +0.43<\/li>\n<li data-start=\"303\" data-end=\"341\"><strong data-start=\"303\" data-end=\"322\">Albert Belforth<\/strong>, CK Master +1.07<\/li>\n<\/ol>\n<p>Redan n\u00e4sta helg \u00e4r det dags f\u00f6r dubbelrace i G\u00f6teborg. S\u00e5 h\u00e4r ser resten av SWE Cup-s\u00e4songen ut.<\/p>\n<div class=\"single-card__title\">\n<h3>SWE Cup XCO\/XCC 2025<\/h3>\n<\/div>\n<div>\n<ul>\n<li><strong>Huskvarna #1:<\/strong> 25\u201327 april (Tour, XCT, XCO och XCC), <strong><a href=\"https:\/\/www.sportstiming.se\/event\/15599\">alla resultat.<\/a><\/strong><\/li>\n<li><strong>S\u00e4ter #2:<\/strong> 3 maj (XCO<a href=\"https:\/\/www.sportstiming.se\/event\/15587\">), <\/a><strong><a href=\"https:\/\/www.sportstiming.se\/event\/15587\">alla resultat.<\/a><br \/>\n<\/strong><\/li>\n<li><strong>G\u00f6teborg #3<\/strong>\u2013<strong>4:<\/strong> 10\u201311 maj (XCO och XCC).<br \/>\n<a href=\"https:\/\/www.sportstiming.se\/event\/15674\"><em><strong>Mer info och anm\u00e4lan XCO.\u00a0<\/strong><\/em><\/a><br \/>\n<a href=\"https:\/\/www.sportstiming.se\/event\/15675\"><strong><em>Mer info och anm\u00e4lan XCC.<\/em><\/strong><\/a><\/li>\n<li><strong>Falun #5<\/strong>\u2013<strong>6:<\/strong> 31 maj\u20131 juni (XCO och XCC).<br \/>\n<em><a href=\"https:\/\/www.sportstiming.se\/event\/15908\"><strong>M<\/strong><\/a><strong><a href=\"https:\/\/www.sportstiming.se\/event\/15908\">er info och anm\u00e4lan XCO.<\/a><br \/>\n<a href=\"https:\/\/www.sportstiming.se\/event\/15909\">Mer info och anm\u00e4lan XCC.<\/a><\/strong><\/em><\/li>\n<li><strong>Borl\u00e4nge #7:<\/strong> 6\u20138 juni (Tour, XCT, XCO och XCC), <a href=\"https:\/\/www.sportstiming.se\/event\/15474\"><em><strong>mer info och anm\u00e4lan.<\/strong><\/em><\/a><\/li>\n<li><strong>Sigtuna #8<\/strong>\u2013<strong>9:<\/strong> 23\u201324 augusti (XCO och XCC).<\/li>\n<li><strong>Bor\u00e5s #10<\/strong>\u2013<strong>11:<\/strong> 20\u201321 september (XCO och XCC).<\/li>\n<\/ul>\n<\/div>\n<p><em>Text: SCF<\/em><br \/>\n<em>Foto: Cecilia Dahlgren x2, och Emil Johansson och privat (pallbilderna)<\/em><\/p>\n","protected":false},"excerpt":{"rendered":"<p>Linn Gustafzzon presenterades f\u00f6rst som ny cyklist i Bauhaus Cycling Team. Sedan vann Linn UCI C2-t\u00e4vlingen Klippingracet i S\u00e4ter, tillika SWE Cup #2, med \u00f6ver fyra minuter ner till \u00e5kstarka Emma Belforth. Ny i Bauhaus Sportklubb \u00e4r \u00e4ven syster Moa Gustafzzon som vann SWE Cup-totalen 2023 och var trea i S\u00e4ters XCO. Bauhaus har<a href=\"https:\/\/scf.se\/mountainbike\/linn-gustafzzon-snabb-i-nya-fargerna-fran-bauhaus-cycling-team\/\" class=\"news-card__more\"> &#8230;<\/a><\/p>\n","protected":false},"author":41,"featured_media":7524,"comment_status":"open","ping_status":"open","sticky":false,"template":"","format":"standard","meta":{"_acf_changed":false,"footnotes":""},"categories":[1],"tags":[],"class_list":["post-7521","post","type-post","status-publish","format-standard","hentry","category-mountainbike"],"acf":[],"_links":{"self":[{"href":"https:\/\/scf.se\/mountainbike\/wp-json\/wp\/v2\/posts\/7521","targetHints":{"allow":["GET"]}}],"collection":[{"href":"https:\/\/scf.se\/mountainbike\/wp-json\/wp\/v2\/posts"}],"about":[{"href":"https:\/\/scf.se\/mountainbike\/wp-json\/wp\/v2\/types\/post"}],"author":[{"embeddable":true,"href":"https:\/\/scf.se\/mountainbike\/wp-json\/wp\/v2\/users\/41"}],"replies":[{"embeddable":true,"href":"https:\/\/scf.se\/mountainbike\/wp-json\/wp\/v2\/comments?post=7521"}],"version-history":[{"count":9,"href":"https:\/\/scf.se\/mountainbike\/wp-json\/wp\/v2\/posts\/7521\/revisions"}],"predecessor-version":[{"id":7534,"href":"https:\/\/scf.se\/mountainbike\/wp-json\/wp\/v2\/posts\/7521\/revisions\/7534"}],"wp:featuredmedia":[{"embeddable":true,"href":"https:\/\/scf.se\/mountainbike\/wp-json\/wp\/v2\/media\/7524"}],"wp:attachment":[{"href":"https:\/\/scf.se\/mountainbike\/wp-json\/wp\/v2\/media?parent=7521"}],"wp:term":[{"taxonomy":"category","embeddable":true,"href":"https:\/\/scf.se\/mountainbike\/wp-json\/wp\/v2\/categories?post=7521"},{"taxonomy":"post_tag","embeddable":true,"href":"https:\/\/scf.se\/mountainbike\/wp-json\/wp\/v2\/tags?post=7521"}],"curies":[{"name":"wp","href":"https:\/\/api.w.org\/{rel}","templated":true}]}}