
{"id":7510,"date":"2025-04-30T12:13:18","date_gmt":"2025-04-30T10:13:18","guid":{"rendered":"https:\/\/scf.se\/mountainbike\/?p=7510"},"modified":"2025-04-30T12:14:14","modified_gmt":"2025-04-30T10:14:14","slug":"dags-for-klassiska-langloppscupen-med-premiar-i-skovde-4-maj","status":"publish","type":"post","link":"https:\/\/scf.se\/mountainbike\/dags-for-klassiska-langloppscupen-med-premiar-i-skovde-4-maj\/","title":{"rendered":"Dags f\u00f6r klassiska L\u00e5ngloppscupen med premi\u00e4r i Sk\u00f6vde 4 maj"},"content":{"rendered":"<p><strong>Nu \u00e4r det bara dagar kvar till premi\u00e4ren av ytterligare en s\u00e4song av L\u00e5ngloppscupen. <\/strong><strong>F\u00f6r 23:e \u00e5ret v\u00e4lkomnar L\u00e5ngloppscupen\/ Nissan X-Trail Challenge landets alla MTB-cyklister till detta klassiska arrangemang inom svensk mountainbike.<\/strong><\/p>\n<p>I L\u00e5ngloppscupen 2025 ing\u00e5r sju av landets mest intressanta l\u00e5nglopp p\u00e5 mountainbike. Varje delt\u00e4vling genomf\u00f6rs av lokala cykelklubbar med l\u00e5ng och god erfarenhet av att arrangera stora och v\u00e4lbes\u00f6kta event. Cuparrangemangen lockar under s\u00e4songen en stor och brokig skara cyklister i alla \u00e5ldrar. Deltagarnas inst\u00e4llning och bakgrund skiftar.<\/p>\n<p>F\u00f6r m\u00e5nga \u00e4r loppen sp\u00e4nnande styrkeprov, f\u00f6r andra ett annorlunda \u00e4ventyr och en ny erfarenhet. Arrang\u00f6rerna har tagit fasta p\u00e5 \u00f6nskem\u00e5l fr\u00e5n en starkt v\u00e4xande grupp motion\u00e4rer som har hittat nya utmaningar i l\u00e5ngloppen runt om i landet. Det inneb\u00e4r inte att elitg\u00e4nget gl\u00f6mts bort. Ambitionen \u00e4r att \u00e5stadkomma en v\u00e4l avv\u00e4gd blandning mellan prestation och upplevelse.<\/p>\n<p>Samtliga lopp i L\u00e5ngloppscupen \u00e4r seedningsgrundade till<em>\u00a0<strong><u><a href=\"https:\/\/vasaloppet.se\/lopp\/cykellopp\/cykelvasan90\/\">Cykelvasan<\/a>.<\/u><\/strong><\/em>\u00a0Vill du seeda dig och placeras i det startled som passar dig b\u00e4st vid starten i S\u00e4len, d\u00e5 har du chansen p\u00e5 n\u00e5gon av L\u00e5ngloppscupens delt\u00e4vlingar.<\/p>\n<h2><strong>Arrangemangsdatum 2025\u00a0\u00a0\u00a0\u00a0\u00a0\u00a0\u00a0\u00a0\u00a0\u00a0\u00a0\u00a0\u00a0 \u00a0\u00a0\u00a0\u00a0\u00a0\u00a0\u00a0\u00a0\u00a0\u00a0\u00a0\u00a0\u00a0\u00a0\u00a0\u00a0\u00a0\u00a0\u00a0\u00a0\u00a0\u00a0<\/strong><\/h2>\n<ul>\n<li><strong>4 maj \u2013 Billingeracet Sk\u00f6vde, <\/strong><a href=\"http:\/\/www.billingeracet.se\"><strong>billingeracet.se<\/strong><\/a><\/li>\n<li><strong>25 maj \u2013 Lida Loop Stockholm, <\/strong><a href=\"http:\/\/www.lidaloop.se\"><strong>lidaloop.se<\/strong><\/a><\/li>\n<li><strong>29 juni \u2013 R\u00e4nnesl\u00e4ttsturen Eksj\u00f6, <\/strong><a href=\"http:\/\/www.ranneslattsturen.se\"><strong>ranneslattsturen.se<\/strong><\/a><strong>\u00a0\u00a0\u00a0<\/strong><\/li>\n<li><strong>6 juli &#8211; M\u00f6rksuggejakten R\u00e4ttvik, <\/strong><a href=\"http:\/\/www.m\u00f6rksuggejakten.se\"><strong>m\u00f6rksuggejakten.se<\/strong><\/a><\/li>\n<li><strong>27 juli \u2013Engelbrektsturen Norberg, <\/strong><a href=\"http:\/\/www.engelbrektsturen.se\"><strong>engelbrektsturen.se<\/strong><\/a><\/li>\n<li><strong>30 augusti \u2013 Bockstensturen Varberg, <\/strong><a href=\"http:\/\/www.bockstensturen.nu\"><strong>bockstensturen.nu<\/strong><\/a><strong>\u00a0\u00a0\u00a0\u00a0\u00a0<\/strong><\/li>\n<li><strong>7 september \u2013 Stenbocksturen Boxholm, <\/strong><a href=\"http:\/\/www.stenbocksturen.com\"><strong>stenbocksturen.com<\/strong><\/a><strong>\u00a0\u00a0<\/strong><\/li>\n<\/ul>\n<h3><em>L\u00e4s mera om 2025 \u00e5rs L\u00e5ngloppscup i mountainbike: <a href=\"http:\/\/www.langloppscupen.se\"><strong>www.langloppscupen.se<\/strong><\/a><\/em><\/h3>\n<p><em>Text: L\u00e5ngloppscupen och SCF<\/em><\/p>\n","protected":false},"excerpt":{"rendered":"<p>Nu \u00e4r det bara dagar kvar till premi\u00e4ren av ytterligare en s\u00e4song av L\u00e5ngloppscupen. F\u00f6r 23:e \u00e5ret v\u00e4lkomnar L\u00e5ngloppscupen\/ Nissan X-Trail Challenge landets alla MTB-cyklister till detta klassiska arrangemang inom svensk mountainbike. I L\u00e5ngloppscupen 2025 ing\u00e5r sju av landets mest intressanta l\u00e5nglopp p\u00e5 mountainbike. Varje delt\u00e4vling genomf\u00f6rs av lokala cykelklubbar med l\u00e5ng och god<a href=\"https:\/\/scf.se\/mountainbike\/dags-for-klassiska-langloppscupen-med-premiar-i-skovde-4-maj\/\" class=\"news-card__more\"> &#8230;<\/a><\/p>\n","protected":false},"author":41,"featured_media":7511,"comment_status":"open","ping_status":"open","sticky":false,"template":"","format":"standard","meta":{"_acf_changed":false,"footnotes":""},"categories":[1],"tags":[],"class_list":["post-7510","post","type-post","status-publish","format-standard","hentry","category-mountainbike"],"acf":[],"_links":{"self":[{"href":"https:\/\/scf.se\/mountainbike\/wp-json\/wp\/v2\/posts\/7510","targetHints":{"allow":["GET"]}}],"collection":[{"href":"https:\/\/scf.se\/mountainbike\/wp-json\/wp\/v2\/posts"}],"about":[{"href":"https:\/\/scf.se\/mountainbike\/wp-json\/wp\/v2\/types\/post"}],"author":[{"embeddable":true,"href":"https:\/\/scf.se\/mountainbike\/wp-json\/wp\/v2\/users\/41"}],"replies":[{"embeddable":true,"href":"https:\/\/scf.se\/mountainbike\/wp-json\/wp\/v2\/comments?post=7510"}],"version-history":[{"count":1,"href":"https:\/\/scf.se\/mountainbike\/wp-json\/wp\/v2\/posts\/7510\/revisions"}],"predecessor-version":[{"id":7512,"href":"https:\/\/scf.se\/mountainbike\/wp-json\/wp\/v2\/posts\/7510\/revisions\/7512"}],"wp:featuredmedia":[{"embeddable":true,"href":"https:\/\/scf.se\/mountainbike\/wp-json\/wp\/v2\/media\/7511"}],"wp:attachment":[{"href":"https:\/\/scf.se\/mountainbike\/wp-json\/wp\/v2\/media?parent=7510"}],"wp:term":[{"taxonomy":"category","embeddable":true,"href":"https:\/\/scf.se\/mountainbike\/wp-json\/wp\/v2\/categories?post=7510"},{"taxonomy":"post_tag","embeddable":true,"href":"https:\/\/scf.se\/mountainbike\/wp-json\/wp\/v2\/tags?post=7510"}],"curies":[{"name":"wp","href":"https:\/\/api.w.org\/{rel}","templated":true}]}}