
{"id":6979,"date":"2024-10-07T09:02:46","date_gmt":"2024-10-07T07:02:46","guid":{"rendered":"https:\/\/scf.se\/mountainbike\/?p=6979"},"modified":"2024-10-07T19:03:31","modified_gmt":"2024-10-07T17:03:31","slug":"edvin-lindh-fick-kvittera-ut-totalsegern-i-varldscupen-direkt-efter-em","status":"publish","type":"post","link":"https:\/\/scf.se\/mountainbike\/edvin-lindh-fick-kvittera-ut-totalsegern-i-varldscupen-direkt-efter-em\/","title":{"rendered":"Edvin Lindh tog emot totalsegern i XCE-v\u00e4rldscupen direkt efter EM"},"content":{"rendered":"<p><strong>S\u00f6ndagen i Gibraltar b\u00f6rjade med att Edvin Lindh och \u00e4ven Joel Burman var v\u00e4ldigt snabba i tidskvalet, fyra och nia till sist p\u00e5 EM. Men det slutade med en extremt rolig framg\u00e5ng f\u00f6r svensk cykel d\u00e5 Edvin Lindh fick ta emot pris och tr\u00f6ja som \u00e5rets v\u00e4rldscupvinnare i XCE.<\/strong><\/p>\n<a href=\"https:\/\/scf.se\/mountainbike\/wp-content\/uploads\/sites\/6\/2024\/10\/VC3-scaled.jpg\"><img loading=\"lazy\" decoding=\"async\" class=\"alignnone size-full wp-image-6983\" src=\"https:\/\/scf.se\/mountainbike\/wp-content\/uploads\/sites\/6\/2024\/10\/VC3-scaled.jpg\" alt=\"\" width=\"1647\" height=\"2560\" srcset=\"https:\/\/scf.se\/mountainbike\/wp-content\/uploads\/sites\/6\/2024\/10\/VC3-scaled.jpg 1647w, https:\/\/scf.se\/mountainbike\/wp-content\/uploads\/sites\/6\/2024\/10\/VC3-193x300.jpg 193w, https:\/\/scf.se\/mountainbike\/wp-content\/uploads\/sites\/6\/2024\/10\/VC3-659x1024.jpg 659w, https:\/\/scf.se\/mountainbike\/wp-content\/uploads\/sites\/6\/2024\/10\/VC3-768x1194.jpg 768w, https:\/\/scf.se\/mountainbike\/wp-content\/uploads\/sites\/6\/2024\/10\/VC3-988x1536.jpg 988w, https:\/\/scf.se\/mountainbike\/wp-content\/uploads\/sites\/6\/2024\/10\/VC3-1318x2048.jpg 1318w\" sizes=\"auto, (max-width: 1647px) 100vw, 1647px\" \/><\/a>\n<blockquote><p>&#8221;Den h\u00e4r vinsten i v\u00e4rldscupen k\u00e4nns som ett stort kliv f\u00f6r mig. Jag t\u00e4vlade min f\u00f6rsta XCE v\u00e4rldscup i 2017, men har inte f\u00f6rr\u00e4n nu haft rutinen, erfarenheten och toppfarten som kr\u00e4vs f\u00f6r att t\u00e4vla om vinster p\u00e5 den h\u00f6gsta niv\u00e5n&#8221;, s\u00e4ger Edvin Lindh.<\/p><\/blockquote>\n<p>Anledningen till att det kunde ske redan nu \u00e4r inte att Edvin Lindh i praktiken redan hade avgjort cupen efter bland annat tv\u00e5 delsegrar och extremt kliniska tidskval d\u00e4r det ocks\u00e5 har runnit in po\u00e4ng. City Mountainbike som \u00e4r medarrang\u00f6r med UCI n\u00e4r det g\u00e4ller XCE har beslutat sig f\u00f6r att stryka de b\u00e4gge sista delt\u00e4vlingarna fr\u00e5n ett i \u00e5r redan sp\u00e4ckat\u00a0 VC-program.<\/p>\n<p>D\u00e4rmed slutar v\u00e4rldscupen s\u00e5 h\u00e4r p\u00e5 herrsidan.<\/p>\n<a href=\"https:\/\/scf.se\/mountainbike\/wp-content\/uploads\/sites\/6\/2024\/10\/VC2.jpg\"><img loading=\"lazy\" decoding=\"async\" class=\"alignnone size-full wp-image-6984\" src=\"https:\/\/scf.se\/mountainbike\/wp-content\/uploads\/sites\/6\/2024\/10\/VC2.jpg\" alt=\"\" width=\"1878\" height=\"1760\" srcset=\"https:\/\/scf.se\/mountainbike\/wp-content\/uploads\/sites\/6\/2024\/10\/VC2.jpg 1878w, https:\/\/scf.se\/mountainbike\/wp-content\/uploads\/sites\/6\/2024\/10\/VC2-300x281.jpg 300w, https:\/\/scf.se\/mountainbike\/wp-content\/uploads\/sites\/6\/2024\/10\/VC2-1024x960.jpg 1024w, https:\/\/scf.se\/mountainbike\/wp-content\/uploads\/sites\/6\/2024\/10\/VC2-768x720.jpg 768w, https:\/\/scf.se\/mountainbike\/wp-content\/uploads\/sites\/6\/2024\/10\/VC2-1536x1439.jpg 1536w\" sizes=\"auto, (max-width: 1878px) 100vw, 1878px\" \/><\/a>\n<h2>V\u00e4rldscupen XCE 2024<\/h2>\n<ol>\n<li><strong>Edvin Lindh<\/strong>, Sverige 496 po\u00e4ng.<\/li>\n<li><strong>Lorenzo Serres,<\/strong> Frankrike 403 .<\/li>\n<li><strong>Theo Hauser,<\/strong> \u00d6sterrike 376<\/li>\n<\/ol>\n<blockquote><p>&#8221;En stor del av \u00e5rets framg\u00e5ng tror jag har att g\u00f6ra med att jag har t\u00e4vlat s\u00e5 mycket mer XCE i \u00e5r j\u00e4mf\u00f6rt med tidigare \u00e5r. Rutin \u00e4r n\u00e5got som jag upplever som v\u00e4ldigt viktigt inom disciplinen, och detta \u00e4r f\u00f6r mig n\u00e5got av en f\u00e4rskvara&#8221;, s\u00e4ger Edvin Lindh.<\/p><\/blockquote>\n<p><strong>Ditt tidskval under SM i V\u00e4ster\u00e5s tillh\u00f6r det mest imponerande jag har sett live i \u00e5r och du har bombat in f\u00f6rstaplatser i TT p\u00e5 v\u00e4rldscupen, hur f\u00f6rklarar du intensiteten och j\u00e4mnheten i den disciplinen i \u00e5r?<\/strong><\/p>\n<blockquote><p>&#8221;\u00c5rets stora framg\u00e5ngar inom tidskvalen tror jag att jag har att tacka min stora andel tekniktr\u00e4ning f\u00f6r, samt ett \u00f6kat fokus p\u00e5 disciplinspecifik gymtr\u00e4ning. Jag har tr\u00e4nat mycket grundteknik under de senaste \u00e5ren i samband med att jag coachar ungdomarna i Falu CK, n\u00e5got som har kommit att hj\u00e4lpa mig i att finslipa p\u00e5 mina tekniska f\u00e4rdigheter lika mycket som det hj\u00e4lpt ungdomarna.&#8221;<\/p><\/blockquote>\n<p>P\u00e5 den l\u00e4ckert bel\u00e4gna EM-banan p\u00e5 Gibraltar s\u00e5g det ocks\u00e5 mycket bra ut efter tidskvalet.<\/p>\n<p>&#8221;Vi kvalade v\u00e4ldigt bra, b\u00e5de jag och Joel&#8221;, s\u00e4ger Edvin Lindh.<\/p>\n<a href=\"https:\/\/scf.se\/mountainbike\/wp-content\/uploads\/sites\/6\/2024\/10\/VC2-1.jpg\"><img loading=\"lazy\" decoding=\"async\" class=\"alignnone size-full wp-image-6986\" src=\"https:\/\/scf.se\/mountainbike\/wp-content\/uploads\/sites\/6\/2024\/10\/VC2-1.jpg\" alt=\"\" width=\"1280\" height=\"956\" srcset=\"https:\/\/scf.se\/mountainbike\/wp-content\/uploads\/sites\/6\/2024\/10\/VC2-1.jpg 1280w, https:\/\/scf.se\/mountainbike\/wp-content\/uploads\/sites\/6\/2024\/10\/VC2-1-300x224.jpg 300w, https:\/\/scf.se\/mountainbike\/wp-content\/uploads\/sites\/6\/2024\/10\/VC2-1-1024x765.jpg 1024w, https:\/\/scf.se\/mountainbike\/wp-content\/uploads\/sites\/6\/2024\/10\/VC2-1-768x574.jpg 768w\" sizes=\"auto, (max-width: 1280px) 100vw, 1280px\" \/><\/a>\n<p>D\u00e4r kom Joel fyra och Edvin vann som vanligt tidskvalet. Men det skilde bara 78 hundradelar mellan de b\u00e4gge svenska cyklisterna d\u00e4r Edvin vissa g\u00e5nger i \u00e5r har krossat resten av startf\u00e4ltet.<\/p>\n<ul>\n<li>1 <strong>Edvin Lindh<\/strong> Sverige 43,21<\/li>\n<li>2 <strong>Theo Hauser<\/strong> \u00d6sterrike +0:00,62<\/li>\n<li>3 <strong>Lorenzo Serres<\/strong> Frankrike +0:00,69<\/li>\n<li>4 <strong>Joel Burman<\/strong> Sverige +0:00,78<\/li>\n<li>5 <strong>Louis Krauss<\/strong> Tyskland +0:00,96<\/li>\n<li>6 <strong>Roberto-Dumitru Burta<\/strong> Rum\u00e4nien +0:01,24<\/li>\n<li>7 <strong>Ede-Karoly Molnar<\/strong> Rum\u00e4nien +0:01,27<\/li>\n<li>8 <strong>Lo\u00efc Tournillon<\/strong> Frankrike +0:01,34<\/li>\n<li>9 <strong>Simon Gegenheimer<\/strong> Tyskland +0:01,48<\/li>\n<li>10 <strong>Alberto Mingorance Fern\u00e1ndez<\/strong> Spanien +0:01,53<\/li>\n<\/ul>\n<blockquote><p>Varken Edvin eller Joel tyckte sedan att det st\u00e4mde s\u00e5 bra i heaten:<\/p><\/blockquote>\n<p>&nbsp;<\/p>\n<blockquote><p>&#8221;B\u00e5da hade en ganska d\u00e5lig dag p\u00e5 cykeln. Joel fick en tuff kvartsfinal d\u00e4r han bara var n\u00e5gon meter ifr\u00e5n att kvala till semifinalen. Sj\u00e4lv s\u00e5 hade jag en bra kvartsfinal i och med mitt kval. Sedan i semifinal fick jag gr\u00e4va riktigt djupt f\u00f6r att ta mig till finalen, d\u00e5 jag passerade Simon Gegenheimer de sista f\u00e5 meterna p\u00e5 m\u00e5lrakan&#8221;, ber\u00e4ttar Edvin Lindh.<\/p><\/blockquote>\n<p>I finalen var helt enkelt tre cyklister starkare. Theo Hauser har varit stark efter sommaren och styrde agendan i finalen.<\/p>\n<blockquote><p>&#8221;I finalen var jag sedan helt r\u00f6kt, jag gjorde mitt b\u00e4sta f\u00f6r att placera mig bra i starten, men hade sedan helt enkelt inte benen f\u00f6r att h\u00e4nga med in till m\u00e5l&#8221;, s\u00e4ger Edvin Lindh.<\/p><\/blockquote>\n<a href=\"https:\/\/scf.se\/mountainbike\/wp-content\/uploads\/sites\/6\/2024\/10\/VC1-1.jpg\"><img loading=\"lazy\" decoding=\"async\" class=\"alignnone size-full wp-image-6987\" src=\"https:\/\/scf.se\/mountainbike\/wp-content\/uploads\/sites\/6\/2024\/10\/VC1-1.jpg\" alt=\"\" width=\"1915\" height=\"1339\" srcset=\"https:\/\/scf.se\/mountainbike\/wp-content\/uploads\/sites\/6\/2024\/10\/VC1-1.jpg 1915w, https:\/\/scf.se\/mountainbike\/wp-content\/uploads\/sites\/6\/2024\/10\/VC1-1-300x210.jpg 300w, https:\/\/scf.se\/mountainbike\/wp-content\/uploads\/sites\/6\/2024\/10\/VC1-1-1024x716.jpg 1024w, https:\/\/scf.se\/mountainbike\/wp-content\/uploads\/sites\/6\/2024\/10\/VC1-1-768x537.jpg 768w, https:\/\/scf.se\/mountainbike\/wp-content\/uploads\/sites\/6\/2024\/10\/VC1-1-1536x1074.jpg 1536w\" sizes=\"auto, (max-width: 1915px) 100vw, 1915px\" \/><\/a>\n<p>Nu fanns det en delf\u00f6rklaring till att bensinen bara r\u00e4ckte till och med maxuttaget i spurten i semin den h\u00e4r g\u00e5ngen.<\/p>\n<a href=\"https:\/\/scf.se\/mountainbike\/wp-content\/uploads\/sites\/6\/2024\/10\/Edvin9999.jpg\"><img loading=\"lazy\" decoding=\"async\" class=\"alignnone size-full wp-image-6999\" src=\"https:\/\/scf.se\/mountainbike\/wp-content\/uploads\/sites\/6\/2024\/10\/Edvin9999.jpg\" alt=\"\" width=\"2289\" height=\"1588\" srcset=\"https:\/\/scf.se\/mountainbike\/wp-content\/uploads\/sites\/6\/2024\/10\/Edvin9999.jpg 2289w, https:\/\/scf.se\/mountainbike\/wp-content\/uploads\/sites\/6\/2024\/10\/Edvin9999-300x208.jpg 300w, https:\/\/scf.se\/mountainbike\/wp-content\/uploads\/sites\/6\/2024\/10\/Edvin9999-1024x710.jpg 1024w, https:\/\/scf.se\/mountainbike\/wp-content\/uploads\/sites\/6\/2024\/10\/Edvin9999-768x533.jpg 768w, https:\/\/scf.se\/mountainbike\/wp-content\/uploads\/sites\/6\/2024\/10\/Edvin9999-1536x1066.jpg 1536w, https:\/\/scf.se\/mountainbike\/wp-content\/uploads\/sites\/6\/2024\/10\/Edvin9999-2048x1421.jpg 2048w\" sizes=\"auto, (max-width: 2289px) 100vw, 2289px\" \/><\/a> <a href=\"https:\/\/scf.se\/mountainbike\/wp-content\/uploads\/sites\/6\/2024\/10\/Edvin11111.jpg\"><img loading=\"lazy\" decoding=\"async\" class=\"alignnone size-full wp-image-7001\" src=\"https:\/\/scf.se\/mountainbike\/wp-content\/uploads\/sites\/6\/2024\/10\/Edvin11111.jpg\" alt=\"\" width=\"1816\" height=\"1306\" srcset=\"https:\/\/scf.se\/mountainbike\/wp-content\/uploads\/sites\/6\/2024\/10\/Edvin11111.jpg 1816w, https:\/\/scf.se\/mountainbike\/wp-content\/uploads\/sites\/6\/2024\/10\/Edvin11111-300x216.jpg 300w, https:\/\/scf.se\/mountainbike\/wp-content\/uploads\/sites\/6\/2024\/10\/Edvin11111-1024x736.jpg 1024w, https:\/\/scf.se\/mountainbike\/wp-content\/uploads\/sites\/6\/2024\/10\/Edvin11111-768x552.jpg 768w, https:\/\/scf.se\/mountainbike\/wp-content\/uploads\/sites\/6\/2024\/10\/Edvin11111-1536x1105.jpg 1536w\" sizes=\"auto, (max-width: 1816px) 100vw, 1816px\" \/><\/a><a href=\"https:\/\/scf.se\/mountainbike\/wp-content\/uploads\/sites\/6\/2024\/10\/Edvin1111111.jpg\"><img loading=\"lazy\" decoding=\"async\" class=\"alignnone size-full wp-image-7000\" src=\"https:\/\/scf.se\/mountainbike\/wp-content\/uploads\/sites\/6\/2024\/10\/Edvin1111111.jpg\" alt=\"\" width=\"2283\" height=\"1728\" srcset=\"https:\/\/scf.se\/mountainbike\/wp-content\/uploads\/sites\/6\/2024\/10\/Edvin1111111.jpg 2283w, https:\/\/scf.se\/mountainbike\/wp-content\/uploads\/sites\/6\/2024\/10\/Edvin1111111-300x227.jpg 300w, https:\/\/scf.se\/mountainbike\/wp-content\/uploads\/sites\/6\/2024\/10\/Edvin1111111-1024x775.jpg 1024w, https:\/\/scf.se\/mountainbike\/wp-content\/uploads\/sites\/6\/2024\/10\/Edvin1111111-768x581.jpg 768w, https:\/\/scf.se\/mountainbike\/wp-content\/uploads\/sites\/6\/2024\/10\/Edvin1111111-1536x1163.jpg 1536w, https:\/\/scf.se\/mountainbike\/wp-content\/uploads\/sites\/6\/2024\/10\/Edvin1111111-2048x1550.jpg 2048w\" sizes=\"auto, (max-width: 2283px) 100vw, 2283px\" \/><\/a>\n<blockquote><p>&#8221;Jag hade problem med kr\u00e4kande under racet. Jag kr\u00e4ktes flera g\u00e5nger mellan kvalet och heaten och sedan mellan varje heat. Antagligen ett restsymtom fr\u00e5n en tidigare f\u00f6rkylning som slemmar upp i halsen och triggar kr\u00e4kreflexer.&#8221;<\/p><\/blockquote>\n<p>Till slut placerade d\u00e4rmed Edvin fyra och Joel nia p\u00e5 EM i kraft av b\u00e4sta kvaltid av utslagna kvartsfinalister. S\u00e5 h\u00e4r slutade herrarnas EM.<\/p>\n<h2>EM XCE herrar 2024<\/h2>\n<ul>\n<li>1 <strong>Theo Hauser<\/strong> \u00d6sterrike<\/li>\n<li>2 <strong>Jakob Klemen\u010di\u010d<\/strong> Slovenien<\/li>\n<li>3 <strong>Ede-Karoly Molnar<\/strong> Rum\u00e4nien<\/li>\n<li>4 <strong>Edvin Lindh<\/strong> Sverige<\/li>\n<li>5 <strong>Louis Krauss<\/strong> Tyskland<\/li>\n<li>6 <strong>Simon Gegenheimer<\/strong> Tyskland<\/li>\n<li>7 <strong>Maty\u00e1\u0161 Grygar<\/strong> Tjeckien<\/li>\n<li>8 <strong>Nils Riecker<\/strong> Tyskland<\/li>\n<li>9 <strong>Joel Burman<\/strong> Sverige<\/li>\n<li>10 <strong>Roberto-Dumitru Burta<\/strong> Rum\u00e4nien<\/li>\n<\/ul>\n<p>P\u00e5 damsidan, d\u00e4r Agnes Abrahamsson tyv\u00e4rr fick l\u00e4mna \u00e5terbud till EM p\u00e5 grund av sjukdom, segrade en av cykelv\u00e4rldens mest \u00f6verl\u00e4gsna cyklister i form av Gaia Tormena.<\/p>\n<a href=\"https:\/\/scf.se\/mountainbike\/wp-content\/uploads\/sites\/6\/2024\/10\/Gaia.jpg\"><img loading=\"lazy\" decoding=\"async\" class=\"alignnone size-full wp-image-6996\" src=\"https:\/\/scf.se\/mountainbike\/wp-content\/uploads\/sites\/6\/2024\/10\/Gaia.jpg\" alt=\"\" width=\"1599\" height=\"1315\" srcset=\"https:\/\/scf.se\/mountainbike\/wp-content\/uploads\/sites\/6\/2024\/10\/Gaia.jpg 1599w, https:\/\/scf.se\/mountainbike\/wp-content\/uploads\/sites\/6\/2024\/10\/Gaia-300x247.jpg 300w, https:\/\/scf.se\/mountainbike\/wp-content\/uploads\/sites\/6\/2024\/10\/Gaia-1024x842.jpg 1024w, https:\/\/scf.se\/mountainbike\/wp-content\/uploads\/sites\/6\/2024\/10\/Gaia-768x632.jpg 768w, https:\/\/scf.se\/mountainbike\/wp-content\/uploads\/sites\/6\/2024\/10\/Gaia-1536x1263.jpg 1536w\" sizes=\"auto, (max-width: 1599px) 100vw, 1599px\" \/><\/a>\n<h2>EM XCE damer 2024<\/h2>\n<ul>\n<li>1 <strong>Gaia Tormena<\/strong> Italien<\/li>\n<li>2 <strong>Line Mygdam<\/strong> Danmark<\/li>\n<li>3 <strong>Constantina Georgiou<\/strong> Cypern<\/li>\n<li>4 <strong>Madison Boissiere<\/strong> Frankrike<\/li>\n<li>5 <strong>Didi de Vries<\/strong> Nederl\u00e4nderna<\/li>\n<li>6 <strong>Coline Clauzure<\/strong> Frankrike<\/li>\n<\/ul>\n<a href=\"https:\/\/scf.se\/mountainbike\/wp-content\/uploads\/sites\/6\/2024\/10\/Gaia000000000000.jpg\"><img loading=\"lazy\" decoding=\"async\" class=\"alignnone size-full wp-image-6998\" src=\"https:\/\/scf.se\/mountainbike\/wp-content\/uploads\/sites\/6\/2024\/10\/Gaia000000000000.jpg\" alt=\"\" width=\"1257\" height=\"1393\" srcset=\"https:\/\/scf.se\/mountainbike\/wp-content\/uploads\/sites\/6\/2024\/10\/Gaia000000000000.jpg 1257w, https:\/\/scf.se\/mountainbike\/wp-content\/uploads\/sites\/6\/2024\/10\/Gaia000000000000-271x300.jpg 271w, https:\/\/scf.se\/mountainbike\/wp-content\/uploads\/sites\/6\/2024\/10\/Gaia000000000000-924x1024.jpg 924w, https:\/\/scf.se\/mountainbike\/wp-content\/uploads\/sites\/6\/2024\/10\/Gaia000000000000-768x851.jpg 768w\" sizes=\"auto, (max-width: 1257px) 100vw, 1257px\" \/><\/a>\n<p>Det var givetvis \u00e4ven italienskan som tog hand om v\u00e4rldscupsegern i p\u00e5 damsidan. Det k\u00e4nns inte som att Tormena har varit pressad p\u00e5 riktigt sedan duellen med Jenny Rissveds n\u00e4r v\u00e4rldscupen gick p\u00e5 Lugnet i Falun.<\/p>\n<p>Men p\u00e5 herrsidan var det allts\u00e5 s\u00e5 gl\u00e4djande svenskt i topp i v\u00e4rldscupen genom Edvin Lindh.<\/p>\n<a href=\"https:\/\/scf.se\/mountainbike\/wp-content\/uploads\/sites\/6\/2024\/10\/VC4-scaled.jpg\"><img loading=\"lazy\" decoding=\"async\" class=\"alignnone size-full wp-image-6982\" src=\"https:\/\/scf.se\/mountainbike\/wp-content\/uploads\/sites\/6\/2024\/10\/VC4-scaled.jpg\" alt=\"\" width=\"2560\" height=\"2177\" srcset=\"https:\/\/scf.se\/mountainbike\/wp-content\/uploads\/sites\/6\/2024\/10\/VC4-scaled.jpg 2560w, https:\/\/scf.se\/mountainbike\/wp-content\/uploads\/sites\/6\/2024\/10\/VC4-300x255.jpg 300w, https:\/\/scf.se\/mountainbike\/wp-content\/uploads\/sites\/6\/2024\/10\/VC4-1024x871.jpg 1024w, https:\/\/scf.se\/mountainbike\/wp-content\/uploads\/sites\/6\/2024\/10\/VC4-768x653.jpg 768w, https:\/\/scf.se\/mountainbike\/wp-content\/uploads\/sites\/6\/2024\/10\/VC4-1536x1306.jpg 1536w, https:\/\/scf.se\/mountainbike\/wp-content\/uploads\/sites\/6\/2024\/10\/VC4-2048x1742.jpg 2048w\" sizes=\"auto, (max-width: 2560px) 100vw, 2560px\" \/><\/a>\n<blockquote><p>&#8221;Jag \u00e4r grymt n\u00f6jd med denna totalvinst, samt mina tv\u00e5 delt\u00e4vlingssegrar under \u00e5ret, men jag k\u00e4nner \u00e4ven att det finns mycket mer att h\u00e4mta inom disciplinen. Jag ser redan fram emot att ta revansch p\u00e5 n\u00e4sta \u00e5rs m\u00e4sterskap, och f\u00f6rhoppningsvis plocka hem n\u00e5gon EM- eller VM-medalj.&#8221;<\/p><\/blockquote>\n<p><em>Text: Tomas Larsson\/SCF<\/em><br \/>\n<em>Foto: Joel Burman (prisutdelning VC) och City Mountainbike (EM)<\/em><\/p>\n<hr \/>\n<a href=\"https:\/\/scf.se\/forbundet\/hjalp-oss-sprida-ny-digital-broschyr-om-motionslicensens-fordelar\/\"><img loading=\"lazy\" decoding=\"async\" class=\"alignnone size-full wp-image-7197\" src=\"https:\/\/scf.se\/forbundet\/wp-content\/uploads\/sites\/9\/2024\/03\/Kop-licens-cykelmagasinet4.jpg\" alt=\"\" width=\"2000\" height=\"655\" \/><\/a>\n<p>&nbsp;<\/p>\n<p>&nbsp;<\/p>\n<p>&nbsp;<\/p>\n","protected":false},"excerpt":{"rendered":"<p>S\u00f6ndagen i Gibraltar b\u00f6rjade med att Edvin Lindh och \u00e4ven Joel Burman var v\u00e4ldigt snabba i tidskvalet, fyra och nia till sist p\u00e5 EM. Men det slutade med en extremt rolig framg\u00e5ng f\u00f6r svensk cykel d\u00e5 Edvin Lindh fick ta emot pris och tr\u00f6ja som \u00e5rets v\u00e4rldscupvinnare i XCE. &#8221;Den h\u00e4r vinsten i v\u00e4rldscupen<a href=\"https:\/\/scf.se\/mountainbike\/edvin-lindh-fick-kvittera-ut-totalsegern-i-varldscupen-direkt-efter-em\/\" class=\"news-card__more\"> &#8230;<\/a><\/p>\n","protected":false},"author":41,"featured_media":6985,"comment_status":"open","ping_status":"open","sticky":false,"template":"","format":"standard","meta":{"_acf_changed":false,"footnotes":""},"categories":[1],"tags":[],"class_list":["post-6979","post","type-post","status-publish","format-standard","hentry","category-mountainbike"],"acf":[],"_links":{"self":[{"href":"https:\/\/scf.se\/mountainbike\/wp-json\/wp\/v2\/posts\/6979","targetHints":{"allow":["GET"]}}],"collection":[{"href":"https:\/\/scf.se\/mountainbike\/wp-json\/wp\/v2\/posts"}],"about":[{"href":"https:\/\/scf.se\/mountainbike\/wp-json\/wp\/v2\/types\/post"}],"author":[{"embeddable":true,"href":"https:\/\/scf.se\/mountainbike\/wp-json\/wp\/v2\/users\/41"}],"replies":[{"embeddable":true,"href":"https:\/\/scf.se\/mountainbike\/wp-json\/wp\/v2\/comments?post=6979"}],"version-history":[{"count":10,"href":"https:\/\/scf.se\/mountainbike\/wp-json\/wp\/v2\/posts\/6979\/revisions"}],"predecessor-version":[{"id":7002,"href":"https:\/\/scf.se\/mountainbike\/wp-json\/wp\/v2\/posts\/6979\/revisions\/7002"}],"wp:featuredmedia":[{"embeddable":true,"href":"https:\/\/scf.se\/mountainbike\/wp-json\/wp\/v2\/media\/6985"}],"wp:attachment":[{"href":"https:\/\/scf.se\/mountainbike\/wp-json\/wp\/v2\/media?parent=6979"}],"wp:term":[{"taxonomy":"category","embeddable":true,"href":"https:\/\/scf.se\/mountainbike\/wp-json\/wp\/v2\/categories?post=6979"},{"taxonomy":"post_tag","embeddable":true,"href":"https:\/\/scf.se\/mountainbike\/wp-json\/wp\/v2\/tags?post=6979"}],"curies":[{"name":"wp","href":"https:\/\/api.w.org\/{rel}","templated":true}]}}