
{"id":349,"date":"2016-04-11T07:24:44","date_gmt":"2016-04-11T05:24:44","guid":{"rendered":"http:\/\/scf.se\/mountainbike\/?p=349"},"modified":"2016-04-11T07:29:41","modified_gmt":"2016-04-11T05:29:41","slug":"storslam-for-landslaget","status":"publish","type":"post","link":"https:\/\/scf.se\/mountainbike\/storslam-for-landslaget\/","title":{"rendered":"Storslam f\u00f6r MTB-landslaget i Tyskland"},"content":{"rendered":"<p>I helgen har landslaget i mountainbike varit i tyska Bad S\u00e4ckingen och deltagit i premi\u00e4ren av den prestigefyllda Bundesligan. Generellt mycket fina resultat av alla deltagare som k\u00f6rt storstilat i den tuffa konkurrensen.<\/p>\n<p>F\u00f6rst ut var herrjuniorerna d\u00e4r Emil Hedlund, fr\u00e5n en ganska d\u00e5lig startposition, k\u00f6rde upp sig ordentligt och slutade p\u00e5 en mycket fin 18:e plats. \u00c4ven Carl Jarnhagen k\u00f6rde bra och kom p\u00e5 en 44:e plats i sin landslagspremi\u00e4r.<br \/>\n\u00d6vriga svenskar var Erik \u00c5kesson, V\u00e4ster\u00e5s CK, 62:a och Anton Olstam, CK Nat\u00e9n S\u00e4ter, DNF.<\/p>\n<p>I herr U23 f\u00f6ljde Emil Linde upp g\u00e5rdagens shortrace seger med en silverplats i cross countryt! V\u00e4ldigt fin \u00e5kning av G\u00e4vlesonen som visar att han tillh\u00f6r toppen i U23.<\/p>\n<div id=\"attachment_354\" class=\"wp-caption alignnone\" ><a href=\"https:\/\/scf.se\/mountainbike\/wp-content\/uploads\/sites\/6\/2016\/04\/Emil-linde-tv\u00e5a-i-Bad-S\u00e4ckingen.jpg\" rel=\"attachment wp-att-354\"><img loading=\"lazy\" decoding=\"async\" class=\"size-post-small wp-image-354\" src=\"https:\/\/scf.se\/mountainbike\/wp-content\/uploads\/sites\/6\/2016\/04\/Emil-linde-tv\u00e5a-i-Bad-S\u00e4ckingen-740x462.jpg\" alt=\"Emil Linde tillh\u00f6r U23-toppen och tog en silverplats.\" width=\"740\" height=\"462\" \/><\/a><p class=\"wp-caption-text\">Emil Linde tillh\u00f6r U23-toppen och tog en silverplats.<\/p><\/div>\n<p>Ida Jansson var n\u00e4sta \u00e5kare ut och hon gjorde som hon brukar och vann i stor stil med n\u00e4stan 2 minuter! En Ida i form \u00e4r sv\u00e5rstoppad.<\/p>\n<p>I herrelit representerades Sverige av Emil Lindgren som k\u00e4mpade tappert men hade inte riktigt farten i kroppen. Emil slutade 28:a i ett v\u00e4ldigt h\u00e5rt startf\u00e4lt.<\/p>\n<p>I damer elit kom Jenny Rissveds, t\u00e4vlandes f\u00f6r Scott Odlo Racing Team, p\u00e5 en mycket fin 2:a plats. \u00d6vriga svenskar damelit var Linn Gustafsson, Borl\u00e4nge CK, 36:a, Felicia Ferner, Borl\u00e4nge CK, 40:e, och Alina Johansson, Mj\u00f6lby CK, 45:a.<\/p>\n<p>Kommande helg \u00e4r det dags f\u00f6r t\u00e4vling i italienska Montichiari. D\u00e4r kommer landslaget best\u00e5 av Ida Jansson, Emil Linde, Emil Lindgren, Martin Setterberg, Felicia Ferner och Jack Kok.<\/p>\n","protected":false},"excerpt":{"rendered":"<p>I helgen har landslaget i mountainbike varit i tyska Bad S\u00e4ckingen och deltagit i premi\u00e4ren av den prestigefyllda Bundesligan. Generellt mycket fina resultat av alla deltagare som k\u00f6rt storstilat i den tuffa konkurrensen. F\u00f6rst ut var herrjuniorerna d\u00e4r Emil Hedlund, fr\u00e5n en ganska d\u00e5lig startposition, k\u00f6rde upp sig ordentligt och slutade p\u00e5 en mycket<a href=\"https:\/\/scf.se\/mountainbike\/storslam-for-landslaget\/\" class=\"news-card__more\"> &#8230;<\/a><\/p>\n","protected":false},"author":2,"featured_media":0,"comment_status":"open","ping_status":"open","sticky":false,"template":"","format":"standard","meta":{"_acf_changed":false,"footnotes":""},"categories":[1],"tags":[],"class_list":["post-349","post","type-post","status-publish","format-standard","hentry","category-mountainbike"],"acf":[],"_links":{"self":[{"href":"https:\/\/scf.se\/mountainbike\/wp-json\/wp\/v2\/posts\/349","targetHints":{"allow":["GET"]}}],"collection":[{"href":"https:\/\/scf.se\/mountainbike\/wp-json\/wp\/v2\/posts"}],"about":[{"href":"https:\/\/scf.se\/mountainbike\/wp-json\/wp\/v2\/types\/post"}],"author":[{"embeddable":true,"href":"https:\/\/scf.se\/mountainbike\/wp-json\/wp\/v2\/users\/2"}],"replies":[{"embeddable":true,"href":"https:\/\/scf.se\/mountainbike\/wp-json\/wp\/v2\/comments?post=349"}],"version-history":[{"count":0,"href":"https:\/\/scf.se\/mountainbike\/wp-json\/wp\/v2\/posts\/349\/revisions"}],"wp:attachment":[{"href":"https:\/\/scf.se\/mountainbike\/wp-json\/wp\/v2\/media?parent=349"}],"wp:term":[{"taxonomy":"category","embeddable":true,"href":"https:\/\/scf.se\/mountainbike\/wp-json\/wp\/v2\/categories?post=349"},{"taxonomy":"post_tag","embeddable":true,"href":"https:\/\/scf.se\/mountainbike\/wp-json\/wp\/v2\/tags?post=349"}],"curies":[{"name":"wp","href":"https:\/\/api.w.org\/{rel}","templated":true}]}}