
{"id":3489,"date":"2023-02-12T20:38:28","date_gmt":"2023-02-12T19:38:28","guid":{"rendered":"http:\/\/scf.se\/mountainbike\/?p=3489"},"modified":"2023-02-13T09:11:26","modified_gmt":"2023-02-13T08:11:26","slug":"klart-ungdoms-em-i-mtb-2024-och-2025-avgors-i-jonkoping","status":"publish","type":"post","link":"https:\/\/scf.se\/mountainbike\/klart-ungdoms-em-i-mtb-2024-och-2025-avgors-i-jonkoping\/","title":{"rendered":"KLART: Ungdoms-EM i MTB 2024 och 2025 avg\u00f6rs i J\u00f6nk\u00f6ping!"},"content":{"rendered":"<p><strong>Det \u00e4r med stor gl\u00e4dje som vi kan meddela att J\u00f6nk\u00f6pings kommun tillsammans med IKHP och IF Hallby blir v\u00e4rdar f\u00f6r ungdoms-EM i mountainbike under tv\u00e5 \u00e5r! Europeiska Cykelf\u00f6rbundet (UEC)\u00a0 bekr\u00e4ftade i ett nyhetsbrev under s\u00f6ndagskv\u00e4llen att J\u00f6nk\u00f6ping tilldelas det stora eventet Youth MTB European Championships b\u00e5de 2024 och 2025.<\/strong><\/p>\n<p>Ett UEM-arrangemang \u00e4r ytterligare ett led i en fantastisk utveckling f\u00f6r svensk mountainbike. Vi p\u00e5 Svenska Cykelf\u00f6rbundet (SCF) tror ocks\u00e5 att detta ytterligare kommer att st\u00e4rka den redan starka MTB-disciplinen och s\u00e4tta ytterligare fokus p\u00e5 cykelsporten i Sverige.<\/p>\n<a href=\"https:\/\/scf.se\/mountainbike\/wp-content\/uploads\/sites\/6\/2023\/02\/ikhp2-scaled.jpg\"><img loading=\"lazy\" decoding=\"async\" class=\"alignnone size-full wp-image-3493\" src=\"https:\/\/scf.se\/mountainbike\/wp-content\/uploads\/sites\/6\/2023\/02\/ikhp2-scaled.jpg\" alt=\"\" width=\"1707\" height=\"2560\" srcset=\"https:\/\/scf.se\/mountainbike\/wp-content\/uploads\/sites\/6\/2023\/02\/ikhp2-scaled.jpg 1707w, https:\/\/scf.se\/mountainbike\/wp-content\/uploads\/sites\/6\/2023\/02\/ikhp2-200x300.jpg 200w, https:\/\/scf.se\/mountainbike\/wp-content\/uploads\/sites\/6\/2023\/02\/ikhp2-683x1024.jpg 683w, https:\/\/scf.se\/mountainbike\/wp-content\/uploads\/sites\/6\/2023\/02\/ikhp2-768x1152.jpg 768w, https:\/\/scf.se\/mountainbike\/wp-content\/uploads\/sites\/6\/2023\/02\/ikhp2-1024x1536.jpg 1024w, https:\/\/scf.se\/mountainbike\/wp-content\/uploads\/sites\/6\/2023\/02\/ikhp2-1366x2048.jpg 1366w\" sizes=\"auto, (max-width: 1707px) 100vw, 1707px\" \/><\/a>\n<p>Minns bara f\u00f6rra \u00e5rets cykelfest i Schweiz d\u00e4r dessutom v\u00e5ra unga svenska cykeltalanger var framtr\u00e4dande b\u00e5de med spets och bredd samt en social samvaro, som sammantaget gav ett minne f\u00f6r livet.<\/p>\n<a href=\"https:\/\/scf.se\/mountainbike\/wp-content\/uploads\/sites\/6\/2023\/02\/Foto-2021-05-19-18-05-31-1.jpg\"><img loading=\"lazy\" decoding=\"async\" class=\"alignnone size-full wp-image-3499\" src=\"https:\/\/scf.se\/mountainbike\/wp-content\/uploads\/sites\/6\/2023\/02\/Foto-2021-05-19-18-05-31-1.jpg\" alt=\"\" width=\"1995\" height=\"2200\" srcset=\"https:\/\/scf.se\/mountainbike\/wp-content\/uploads\/sites\/6\/2023\/02\/Foto-2021-05-19-18-05-31-1.jpg 1995w, https:\/\/scf.se\/mountainbike\/wp-content\/uploads\/sites\/6\/2023\/02\/Foto-2021-05-19-18-05-31-1-272x300.jpg 272w, https:\/\/scf.se\/mountainbike\/wp-content\/uploads\/sites\/6\/2023\/02\/Foto-2021-05-19-18-05-31-1-929x1024.jpg 929w, https:\/\/scf.se\/mountainbike\/wp-content\/uploads\/sites\/6\/2023\/02\/Foto-2021-05-19-18-05-31-1-768x847.jpg 768w, https:\/\/scf.se\/mountainbike\/wp-content\/uploads\/sites\/6\/2023\/02\/Foto-2021-05-19-18-05-31-1-1393x1536.jpg 1393w, https:\/\/scf.se\/mountainbike\/wp-content\/uploads\/sites\/6\/2023\/02\/Foto-2021-05-19-18-05-31-1-1857x2048.jpg 1857w\" sizes=\"auto, (max-width: 1995px) 100vw, 1995px\" \/><\/a>\n<p>B\u00e5de IK Hakarpspojkarna fr\u00e5n Huskvarna och J\u00f6nk\u00f6pingsklubben IF Hallby \u00e4r rutinerade arrang\u00f6rer. Det finns redan bra utmanande banor som tillsammans med uppst\u00e4llningen av lag fr\u00e5n runt 30 olika l\u00e4nder och cirka 800 ungdomar har alla f\u00f6ruts\u00e4ttningar att g\u00f6ra UEM 2024 och 2025 till en succ\u00e9.<\/p>\n<a href=\"https:\/\/scf.se\/mountainbike\/wp-content\/uploads\/sites\/6\/2023\/02\/Foto-2023-02-08-11-29-05.jpg\"><img loading=\"lazy\" decoding=\"async\" class=\"alignnone size-full wp-image-3498\" src=\"https:\/\/scf.se\/mountainbike\/wp-content\/uploads\/sites\/6\/2023\/02\/Foto-2023-02-08-11-29-05.jpg\" alt=\"\" width=\"1921\" height=\"1281\" srcset=\"https:\/\/scf.se\/mountainbike\/wp-content\/uploads\/sites\/6\/2023\/02\/Foto-2023-02-08-11-29-05.jpg 1921w, https:\/\/scf.se\/mountainbike\/wp-content\/uploads\/sites\/6\/2023\/02\/Foto-2023-02-08-11-29-05-300x200.jpg 300w, https:\/\/scf.se\/mountainbike\/wp-content\/uploads\/sites\/6\/2023\/02\/Foto-2023-02-08-11-29-05-1024x683.jpg 1024w, https:\/\/scf.se\/mountainbike\/wp-content\/uploads\/sites\/6\/2023\/02\/Foto-2023-02-08-11-29-05-768x512.jpg 768w, https:\/\/scf.se\/mountainbike\/wp-content\/uploads\/sites\/6\/2023\/02\/Foto-2023-02-08-11-29-05-1536x1024.jpg 1536w\" sizes=\"auto, (max-width: 1921px) 100vw, 1921px\" \/><\/a>\n<blockquote><p>\u201dJ\u00f6nk\u00f6ping\/Huskvarna anordnade Europam\u00e4sterskapen i mountainbike f\u00f6r seniorer 2016. M\u00e4sterskapet blev en stor framg\u00e5ng och flera cyklister har sagt att det var ett av de b\u00e4sta m\u00e4sterskapen n\u00e5gonsin. Nu \u00e4r det dags f\u00f6r de unga \u00e5karna att uppleva vad Sverige, J\u00f6nk\u00f6ping och Huskvarna kan \u00e5stadkomma n\u00e4r det kommer till att anordna ett EM f\u00f6r ungdomar. Svenska Cykelf\u00f6rbundet \u00e4r tacksamma f\u00f6r att UEC har valt ut J\u00f6nk\u00f6ping\/Huskvarna till arrang\u00f6rer av ungdoms-EM i mountainbike 2024 och 2025 och vi ser fram emot att v\u00e4lkomna alla de b\u00e4sta unga europeiska \u00e5karna till Sverige&#8221;, s\u00e4ger Thomas Backteman, vice ordf\u00f6rande i Svenska cykelf\u00f6rbundet och styrelserepresentant i grengrupp MTB.<\/p><\/blockquote>\n<a href=\"https:\/\/scf.se\/mountainbike\/wp-content\/uploads\/sites\/6\/2023\/02\/Foto-2023-02-08-10-53-41-1.jpg\"><img loading=\"lazy\" decoding=\"async\" class=\"alignnone size-full wp-image-3496\" src=\"https:\/\/scf.se\/mountainbike\/wp-content\/uploads\/sites\/6\/2023\/02\/Foto-2023-02-08-10-53-41-1.jpg\" alt=\"\" width=\"2048\" height=\"1363\" srcset=\"https:\/\/scf.se\/mountainbike\/wp-content\/uploads\/sites\/6\/2023\/02\/Foto-2023-02-08-10-53-41-1.jpg 2048w, https:\/\/scf.se\/mountainbike\/wp-content\/uploads\/sites\/6\/2023\/02\/Foto-2023-02-08-10-53-41-1-300x200.jpg 300w, https:\/\/scf.se\/mountainbike\/wp-content\/uploads\/sites\/6\/2023\/02\/Foto-2023-02-08-10-53-41-1-1024x682.jpg 1024w, https:\/\/scf.se\/mountainbike\/wp-content\/uploads\/sites\/6\/2023\/02\/Foto-2023-02-08-10-53-41-1-768x511.jpg 768w, https:\/\/scf.se\/mountainbike\/wp-content\/uploads\/sites\/6\/2023\/02\/Foto-2023-02-08-10-53-41-1-1536x1022.jpg 1536w\" sizes=\"auto, (max-width: 2048px) 100vw, 2048px\" \/><\/a>\n<p>MTB-grenarna som g\u00e4ller \u00e4r XCT, XCC, XCO samt XCR. Detta ska hinnas med under sex dagar som t\u00e4vlingarna p\u00e5g\u00e5r. \u00c5ldern f\u00f6r att delta p\u00e5 m\u00e4sterskapen \u00e4r 13\u201316 \u00e5r. Uppl\u00e4gget \u00e4r att klubbarna tar huvudansvaret var sitt \u00e5r.<\/p>\n<ul>\n<li><strong>2024<\/strong>: Huskvarna, IKHP, 6\u201310 augusti.<\/li>\n<li><strong>2025:<\/strong> Hallby, 5\u20139 augusti.<\/li>\n<\/ul>\n<blockquote><p>\u201dVi \u00e4r glada \u00f6ver att \u00e5terigen f\u00e5 m\u00f6jligheten att anordna stora mountainbiket\u00e4vlingar p\u00e5 h\u00f6g niv\u00e5 i J\u00f6nk\u00f6pings kommun. Med minnen fr\u00e5n EM 2016 i Huskvarna ser vi fram emot att etablera tv\u00e5 fantastiska UEC MTB Youth European Championships p\u00e5 tv\u00e5 olika arenor i J\u00f6nk\u00f6ping 2024 och 2025. IKHP Huskvarna och IF Hallby J\u00f6nk\u00f6ping \u00e4r redo att v\u00e4lkomna Europas b\u00e4sta ungdomar till sina arenor. V\u00e4lkommen till J\u00f6nk\u00f6ping 2024 och 2025\u201d, s\u00e4ger Caroline T\u00f6rnblad p\u00e5 Destination J\u00f6nk\u00f6ping.<\/p><\/blockquote>\n<a href=\"https:\/\/scf.se\/mountainbike\/wp-content\/uploads\/sites\/6\/2023\/02\/Foto-2023-02-08-10-56-48.jpg\"><img loading=\"lazy\" decoding=\"async\" class=\"alignnone size-full wp-image-3495\" src=\"https:\/\/scf.se\/mountainbike\/wp-content\/uploads\/sites\/6\/2023\/02\/Foto-2023-02-08-10-56-48.jpg\" alt=\"\" width=\"2048\" height=\"1363\" srcset=\"https:\/\/scf.se\/mountainbike\/wp-content\/uploads\/sites\/6\/2023\/02\/Foto-2023-02-08-10-56-48.jpg 2048w, https:\/\/scf.se\/mountainbike\/wp-content\/uploads\/sites\/6\/2023\/02\/Foto-2023-02-08-10-56-48-300x200.jpg 300w, https:\/\/scf.se\/mountainbike\/wp-content\/uploads\/sites\/6\/2023\/02\/Foto-2023-02-08-10-56-48-1024x682.jpg 1024w, https:\/\/scf.se\/mountainbike\/wp-content\/uploads\/sites\/6\/2023\/02\/Foto-2023-02-08-10-56-48-768x511.jpg 768w, https:\/\/scf.se\/mountainbike\/wp-content\/uploads\/sites\/6\/2023\/02\/Foto-2023-02-08-10-56-48-1536x1022.jpg 1536w\" sizes=\"auto, (max-width: 2048px) 100vw, 2048px\" \/><\/a>\n<p>S\u00e5 h\u00e4r kommenterar arrang\u00f6rsklubbarna den lika stora som inspirerande uppgiften att arrangera ungdoms-EM:<\/p>\n<blockquote><p>&#8221;Det k\u00e4nns fantastiskt att \u00e4n en g\u00e5ng f\u00e5 v\u00e4lkomna cyklister fr\u00e5n hela Europa till IKHP och Huskvarnabergen. Senast det begav sig var EM 2016 f\u00f6r elit och junior, nu blir det fokus p\u00e5 ungdomar ist\u00e4llet. Vi ska g\u00f6ra v\u00e5rt yttersta f\u00f6r att detta ska bli ett arrangemang att minnas. Vi r\u00e4knar dessutom med att kunna anv\u00e4nda samma bana i \u00e5r p\u00e5 Huskvarnatouren som 2024 p\u00e5 Ungdoms-EM, s\u00e4ger Anders Ljungberg fr\u00e5n IKHP.<\/p>\n<p>&#8221;Vi \u00e4r b\u00e5de glada och stolta \u00f6ver att f\u00e5 den h\u00e4r m\u00f6jligheten av Europeiska och Svenska Cykelf\u00f6rbundet. Det ligger i v\u00e5r f\u00f6renings fokus att s\u00e4tta ungdomar i centrum och d\u00e5 \u00e4r det extra roligt att v\u00e4lkomna cyklister fr\u00e5n hela Europa till v\u00e5r MTB-arena vid Hallbystugan i J\u00f6nk\u00f6ping. Vi tar med oss stor erfarenhet fr\u00e5n nationella event samt UCI t\u00e4vlingar f\u00f6r junior\/elit och siktar p\u00e5 att arrangera intensiva och roliga t\u00e4vlingar p\u00e5 v\u00e5r publikv\u00e4nliga och uppskattade t\u00e4vlingsbana&#8221;, s\u00e4ger Eskil Laago fr\u00e5n IF Hallby.<\/p><\/blockquote>\n<p><em>Text: SCF<\/em><br \/>\n<em>Foto: UEC, IKHP samt de sista fyra bilderna Eskil Laago\/IF Hallby\u00a0\u00a0<\/em><\/p>\n<hr \/>\n<p><em><strong>Svenska Cykelf\u00f6rbundet tackar v\u00e5ra fantastiska samarbetspartners. Kolla g\u00e4rna in dem och deras erbjudanden nedan!<\/strong><\/em><\/p>\n<a href=\"https:\/\/scf.se\/forbundet\/sponsorer\/\"><img loading=\"lazy\" decoding=\"async\" class=\"alignnone size-full wp-image-3486\" src=\"https:\/\/scf.se\/mountainbike\/wp-content\/uploads\/sites\/6\/2023\/02\/LiggandeBannerNyheterHemsida2023.png\" alt=\"\" width=\"1200\" height=\"200\" srcset=\"https:\/\/scf.se\/mountainbike\/wp-content\/uploads\/sites\/6\/2023\/02\/LiggandeBannerNyheterHemsida2023.png 1200w, https:\/\/scf.se\/mountainbike\/wp-content\/uploads\/sites\/6\/2023\/02\/LiggandeBannerNyheterHemsida2023-300x50.png 300w, https:\/\/scf.se\/mountainbike\/wp-content\/uploads\/sites\/6\/2023\/02\/LiggandeBannerNyheterHemsida2023-1024x171.png 1024w, https:\/\/scf.se\/mountainbike\/wp-content\/uploads\/sites\/6\/2023\/02\/LiggandeBannerNyheterHemsida2023-768x128.png 768w\" sizes=\"auto, (max-width: 1200px) 100vw, 1200px\" \/><\/a>\n","protected":false},"excerpt":{"rendered":"<p>Det \u00e4r med stor gl\u00e4dje som vi kan meddela att J\u00f6nk\u00f6pings kommun tillsammans med IKHP och IF Hallby blir v\u00e4rdar f\u00f6r ungdoms-EM i mountainbike under tv\u00e5 \u00e5r! Europeiska Cykelf\u00f6rbundet (UEC)\u00a0 bekr\u00e4ftade i ett nyhetsbrev under s\u00f6ndagskv\u00e4llen att J\u00f6nk\u00f6ping tilldelas det stora eventet Youth MTB European Championships b\u00e5de 2024 och 2025. Ett UEM-arrangemang \u00e4r ytterligare<a href=\"https:\/\/scf.se\/mountainbike\/klart-ungdoms-em-i-mtb-2024-och-2025-avgors-i-jonkoping\/\" class=\"news-card__more\"> &#8230;<\/a><\/p>\n","protected":false},"author":41,"featured_media":3492,"comment_status":"open","ping_status":"open","sticky":false,"template":"","format":"standard","meta":{"_acf_changed":false,"footnotes":""},"categories":[1],"tags":[],"class_list":["post-3489","post","type-post","status-publish","format-standard","hentry","category-mountainbike"],"acf":[],"_links":{"self":[{"href":"https:\/\/scf.se\/mountainbike\/wp-json\/wp\/v2\/posts\/3489","targetHints":{"allow":["GET"]}}],"collection":[{"href":"https:\/\/scf.se\/mountainbike\/wp-json\/wp\/v2\/posts"}],"about":[{"href":"https:\/\/scf.se\/mountainbike\/wp-json\/wp\/v2\/types\/post"}],"author":[{"embeddable":true,"href":"https:\/\/scf.se\/mountainbike\/wp-json\/wp\/v2\/users\/41"}],"replies":[{"embeddable":true,"href":"https:\/\/scf.se\/mountainbike\/wp-json\/wp\/v2\/comments?post=3489"}],"version-history":[{"count":0,"href":"https:\/\/scf.se\/mountainbike\/wp-json\/wp\/v2\/posts\/3489\/revisions"}],"wp:featuredmedia":[{"embeddable":true,"href":"https:\/\/scf.se\/mountainbike\/wp-json\/wp\/v2\/media\/3492"}],"wp:attachment":[{"href":"https:\/\/scf.se\/mountainbike\/wp-json\/wp\/v2\/media?parent=3489"}],"wp:term":[{"taxonomy":"category","embeddable":true,"href":"https:\/\/scf.se\/mountainbike\/wp-json\/wp\/v2\/categories?post=3489"},{"taxonomy":"post_tag","embeddable":true,"href":"https:\/\/scf.se\/mountainbike\/wp-json\/wp\/v2\/tags?post=3489"}],"curies":[{"name":"wp","href":"https:\/\/api.w.org\/{rel}","templated":true}]}}