
{"id":2790,"date":"2022-06-22T09:57:57","date_gmt":"2022-06-22T07:57:57","guid":{"rendered":"http:\/\/scf.se\/mountainbike\/?p=2790"},"modified":"2022-06-22T10:05:33","modified_gmt":"2022-06-22T08:05:33","slug":"nordiskt-samarbete-hafjell-i-norge-blir-destinationen-for-sm-i-downhill","status":"publish","type":"post","link":"https:\/\/scf.se\/mountainbike\/nordiskt-samarbete-hafjell-i-norge-blir-destinationen-for-sm-i-downhill\/","title":{"rendered":"Nordiskt samarbete: Hafjell i Norge blir destinationen f\u00f6r SM i downhill"},"content":{"rendered":"<p><strong>Nu \u00e4r det \u00e4ntligen klart och spikat med destinationen f\u00f6r SM i downhill. L\u00f6sningen f\u00f6r att f\u00e5 fram b\u00e5de en arrang\u00f6r och utslagsgivande banor blev bra: fantastiskt fina Hafjell i Norge 13\u201314 augusti. Och m\u00e5let \u00e4r att detta ska utmynna i ett st\u00f6rre nordiskt samarbete med just DH.<\/strong><\/p>\n<a href=\"https:\/\/scf.se\/mountainbike\/wp-content\/uploads\/sites\/6\/2022\/06\/289005116_1411565672696777_8078386467261503019_n.png\"><img loading=\"lazy\" decoding=\"async\" class=\"alignnone size-full wp-image-2793\" src=\"https:\/\/scf.se\/mountainbike\/wp-content\/uploads\/sites\/6\/2022\/06\/289005116_1411565672696777_8078386467261503019_n.png\" alt=\"\" width=\"2048\" height=\"1366\" srcset=\"https:\/\/scf.se\/mountainbike\/wp-content\/uploads\/sites\/6\/2022\/06\/289005116_1411565672696777_8078386467261503019_n.png 2048w, https:\/\/scf.se\/mountainbike\/wp-content\/uploads\/sites\/6\/2022\/06\/289005116_1411565672696777_8078386467261503019_n-300x200.png 300w, https:\/\/scf.se\/mountainbike\/wp-content\/uploads\/sites\/6\/2022\/06\/289005116_1411565672696777_8078386467261503019_n-1024x683.png 1024w, https:\/\/scf.se\/mountainbike\/wp-content\/uploads\/sites\/6\/2022\/06\/289005116_1411565672696777_8078386467261503019_n-768x512.png 768w, https:\/\/scf.se\/mountainbike\/wp-content\/uploads\/sites\/6\/2022\/06\/289005116_1411565672696777_8078386467261503019_n-1536x1025.png 1536w\" sizes=\"auto, (max-width: 2048px) 100vw, 2048px\" \/><\/a>\n<blockquote><p>&#8221;Vi hade inte n\u00e5gra arrang\u00f6rer till i \u00e5r och har haft samarbete tidigare med Norge; stor f\u00f6rdel att vi kan hj\u00e4lpas \u00e5t och att det blir b\u00e4ttre konkurrens, inte minst f\u00f6r v\u00e5ra elitcyklister. Vi fr\u00e5n f\u00f6rbundet f\u00f6rs\u00f6ker ocks\u00e5 jobba f\u00f6r att ut\u00f6ka tekniken hos yngre \u00e5kare. \u00c4ven om vi p\u00e5 SM k\u00f6r en sammanslagen klass p\u00e5 ungdomssidan vill vi ocks\u00e5 puffa f\u00f6r att de i Norge har flera ungdomsklasser. Varf\u00f6r inte \u00e5ka till Hafjell hela familjen&#8221;, s\u00e4ger Malin Lindgren Henttonen som \u00e4r t\u00e4vlingsansvarig p\u00e5 Svenska Cykelf\u00f6rbundet.<\/p><\/blockquote>\n<p>Arrangemanget sker tillsammans med arrang\u00f6ren SK Rye, som arrangerar s\u00e5v\u00e4l Norska cupen, Norska M\u00e4sterskapen och s\u00e5 sist men inte minst allts\u00e5 numera \u00e4ven SM i downhill den 13 och 14 augusti. H\u00e4r blir det tv\u00e5 \u00e5k p\u00e5 en helg, s\u00e5 dubbelt s\u00e5 roligt!<\/p>\n<blockquote><p>&#8221;Vi ser det som ett steg mot ett fortsatt nordisk samarbete. Jag har f\u00f6rhoppningar om en nordisk cup. F\u00f6r vi vill ha fler norska DH-\u00e5kare som t\u00e4vlar i Sverige. Ja,\u00a0\u00e4ven cyklister fr\u00e5n \u00f6vriga grannl\u00e4nder&#8221;, s\u00e4ger Malin Lindgren Henttonen.<\/p><\/blockquote>\n<a href=\"https:\/\/scf.se\/mountainbike\/wp-content\/uploads\/sites\/6\/2022\/06\/288884499_541973234140410_1038795622118156724_n.png\"><img loading=\"lazy\" decoding=\"async\" class=\"alignnone size-full wp-image-2794\" src=\"https:\/\/scf.se\/mountainbike\/wp-content\/uploads\/sites\/6\/2022\/06\/288884499_541973234140410_1038795622118156724_n.png\" alt=\"\" width=\"2048\" height=\"1366\" srcset=\"https:\/\/scf.se\/mountainbike\/wp-content\/uploads\/sites\/6\/2022\/06\/288884499_541973234140410_1038795622118156724_n.png 2048w, https:\/\/scf.se\/mountainbike\/wp-content\/uploads\/sites\/6\/2022\/06\/288884499_541973234140410_1038795622118156724_n-300x200.png 300w, https:\/\/scf.se\/mountainbike\/wp-content\/uploads\/sites\/6\/2022\/06\/288884499_541973234140410_1038795622118156724_n-1024x683.png 1024w, https:\/\/scf.se\/mountainbike\/wp-content\/uploads\/sites\/6\/2022\/06\/288884499_541973234140410_1038795622118156724_n-768x512.png 768w, https:\/\/scf.se\/mountainbike\/wp-content\/uploads\/sites\/6\/2022\/06\/288884499_541973234140410_1038795622118156724_n-1536x1025.png 1536w\" sizes=\"auto, (max-width: 2048px) 100vw, 2048px\" \/><\/a>\n<p>Arenan f\u00f6r loppet \u00e4r Midtstasjon i Hafjell Bike Park. M-leden var den f\u00f6rsta cykelleden som byggdes i Hafjell. Leden byggdes p\u00e5 frivillig basis och den f\u00f6rsta upplagan blev klar 2002. I samband med m\u00e4sterskapsbanans 20-\u00e5rsjubileum \u00e4r det dags att ta tillbaka denna klassiker och nu \u00e4ven som\u00a0 SM. Midtstasjonleden \u00e4r drygt 1800 meter l\u00e5ng med en h\u00f6jdskillnad p\u00e5 288 meter och inneh\u00e5ller alla element som en DH-led ska ha, beskriver arrang\u00f6ren i sin inbjudan som ni hittar nedan.<\/p>\n<p>D\u00e4r hittar ni ocks\u00e5 anvisningar f\u00f6r anm\u00e4lan, som g\u00f6rs direkt till den norska arrang\u00f6ren. De klasser som har SM-status \u00e4r tydligt markerade, men de svenska SM-cyklisterna startar allts\u00e5 i samma klasser som de norska.<\/p>\n<ul>\n<li><a href=\"https:\/\/scf.se\/mountainbike\/wp-content\/uploads\/sites\/6\/2022\/06\/Inbjudan-NC-NM-SM-Hafjell-13-14.8.2022.pdf\"><em><strong>Norska arrang\u00f6rens inbjudan, all n\u00f6dv\u00e4ndig info och hur du anm\u00e4ler dig till DH-SM i Hafjell H\u00c4R!\u00a0<\/strong><\/em><\/a><\/li>\n<\/ul>\n<p><em>Text: SCF<\/em><br \/>\n<em>Foto: Union<\/em><\/p>\n","protected":false},"excerpt":{"rendered":"<p>Nu \u00e4r det \u00e4ntligen klart och spikat med destinationen f\u00f6r SM i downhill. L\u00f6sningen f\u00f6r att f\u00e5 fram b\u00e5de en arrang\u00f6r och utslagsgivande banor blev bra: fantastiskt fina Hafjell i Norge 13\u201314 augusti. Och m\u00e5let \u00e4r att detta ska utmynna i ett st\u00f6rre nordiskt samarbete med just DH. &#8221;Vi hade inte n\u00e5gra arrang\u00f6rer till<a href=\"https:\/\/scf.se\/mountainbike\/nordiskt-samarbete-hafjell-i-norge-blir-destinationen-for-sm-i-downhill\/\" class=\"news-card__more\"> &#8230;<\/a><\/p>\n","protected":false},"author":41,"featured_media":2792,"comment_status":"open","ping_status":"open","sticky":false,"template":"","format":"standard","meta":{"_acf_changed":false,"footnotes":""},"categories":[1],"tags":[],"class_list":["post-2790","post","type-post","status-publish","format-standard","hentry","category-mountainbike"],"acf":[],"_links":{"self":[{"href":"https:\/\/scf.se\/mountainbike\/wp-json\/wp\/v2\/posts\/2790","targetHints":{"allow":["GET"]}}],"collection":[{"href":"https:\/\/scf.se\/mountainbike\/wp-json\/wp\/v2\/posts"}],"about":[{"href":"https:\/\/scf.se\/mountainbike\/wp-json\/wp\/v2\/types\/post"}],"author":[{"embeddable":true,"href":"https:\/\/scf.se\/mountainbike\/wp-json\/wp\/v2\/users\/41"}],"replies":[{"embeddable":true,"href":"https:\/\/scf.se\/mountainbike\/wp-json\/wp\/v2\/comments?post=2790"}],"version-history":[{"count":0,"href":"https:\/\/scf.se\/mountainbike\/wp-json\/wp\/v2\/posts\/2790\/revisions"}],"wp:featuredmedia":[{"embeddable":true,"href":"https:\/\/scf.se\/mountainbike\/wp-json\/wp\/v2\/media\/2792"}],"wp:attachment":[{"href":"https:\/\/scf.se\/mountainbike\/wp-json\/wp\/v2\/media?parent=2790"}],"wp:term":[{"taxonomy":"category","embeddable":true,"href":"https:\/\/scf.se\/mountainbike\/wp-json\/wp\/v2\/categories?post=2790"},{"taxonomy":"post_tag","embeddable":true,"href":"https:\/\/scf.se\/mountainbike\/wp-json\/wp\/v2\/tags?post=2790"}],"curies":[{"name":"wp","href":"https:\/\/api.w.org\/{rel}","templated":true}]}}