
{"id":2405,"date":"2022-04-05T08:49:25","date_gmt":"2022-04-05T06:49:25","guid":{"rendered":"http:\/\/scf.se\/mountainbike\/?p=2405"},"modified":"2022-04-05T17:23:26","modified_gmt":"2022-04-05T15:23:26","slug":"ostersunds-ck-dukar-upp-till-sm-fest-i-enduro-i-tva-fina-omraden","status":"publish","type":"post","link":"https:\/\/scf.se\/mountainbike\/ostersunds-ck-dukar-upp-till-sm-fest-i-enduro-i-tva-fina-omraden\/","title":{"rendered":"\u00d6stersunds CK dukar upp till SM-fest i Enduro \u2013 i tv\u00e5 fina omr\u00e5den"},"content":{"rendered":"<p><strong>Nu \u00e4r det helt klart att \u00d6stersunds Cykelklubb arrangerar svenska m\u00e4sterskapen i Enduro, den 28 augusti! J\u00e4mtlandsklubben \u00e4r sedan tidigare klar som arrang\u00f6r f\u00f6r fj\u00e4rde SWE Cup-delt\u00e4vlingen och h\u00f6jer evenemanget till n\u00e4sta niv\u00e5 n\u00e4r \u00d6CK nu inkluderar 2022 \u00e5rs SM i Enduro.\u00a0<\/strong><\/p>\n<blockquote><p>\u201dVi \u00e4r j\u00e4tteglada \u00f6ver att ha f\u00e5tt f\u00f6rtroendet och det blir ett uppsving f\u00f6r v\u00e5r t\u00e4vling. Visst, det var j\u00e4ttekul att endast f\u00e5 f\u00f6rtroendet f\u00f6r SWE Cup. Men vi var \u00e4nd\u00e5 lite r\u00e4dda att n\u00e5gra SWE Cup-deltagare inte skulle dyka upp, d\u00e5 det \u00e4r en bit att \u00e5ka. Svenska M\u00e4sterskapen drar folk&#8221;, s\u00e4ger Bj\u00f6rn Sigvardsson, t\u00e4vlingsledare hos arrangerande \u00d6stersunds Cykelklubb.<\/p><\/blockquote>\n<p>Klubben p\u00e5minner sig om antalet deltagare vid svenska m\u00e4sterskapen i J\u00e4rvs\u00f6 f\u00f6rra \u00e5ret. D\u00e5 dubblerades antalet medverkande gentemot f\u00f6rg\u00e5ende \u00e5r med endast SWE Cup.<\/p>\n<blockquote><p>&#8221;Skillnaden f\u00f6r oss i \u00e5r blir lite l\u00e4ngre banstr\u00e4ckning f\u00f6r t\u00e4vlingsklasserna. S\u00e5 vi f\u00e5r till h\u00f6jdmeterna. Och vi vill s\u00e5klart k\u00f6ra elitslingor p\u00e5 de b\u00e5da omr\u00e5dena.&#8221;<\/p><\/blockquote>\n<p>\u00d6stersund \u00e4r en av alla orter d\u00e4r Enduro har v\u00e4xt ordentligt de senaste \u00e5ren.<\/p>\n<blockquote><p>&#8221;Regerande svenska m\u00e4starinnan Filippa Ring bor i staden, i l\u00e4net bor ocks\u00e5 Robin Wallner, som tillh\u00f6rt v\u00e4rldstoppen i enduro i m\u00e5nga \u00e5r. Och Endurogemenskapen mellan \u00c5re och \u00d6stersund \u00e4r stark&#8221;, p\u00e5pekar Sigvardsson.<\/p><\/blockquote>\n<p>Nu vill klubben ocks\u00e5 visa sin fina verksamhet f\u00f6r allm\u00e4nheten i \u00d6stersund. Speciellt ungdomsverksamhet \u00e4r viktig f\u00f6r sportens utveckling. Och med en stark kultur av sport och natur bland j\u00e4mtl\u00e4nningarna, finns det mycket potential inom omr\u00e5det. Str\u00e4ckorna kommer att dras p\u00e5 tv\u00e5 platser, med ett f\u00f6rh\u00e5llandevis kort avst\u00e5nd till \u00d6stersunds stadsk\u00e4rna.<\/p>\n<a href=\"https:\/\/scf.se\/mountainbike\/wp-content\/uploads\/sites\/6\/2022\/04\/Namnlos-19-\u00d7-13-cm-190-\u00d7-126-mm-190-\u00d7-135-mm-184-\u00d7-130-mm-190-\u00d7-130-mm-190-\u00d7-125-mm-190-\u00d7-110-mm-190-\u00d7-125-mm-160-\u00d7-125-mm-265-\u00d7-125-mm-190-\u00d7-125-mm-2-scaled.jpg\"><img loading=\"lazy\" decoding=\"async\" class=\"alignnone size-full wp-image-2406\" src=\"https:\/\/scf.se\/mountainbike\/wp-content\/uploads\/sites\/6\/2022\/04\/Namnlos-19-\u00d7-13-cm-190-\u00d7-126-mm-190-\u00d7-135-mm-184-\u00d7-130-mm-190-\u00d7-130-mm-190-\u00d7-125-mm-190-\u00d7-110-mm-190-\u00d7-125-mm-160-\u00d7-125-mm-265-\u00d7-125-mm-190-\u00d7-125-mm-2-scaled.jpg\" alt=\"\" width=\"2560\" height=\"1684\" srcset=\"https:\/\/scf.se\/mountainbike\/wp-content\/uploads\/sites\/6\/2022\/04\/Namnlos-19-\u00d7-13-cm-190-\u00d7-126-mm-190-\u00d7-135-mm-184-\u00d7-130-mm-190-\u00d7-130-mm-190-\u00d7-125-mm-190-\u00d7-110-mm-190-\u00d7-125-mm-160-\u00d7-125-mm-265-\u00d7-125-mm-190-\u00d7-125-mm-2-scaled.jpg 2560w, https:\/\/scf.se\/mountainbike\/wp-content\/uploads\/sites\/6\/2022\/04\/Namnlos-19-\u00d7-13-cm-190-\u00d7-126-mm-190-\u00d7-135-mm-184-\u00d7-130-mm-190-\u00d7-130-mm-190-\u00d7-125-mm-190-\u00d7-110-mm-190-\u00d7-125-mm-160-\u00d7-125-mm-265-\u00d7-125-mm-190-\u00d7-125-mm-2-300x197.jpg 300w, https:\/\/scf.se\/mountainbike\/wp-content\/uploads\/sites\/6\/2022\/04\/Namnlos-19-\u00d7-13-cm-190-\u00d7-126-mm-190-\u00d7-135-mm-184-\u00d7-130-mm-190-\u00d7-130-mm-190-\u00d7-125-mm-190-\u00d7-110-mm-190-\u00d7-125-mm-160-\u00d7-125-mm-265-\u00d7-125-mm-190-\u00d7-125-mm-2-1024x674.jpg 1024w, https:\/\/scf.se\/mountainbike\/wp-content\/uploads\/sites\/6\/2022\/04\/Namnlos-19-\u00d7-13-cm-190-\u00d7-126-mm-190-\u00d7-135-mm-184-\u00d7-130-mm-190-\u00d7-130-mm-190-\u00d7-125-mm-190-\u00d7-110-mm-190-\u00d7-125-mm-160-\u00d7-125-mm-265-\u00d7-125-mm-190-\u00d7-125-mm-2-768x505.jpg 768w, https:\/\/scf.se\/mountainbike\/wp-content\/uploads\/sites\/6\/2022\/04\/Namnlos-19-\u00d7-13-cm-190-\u00d7-126-mm-190-\u00d7-135-mm-184-\u00d7-130-mm-190-\u00d7-130-mm-190-\u00d7-125-mm-190-\u00d7-110-mm-190-\u00d7-125-mm-160-\u00d7-125-mm-265-\u00d7-125-mm-190-\u00d7-125-mm-2-1536x1010.jpg 1536w\" sizes=\"auto, (max-width: 2560px) 100vw, 2560px\" \/><\/a>\n<blockquote><p>&#8221;Ja, vi vill verkligen g\u00f6ra det h\u00e4r. Just att l\u00e5ta kommunen omfamna Enduro som en framtidssport h\u00e4r, \u00e4r en j\u00e4ttestor del i att vi s\u00e5 g\u00e4rna ville ha ett SM. Det \u00e4r j\u00e4ttekul!&#8221;<\/p><\/blockquote>\n<p>\u00d6stberget p\u00e5 Fr\u00f6s\u00f6n \u00e4r v\u00e4l etablerat i gravitykretsar och erbjuder inte bara magiskt vackra vyer ner mot Storsj\u00f6n, utan riktigt fin Enduroterr\u00e4ng.<\/p>\n<blockquote><p>\u201dRiktigt tekniska bitar, lite &#8221;flowiga&#8221; leder med hopp och berms. Tekniskt och flowigt kan man sammanfatta det som redan f\u00f6re vi f\u00f6rhoppningsvis f\u00e5r \u00f6ppna en helt ny led. Men det finns ocks\u00e5 mycket naturstigar p\u00e5 \u00d6stberget.&#8221;<\/p><\/blockquote>\n<p>Ungef\u00e4r fyra kilometer bort ligger f\u00f6r de flesta mera outforskade B\u00f6le stigomr\u00e5de d\u00e4r tv\u00e5-tre str\u00e4ckor ska dras. Det blir en naturlig transportstr\u00e4cka \u00f6ver vackra Vallsundsbron, mot B\u00f6le t\u00e4vlingsomr\u00e5de.<\/p>\n<blockquote><p>&#8221;H\u00e4r finns den l\u00e4ngsta leden som kommer att vara med p\u00e5 SM. Den har \u00f6ver 100 fallh\u00f6jdsmeter, en h\u00e4rligt flowig led. B\u00f6le har g\u00e5tt mycket under radarn s\u00e5 det \u00e4r KUL om vi f\u00e5r visa upp hela det omr\u00e5det s\u00e5 som vi har t\u00e4nkt oss&#8221;, sa Bj\u00f6rn Sigvardsson redan veckan f\u00f6re de sista p\u00e5skrifterna fr\u00e5n ber\u00f6rda parter.<\/p><\/blockquote>\n<p>Och nu \u00e4r allt klart f\u00f6r en riktigt varierad SM-t\u00e4vling. Eftersom t\u00e4vlingen arrangeras i fantastisk natur med ett unikt l\u00e4ge, n\u00e4ra stad och dess faciliteter, hoppas arrang\u00f6ren p\u00e5 en ordentlig publikfest. \u00d6CK har ocks\u00e5 laddat f\u00f6r olika sidoaktiviteter, \u00e4ven f\u00f6r de allra minsta endurofantasterna.<\/p>\n<p>Bj\u00f6rn Sigvardsson har redan sett tecken p\u00e5 att Endurocyklingen tas p\u00e5 st\u00f6rre allvar inom staden:<\/p>\n<blockquote><p>&#8221;Det blev just klart att lifttiderna ut\u00f6kas enormt och de k\u00f6rs redan vecka 20, till vecka 36. Uppsvinget \u00e4r stort. Skidsporten i all \u00e4ra, den \u00e4r j\u00e4ttestor h\u00e4r \u2013 men nu b\u00f6rjar vinterstaden \u00d6stersund fokusera lite mer \u00e4ven p\u00e5 andra halvan av \u00e5ret.&#8221;<\/p><\/blockquote>\n<p><strong><em>Det g\u00e5r redan bra att b\u00f6rja <a href=\"https:\/\/www.sportstiming.dk\/event\/10427\">anm\u00e4la sig H\u00c4R till \u00e5rets SM i Enduro<\/a> i \u00d6stersund den 28 augusti!\u00a0<\/em><\/strong><\/p>\n<a href=\"https:\/\/scf.se\/mountainbike\/wp-content\/uploads\/sites\/6\/2022\/03\/Enduro.jpg\"><img loading=\"lazy\" decoding=\"async\" class=\"alignnone size-full wp-image-2363\" src=\"https:\/\/scf.se\/mountainbike\/wp-content\/uploads\/sites\/6\/2022\/03\/Enduro.jpg\" alt=\"\" width=\"788\" height=\"460\" srcset=\"https:\/\/scf.se\/mountainbike\/wp-content\/uploads\/sites\/6\/2022\/03\/Enduro.jpg 788w, https:\/\/scf.se\/mountainbike\/wp-content\/uploads\/sites\/6\/2022\/03\/Enduro-300x175.jpg 300w, https:\/\/scf.se\/mountainbike\/wp-content\/uploads\/sites\/6\/2022\/03\/Enduro-768x448.jpg 768w\" sizes=\"auto, (max-width: 788px) 100vw, 788px\" \/><\/a>\n<p><em>Text: Tomas Larsson\/SCF\u00a0 \u00a0Foto: \u00d6stersunds CK och n\u00e4rmast ovan SCF<\/em><\/p>\n","protected":false},"excerpt":{"rendered":"<p>Nu \u00e4r det helt klart att \u00d6stersunds Cykelklubb arrangerar svenska m\u00e4sterskapen i Enduro, den 28 augusti! J\u00e4mtlandsklubben \u00e4r sedan tidigare klar som arrang\u00f6r f\u00f6r fj\u00e4rde SWE Cup-delt\u00e4vlingen och h\u00f6jer evenemanget till n\u00e4sta niv\u00e5 n\u00e4r \u00d6CK nu inkluderar 2022 \u00e5rs SM i Enduro.\u00a0 \u201dVi \u00e4r j\u00e4tteglada \u00f6ver att ha f\u00e5tt f\u00f6rtroendet och det blir ett<a href=\"https:\/\/scf.se\/mountainbike\/ostersunds-ck-dukar-upp-till-sm-fest-i-enduro-i-tva-fina-omraden\/\" class=\"news-card__more\"> &#8230;<\/a><\/p>\n","protected":false},"author":41,"featured_media":2411,"comment_status":"open","ping_status":"open","sticky":false,"template":"","format":"standard","meta":{"_acf_changed":false,"footnotes":""},"categories":[1],"tags":[],"class_list":["post-2405","post","type-post","status-publish","format-standard","hentry","category-mountainbike"],"acf":[],"_links":{"self":[{"href":"https:\/\/scf.se\/mountainbike\/wp-json\/wp\/v2\/posts\/2405","targetHints":{"allow":["GET"]}}],"collection":[{"href":"https:\/\/scf.se\/mountainbike\/wp-json\/wp\/v2\/posts"}],"about":[{"href":"https:\/\/scf.se\/mountainbike\/wp-json\/wp\/v2\/types\/post"}],"author":[{"embeddable":true,"href":"https:\/\/scf.se\/mountainbike\/wp-json\/wp\/v2\/users\/41"}],"replies":[{"embeddable":true,"href":"https:\/\/scf.se\/mountainbike\/wp-json\/wp\/v2\/comments?post=2405"}],"version-history":[{"count":0,"href":"https:\/\/scf.se\/mountainbike\/wp-json\/wp\/v2\/posts\/2405\/revisions"}],"wp:featuredmedia":[{"embeddable":true,"href":"https:\/\/scf.se\/mountainbike\/wp-json\/wp\/v2\/media\/2411"}],"wp:attachment":[{"href":"https:\/\/scf.se\/mountainbike\/wp-json\/wp\/v2\/media?parent=2405"}],"wp:term":[{"taxonomy":"category","embeddable":true,"href":"https:\/\/scf.se\/mountainbike\/wp-json\/wp\/v2\/categories?post=2405"},{"taxonomy":"post_tag","embeddable":true,"href":"https:\/\/scf.se\/mountainbike\/wp-json\/wp\/v2\/tags?post=2405"}],"curies":[{"name":"wp","href":"https:\/\/api.w.org\/{rel}","templated":true}]}}