
{"id":2330,"date":"2022-01-28T18:56:02","date_gmt":"2022-01-28T17:56:02","guid":{"rendered":"http:\/\/scf.se\/mountainbike\/?p=2330"},"modified":"2022-02-03T16:10:40","modified_gmt":"2022-02-03T15:10:40","slug":"tre-nya-arrangorer-i-swe-cup-enduro-xc-programmet-klart","status":"publish","type":"post","link":"https:\/\/scf.se\/mountainbike\/tre-nya-arrangorer-i-swe-cup-enduro-xc-programmet-klart\/","title":{"rendered":"Tre nya arrang\u00f6rer i SWE Cup Enduro \u2013 XC-programmet klart"},"content":{"rendered":"<p><strong>Nu \u00e4r klart att det blir tre nya arrang\u00f6rsorter i ett p\u00e5 papperet riktigt roligt andra \u00e5r av SWE Cup enduro. \u00c4ven n\u00e4r det g\u00e4ller SWE Cup f\u00f6r XC-grenarna har gl\u00e4djande nog G\u00f6teborg tillkommit som arrang\u00f6r.\u00a0 Och det blir sju klassiker i L\u00e5ngloppscupen.<\/strong><\/p>\n<p>Det blev deltagarm\u00e4ssig succ\u00e9, inte minst i\u00a0 finalen, n\u00e4r SWE Cup enduro arrangerades f\u00f6r f\u00f6rsta \u00e5ret 2021. Nu har premi\u00e4rorten G\u00f6teborg, delt\u00e4vling 4 \u00d6stersund och 6 Stockholm gl\u00e4djande nog anslutit sig till MTB-grenen som inte minst samlade mycket ungdomar under f\u00f6rsta SWE Cup-s\u00e4songen.<\/p>\n<h3>SWE Cup Enduro 2022<\/h3>\n<p><strong>24 april:<\/strong> #1 Enduro SWE Cup sprint G\u00f6teborg (Ny arrang\u00f6r 2022).<br \/>\n<strong>29 maj:<\/strong> #2 Enduro SWE Cup Arvika.<br \/>\n<strong>Datum ej klart:<\/strong> #2\u00a0 Enduro SWE Cup \u00c5re.<br \/>\n<strong>Datum ej klart:<\/strong> #4 Enduro SWE Cup \u00d6stersund (Ny arrang\u00f6r 2022).<br \/>\n<strong>10-11 september:<\/strong> #5 Enduro SWE Cup, Falun.<br \/>\n<strong>Datum ej klart<\/strong>: #6 Enduro SWE Cup sprint Stockholm (Ny arrang\u00f6r 2022).<br \/>\n<strong>2 oktober:<\/strong> #7 FINAL Enduro SWE Cup, Isaberg.<\/p>\n<p>\u00c4ven n\u00e4r det g\u00e4ller XCO har G\u00f6teborg tillkommit i SWE Cup, f\u00f6r en UCI C1-klassad delt\u00e4vling.<\/p>\n<div id=\"attachment_2332\" class=\"wp-caption alignnone\" ><a href=\"https:\/\/scf.se\/mountainbike\/wp-content\/uploads\/sites\/6\/2022\/01\/XCO-Swecup.jpg\"><img loading=\"lazy\" decoding=\"async\" class=\"size-full wp-image-2332\" src=\"https:\/\/scf.se\/mountainbike\/wp-content\/uploads\/sites\/6\/2022\/01\/XCO-Swecup.jpg\" alt=\"\" width=\"1536\" height=\"957\" srcset=\"https:\/\/scf.se\/mountainbike\/wp-content\/uploads\/sites\/6\/2022\/01\/XCO-Swecup.jpg 1536w, https:\/\/scf.se\/mountainbike\/wp-content\/uploads\/sites\/6\/2022\/01\/XCO-Swecup-300x187.jpg 300w, https:\/\/scf.se\/mountainbike\/wp-content\/uploads\/sites\/6\/2022\/01\/XCO-Swecup-1024x638.jpg 1024w, https:\/\/scf.se\/mountainbike\/wp-content\/uploads\/sites\/6\/2022\/01\/XCO-Swecup-768x479.jpg 768w, https:\/\/scf.se\/mountainbike\/wp-content\/uploads\/sites\/6\/2022\/01\/XCO-Swecup-740x462.jpg 740w\" sizes=\"auto, (max-width: 1536px) 100vw, 1536px\" \/><\/a><p class=\"wp-caption-text\">Grymt fin t\u00e4vling under SWE Cup i J\u00f6nk\u00f6ping 2021. FOTO: Eskil Laago (@eskillaago)<\/p><\/div>\n<h3>SWE Cup XCO\/XCC 2022<\/h3>\n<p><strong>30 april:<\/strong> #1 SWE Cup XCO (UCI C2) Klippingeracet, CK Nat\u00e9n S\u00e4ter,<br \/>\n<strong>21 maj:\u00a0<\/strong> #2 Cup XCO (UCI C1) Gothenburg MTB race, CK Master G\u00f6teborg (Ny arrang\u00f6r 2022),<br \/>\n<strong>26\u201328 maj:<\/strong> #3 SWE Cup XCO\/XCC\/XCT (UCI C1) Huskvarna MTB Tour, IK HP.<br \/>\n<strong>11\u201313 juni: <\/strong>#4 SWE Cup XCO\/XCC Borl\u00e4nge Tour, Borl\u00e4nge CK.<br \/>\n<strong>17\u201319 juni:\u00a0<\/strong> #5 SWE Cup XCO (UCI C1) Lugnet XCO, Falu CK Falun (Inkl. WC XCE).<br \/>\n<strong>3\u20134 september:<\/strong> #6, 7 SWE Cup XCO och XCC BCA-Racet, Bor\u00e5s CA.<br \/>\n<strong>17\u201318 september:<\/strong> #8 SWE Cup XCO (UCI C2) och XCC Hallbyrundan, IF Hallby.<\/p>\n<h3>L\u00e5ngloppscupen XCM 2022<\/h3>\n<p><strong>7 maj:<\/strong> Billingeracet, Sk\u00f6vde<br \/>\n<strong>22 maj:<\/strong> Lida Loop, Stockholm<br \/>\n<strong>3 juli:<\/strong> R\u00e4nnesl\u00e4ttsturen, Eksj\u00f6<br \/>\n<strong>10 juli:<\/strong> M\u00f6rksuggejakten, R\u00e4ttvik<br \/>\n<strong>24 juli: <\/strong>Engelbrektsturen, Norberg<br \/>\n<strong>31 juli:<\/strong> Finnmarksturen, Ludvika<br \/>\n<strong>27 augusti:<\/strong> 7 Bockstensturen, Varberg<br \/>\n(Dessa \u00e4r de helt klara, n\u00e5gon arrang\u00f6r kan tillkomma.)<\/p>\n<p><em>Text: SCF\u00a0\u00a0<\/em><\/p>\n","protected":false},"excerpt":{"rendered":"<p>Nu \u00e4r klart att det blir tre nya arrang\u00f6rsorter i ett p\u00e5 papperet riktigt roligt andra \u00e5r av SWE Cup enduro. \u00c4ven n\u00e4r det g\u00e4ller SWE Cup f\u00f6r XC-grenarna har gl\u00e4djande nog G\u00f6teborg tillkommit som arrang\u00f6r.\u00a0 Och det blir sju klassiker i L\u00e5ngloppscupen. Det blev deltagarm\u00e4ssig succ\u00e9, inte minst i\u00a0 finalen, n\u00e4r SWE Cup<a href=\"https:\/\/scf.se\/mountainbike\/tre-nya-arrangorer-i-swe-cup-enduro-xc-programmet-klart\/\" class=\"news-card__more\"> &#8230;<\/a><\/p>\n","protected":false},"author":41,"featured_media":2331,"comment_status":"open","ping_status":"open","sticky":false,"template":"","format":"standard","meta":{"_acf_changed":false,"footnotes":""},"categories":[1],"tags":[],"class_list":["post-2330","post","type-post","status-publish","format-standard","hentry","category-mountainbike"],"acf":[],"_links":{"self":[{"href":"https:\/\/scf.se\/mountainbike\/wp-json\/wp\/v2\/posts\/2330","targetHints":{"allow":["GET"]}}],"collection":[{"href":"https:\/\/scf.se\/mountainbike\/wp-json\/wp\/v2\/posts"}],"about":[{"href":"https:\/\/scf.se\/mountainbike\/wp-json\/wp\/v2\/types\/post"}],"author":[{"embeddable":true,"href":"https:\/\/scf.se\/mountainbike\/wp-json\/wp\/v2\/users\/41"}],"replies":[{"embeddable":true,"href":"https:\/\/scf.se\/mountainbike\/wp-json\/wp\/v2\/comments?post=2330"}],"version-history":[{"count":0,"href":"https:\/\/scf.se\/mountainbike\/wp-json\/wp\/v2\/posts\/2330\/revisions"}],"wp:featuredmedia":[{"embeddable":true,"href":"https:\/\/scf.se\/mountainbike\/wp-json\/wp\/v2\/media\/2331"}],"wp:attachment":[{"href":"https:\/\/scf.se\/mountainbike\/wp-json\/wp\/v2\/media?parent=2330"}],"wp:term":[{"taxonomy":"category","embeddable":true,"href":"https:\/\/scf.se\/mountainbike\/wp-json\/wp\/v2\/categories?post=2330"},{"taxonomy":"post_tag","embeddable":true,"href":"https:\/\/scf.se\/mountainbike\/wp-json\/wp\/v2\/tags?post=2330"}],"curies":[{"name":"wp","href":"https:\/\/api.w.org\/{rel}","templated":true}]}}