
{"id":2304,"date":"2022-01-04T11:49:07","date_gmt":"2022-01-04T10:49:07","guid":{"rendered":"http:\/\/scf.se\/mountainbike\/?p=2304"},"modified":"2022-01-04T19:41:43","modified_gmt":"2022-01-04T18:41:43","slug":"har-ar-nya-mtb-organisationen-tre-nya-forbundskaptener","status":"publish","type":"post","link":"https:\/\/scf.se\/mountainbike\/har-ar-nya-mtb-organisationen-tre-nya-forbundskaptener\/","title":{"rendered":"H\u00e4r \u00e4r nya MTB-organisationen \u2013 tre nya f\u00f6rbundskaptener"},"content":{"rendered":"<p><strong>Tre nya f\u00f6rbundskaptener i form av Petter Mattsson, Felix Beckeman och Filip Svanberg samt ett ut\u00f6kat utvecklingsansvar f\u00f6r Malin Lindgren Henttonen. Svenska Cykelf\u00f6rbundets nya MTB-organisation ska forts\u00e4tta att st\u00f6tta och forma elitcyklister men parallellt skapa f\u00f6ruts\u00e4ttningar f\u00f6r att ta hand om den positiva ungdomsutvecklingen i s\u00e5v\u00e4l XC, gravity och pumptrack.<\/strong><\/p>\n<p>S\u00e5 h\u00e4r \u00e4r kommer den nya MTB-organisationen, som g\u00e4ller redan fr\u00e5n 1 januari, att utformas:<\/p>\n<ul>\n<li>Ny \u00f6vergripande f\u00f6rbundskapten MTB med fokusomr\u00e5de XC blir <strong>Petter Mattsson<\/strong>.<\/li>\n<li>Ny f\u00f6rbundskapten MTB med fokusomr\u00e5de gravity (enduro, downhill och 4X): <strong>Felix Beckeman<\/strong>.<\/li>\n<li>Ny f\u00f6rbundskapten\/nationstr\u00e4nare med fokusomr\u00e5de pumptrack:<strong> Filip Svanberg.<\/strong><\/li>\n<li>T\u00e4vlingsansvarig MTB, BMX och trial \u00e4r som tidigare <strong>Malin Lindgren Henttonen<\/strong>, som nu f\u00e5r ut\u00f6kat utvecklingsansvar inom alla MTB-discipliner.<\/li>\n<\/ul>\n<blockquote><p>\u201dOrganisationen k\u00e4nns mycket stark och kompetent. Vi kommer \u00e4ven forts\u00e4ttningsvis st\u00f6tta och ta hand om v\u00e5ra nuvarande elit-, U23- och juniorcyklister, men nu skapar vi f\u00f6ruts\u00e4ttningar f\u00f6r att st\u00e5 \u00e4nnu b\u00e4ttre rustade att ta hand om den positiva utvecklingen vi har inom barn- och ungdomscyklingen i s\u00e5v\u00e4l XC, gravity och pumptrack\u201d, s\u00e4ger Svenska Cykelf\u00f6rbundets generalsekreterare Leif Karlsson.<\/p><\/blockquote>\n<div id=\"attachment_2311\" class=\"wp-caption alignnone\" ><a href=\"https:\/\/scf.se\/mountainbike\/wp-content\/uploads\/sites\/6\/2022\/01\/Petter-MattssonTT.jpg\"><img loading=\"lazy\" decoding=\"async\" class=\"size-full wp-image-2311\" src=\"https:\/\/scf.se\/mountainbike\/wp-content\/uploads\/sites\/6\/2022\/01\/Petter-MattssonTT.jpg\" alt=\"\" width=\"1851\" height=\"1251\" srcset=\"https:\/\/scf.se\/mountainbike\/wp-content\/uploads\/sites\/6\/2022\/01\/Petter-MattssonTT.jpg 1851w, https:\/\/scf.se\/mountainbike\/wp-content\/uploads\/sites\/6\/2022\/01\/Petter-MattssonTT-300x203.jpg 300w, https:\/\/scf.se\/mountainbike\/wp-content\/uploads\/sites\/6\/2022\/01\/Petter-MattssonTT-1024x692.jpg 1024w, https:\/\/scf.se\/mountainbike\/wp-content\/uploads\/sites\/6\/2022\/01\/Petter-MattssonTT-768x519.jpg 768w, https:\/\/scf.se\/mountainbike\/wp-content\/uploads\/sites\/6\/2022\/01\/Petter-MattssonTT-1536x1038.jpg 1536w\" sizes=\"auto, (max-width: 1851px) 100vw, 1851px\" \/><\/a><p class=\"wp-caption-text\">Den sedan l\u00e4nge i Falun boende finl\u00e4ndaren Petter Mattsson blir ny \u00f6vergripande MTB-f\u00f6rbundskapten. Missa inte den l\u00e4ngre intervjun senare i veckan! Foto: Tomas Larsson\/SCF<\/p><\/div>\n<p>Petter Mattsson kommer fr\u00e5n Finland men flyttade 2014 till Falun f\u00f6r att studera p\u00e5 Idrottstr\u00e4narprogrammet i kombination med den egna elitsatsningen d\u00e4r det blev ett tiotal FM-medaljer fr\u00e5n landsv\u00e4g, b\u00e5de linjelopp och tempo &#8211; samt n\u00e5got p\u00e5 velodrom. Sedan h\u00f6sten 2016 har Petter jobbat som tr\u00e4nare. Paralympiska medaljer, topp fem i v\u00e4rldscuper, nationsm\u00e4sterskapsmedaljer och landslagsuppdrag \u00e4r n\u00e5gra av meriterna som Petters adepter uppn\u00e5tt.<\/p>\n<p>V\u00e5ren 2019 b\u00f6rjade Mattsson jobba p\u00e5 Hagstr\u00f6mska gymnasiet (NIU) i Falun som tr\u00e4nare f\u00f6r landsv\u00e4gseleverna. Till h\u00f6stterminen 2020 gjorde han ett byte och steg in som tr\u00e4nare \u00e5t MTB-eleverna, med fokus p\u00e5 XC-disciplinerna.<\/p>\n<div id=\"attachment_2307\" class=\"wp-caption alignnone\" ><a href=\"https:\/\/scf.se\/mountainbike\/wp-content\/uploads\/sites\/6\/2022\/01\/DDAE393B-6D73-473F-BA32-D6BE577757E5.jpeg\"><img loading=\"lazy\" decoding=\"async\" class=\"size-full wp-image-2307\" src=\"https:\/\/scf.se\/mountainbike\/wp-content\/uploads\/sites\/6\/2022\/01\/DDAE393B-6D73-473F-BA32-D6BE577757E5.jpeg\" alt=\"\" width=\"1600\" height=\"1067\" srcset=\"https:\/\/scf.se\/mountainbike\/wp-content\/uploads\/sites\/6\/2022\/01\/DDAE393B-6D73-473F-BA32-D6BE577757E5.jpeg 1600w, https:\/\/scf.se\/mountainbike\/wp-content\/uploads\/sites\/6\/2022\/01\/DDAE393B-6D73-473F-BA32-D6BE577757E5-300x200.jpeg 300w, https:\/\/scf.se\/mountainbike\/wp-content\/uploads\/sites\/6\/2022\/01\/DDAE393B-6D73-473F-BA32-D6BE577757E5-1024x683.jpeg 1024w, https:\/\/scf.se\/mountainbike\/wp-content\/uploads\/sites\/6\/2022\/01\/DDAE393B-6D73-473F-BA32-D6BE577757E5-768x512.jpeg 768w, https:\/\/scf.se\/mountainbike\/wp-content\/uploads\/sites\/6\/2022\/01\/DDAE393B-6D73-473F-BA32-D6BE577757E5-1536x1024.jpeg 1536w\" sizes=\"auto, (max-width: 1600px) 100vw, 1600px\" \/><\/a><p class=\"wp-caption-text\">Felix Beckeman blir f\u00f6rbundskapten f\u00f6rbundskaptenen f\u00f6r tre gravitydiscipliner (END, DH, 4X).<br \/>Foto: Charles A Robertson<\/p><\/div>\n<p>Felix Beckeman har m\u00e5ng\u00e5rig erfarenhet som 4X-cyklist i v\u00e4rldsklass med bland annat VM-guld 2017, VM-brons 2019 samt ett flertal segrar i v\u00e4rldscupen.<\/p>\n<p>Han arbetar ocks\u00e5 i dag som tr\u00e4nare p\u00e5 Hagstr\u00f6mska gymnasiet med gravitydisciplinerna. Ett arbete som han kommer att forts\u00e4tta att ha som huvudsyssla, men dagarna kommer att fyllas med \u00e4nnu mera enduro, downhill och 4X med uppgiften som ny f\u00f6rbundskapten f\u00f6rbundskaptenen f\u00f6r tre gravitydiscipliner (END, DH, 4X).<\/p>\n<div id=\"attachment_2306\" class=\"wp-caption alignnone\" ><a href=\"https:\/\/scf.se\/mountainbike\/wp-content\/uploads\/sites\/6\/2022\/01\/Filip-Svanberg1-scaled.jpg\"><img loading=\"lazy\" decoding=\"async\" class=\"size-full wp-image-2306\" src=\"https:\/\/scf.se\/mountainbike\/wp-content\/uploads\/sites\/6\/2022\/01\/Filip-Svanberg1-scaled.jpg\" alt=\"\" width=\"2560\" height=\"1763\" srcset=\"https:\/\/scf.se\/mountainbike\/wp-content\/uploads\/sites\/6\/2022\/01\/Filip-Svanberg1-scaled.jpg 2560w, https:\/\/scf.se\/mountainbike\/wp-content\/uploads\/sites\/6\/2022\/01\/Filip-Svanberg1-300x207.jpg 300w, https:\/\/scf.se\/mountainbike\/wp-content\/uploads\/sites\/6\/2022\/01\/Filip-Svanberg1-1024x705.jpg 1024w, https:\/\/scf.se\/mountainbike\/wp-content\/uploads\/sites\/6\/2022\/01\/Filip-Svanberg1-768x529.jpg 768w, https:\/\/scf.se\/mountainbike\/wp-content\/uploads\/sites\/6\/2022\/01\/Filip-Svanberg1-1536x1058.jpg 1536w, https:\/\/scf.se\/mountainbike\/wp-content\/uploads\/sites\/6\/2022\/01\/Filip-Svanberg1-2048x1410.jpg 2048w\" sizes=\"auto, (max-width: 2560px) 100vw, 2560px\" \/><\/a><p class=\"wp-caption-text\">Filip Svanberg blir ny f\u00f6rbundskapten\/nationstr\u00e4nare med fokusomr\u00e5de pumptrack.<\/p><\/div>\n<p>Filip Svanberg har en bakgrund som BMX-cyklist p\u00e5 v\u00e4rldsniv\u00e5; flerfaldig svensk och nordisk m\u00e4stare. Filip var ocks\u00e5 s\u00e5 sent som f\u00f6rra \u00e5ret just efter en skada tv\u00e5a i Redbulls VM-kval i J\u00f6ssefors. Svanberg kvalade d\u00e4rmed in till VM i pumptrack, trots att han inte l\u00e4ngre \u00e4r aktiv sj\u00e4lv.<\/p>\n<p>I dag \u00e4r Filip Svanberg bland annat tr\u00e4nare f\u00f6r barn och ungdomar i BMX och kompletterar \u00f6vriga tv\u00e5 f\u00f6rbundskaptener samt Malin Lindgren Henttonen i SCF:s tydliga fokus p\u00e5 att utveckla unga cyklister vidare med siktet p\u00e5 en framg\u00e5ngsrik cykelkarri\u00e4r \u2013 och att sedan bli kvar i cykelsporten.<\/p>\n<div id=\"attachment_2308\" class=\"wp-caption alignnone\" ><a href=\"https:\/\/scf.se\/mountainbike\/wp-content\/uploads\/sites\/6\/2022\/01\/Bild-MLH.jpg\"><img loading=\"lazy\" decoding=\"async\" class=\"size-medium wp-image-2308\" src=\"https:\/\/scf.se\/mountainbike\/wp-content\/uploads\/sites\/6\/2022\/01\/Bild-MLH-300x288.jpg\" alt=\"\" width=\"300\" height=\"288\" srcset=\"https:\/\/scf.se\/mountainbike\/wp-content\/uploads\/sites\/6\/2022\/01\/Bild-MLH-300x288.jpg 300w, https:\/\/scf.se\/mountainbike\/wp-content\/uploads\/sites\/6\/2022\/01\/Bild-MLH-768x737.jpg 768w, https:\/\/scf.se\/mountainbike\/wp-content\/uploads\/sites\/6\/2022\/01\/Bild-MLH.jpg 909w\" sizes=\"auto, (max-width: 300px) 100vw, 300px\" \/><\/a><p class=\"wp-caption-text\">Malin Lindgren Henttonen, som \u00e4r t\u00e4vlings-anvarig f\u00f6r MTB, BMX och trial, f\u00e5r\u00a0 ett ut\u00f6kat utvecklingsansvar inom alla MTB-discipliner.<\/p><\/div>\n<p>Malin Lindgren Henttonen \u00e4r m\u00e5ngsidig. Hon b\u00f6rjade sin elitkarri\u00e4r inom BMX, sedan XC som \u00f6vergick till downhill och m\u00e5ng\u00e5rigt professionell satsning i downhill &amp; dual med m\u00e5nga internationella framg\u00e5ngar. Malin har \u00e4ven m\u00e5nga \u00e5rs erfarenhet som tr\u00e4nare inom s\u00e5v\u00e4l MTB och BMX och har samlat p\u00e5 sig mycket ny rutin som t\u00e4vlingsansvarig p\u00e5 SCF.<\/p>\n<blockquote><p>\u201dMountainbike v\u00e4xer, inte minst p\u00e5 ungdomssidan. Vi m\u00e5ste v\u00e4xa med sporten och bygga en stabil grund att st\u00e5 p\u00e5\u201d, s\u00e4ger Malin Lindgren Henttonen<\/p><\/blockquote>\n<p>Petter Mattsson betonar att han som \u00f6vergripande f\u00f6rbundskapten tycker att arbetet med att utveckla unga talanger och i alla MTB-disciplinerna \u00e4r j\u00e4tteviktigt.<\/p>\n<p>\u201dUtvecklingen p\u00e5 ungdomssidan inom mountainbike har varit j\u00e4ttekul att se. Jag tycker ocks\u00e5 att det \u00e4r viktigt att ALLA grenar blir sedda\u201d, s\u00e4ger Petter Mattsson.<\/p>\n<p>Tidigare \u00f6vergripande f\u00f6rbundskaptenen f\u00f6r MTB, Fredrik Kessiakoff, meddelade redan i h\u00f6stas att han inte forts\u00e4tter. Inte heller f\u00f6rbundskaptenen f\u00f6r gravitydisciplinerna, Adrian H\u00f6rnqvist, blir kvar.<\/p>\n<blockquote><p>\u201dFredrik och Adrian har gjort ett bra arbete med att utveckla svensk MTB de tv\u00e5 senaste \u00e5ren. Den legacy de \u00f6verl\u00e4mnar till nya MTB-organisationen kommer bli v\u00e4l omh\u00e4ndertagen. Jag \u00f6nskar Fredrik och Adrian stort lycka till i framtiden, och vet att de p\u00e5 olika s\u00e4tt forts\u00e4tter sitt engagemang inom MTB\u201d, s\u00e4ger Leif Karlsson.<\/p><\/blockquote>\n<p><em>Vi \u00e5terkommer senare i veckan med l\u00e4ngre intervjuer och mer bilder d\u00e4r ni f\u00e5r m\u00f6ta de nya f\u00f6rbundskaptenerna.<\/em><\/p>\n","protected":false},"excerpt":{"rendered":"<p>Tre nya f\u00f6rbundskaptener i form av Petter Mattsson, Felix Beckeman och Filip Svanberg samt ett ut\u00f6kat utvecklingsansvar f\u00f6r Malin Lindgren Henttonen. Svenska Cykelf\u00f6rbundets nya MTB-organisation ska forts\u00e4tta att st\u00f6tta och forma elitcyklister men parallellt skapa f\u00f6ruts\u00e4ttningar f\u00f6r att ta hand om den positiva ungdomsutvecklingen i s\u00e5v\u00e4l XC, gravity och pumptrack. S\u00e5 h\u00e4r \u00e4r kommer<a href=\"https:\/\/scf.se\/mountainbike\/har-ar-nya-mtb-organisationen-tre-nya-forbundskaptener\/\" class=\"news-card__more\"> &#8230;<\/a><\/p>\n","protected":false},"author":41,"featured_media":2305,"comment_status":"open","ping_status":"open","sticky":false,"template":"","format":"standard","meta":{"_acf_changed":false,"footnotes":""},"categories":[1],"tags":[],"class_list":["post-2304","post","type-post","status-publish","format-standard","hentry","category-mountainbike"],"acf":[],"_links":{"self":[{"href":"https:\/\/scf.se\/mountainbike\/wp-json\/wp\/v2\/posts\/2304","targetHints":{"allow":["GET"]}}],"collection":[{"href":"https:\/\/scf.se\/mountainbike\/wp-json\/wp\/v2\/posts"}],"about":[{"href":"https:\/\/scf.se\/mountainbike\/wp-json\/wp\/v2\/types\/post"}],"author":[{"embeddable":true,"href":"https:\/\/scf.se\/mountainbike\/wp-json\/wp\/v2\/users\/41"}],"replies":[{"embeddable":true,"href":"https:\/\/scf.se\/mountainbike\/wp-json\/wp\/v2\/comments?post=2304"}],"version-history":[{"count":0,"href":"https:\/\/scf.se\/mountainbike\/wp-json\/wp\/v2\/posts\/2304\/revisions"}],"wp:featuredmedia":[{"embeddable":true,"href":"https:\/\/scf.se\/mountainbike\/wp-json\/wp\/v2\/media\/2305"}],"wp:attachment":[{"href":"https:\/\/scf.se\/mountainbike\/wp-json\/wp\/v2\/media?parent=2304"}],"wp:term":[{"taxonomy":"category","embeddable":true,"href":"https:\/\/scf.se\/mountainbike\/wp-json\/wp\/v2\/categories?post=2304"},{"taxonomy":"post_tag","embeddable":true,"href":"https:\/\/scf.se\/mountainbike\/wp-json\/wp\/v2\/tags?post=2304"}],"curies":[{"name":"wp","href":"https:\/\/api.w.org\/{rel}","templated":true}]}}