
{"id":1892,"date":"2020-12-04T12:25:23","date_gmt":"2020-12-04T11:25:23","guid":{"rendered":"http:\/\/scf.se\/mountainbike\/?p=1892"},"modified":"2020-12-04T13:20:27","modified_gmt":"2020-12-04T12:20:27","slug":"tre-sm-arrangorer-klara-har-gar-masterskapen-i-xco-och-xcm","status":"publish","type":"post","link":"https:\/\/scf.se\/mountainbike\/tre-sm-arrangorer-klara-har-gar-masterskapen-i-xco-och-xcm\/","title":{"rendered":"Tre SM-arrang\u00f6rer klara &#8211; h\u00e4r g\u00e5r m\u00e4sterskapen i XCO och XCM"},"content":{"rendered":"<p>Svenska Cykelf\u00f6rbundet har beslutat att godk\u00e4nna f\u00f6ljande tre SM-arrang\u00f6rer:<br \/>\nCK Master som arrang\u00f6r av XCO-SM 2021, CSK Ludvika som arrang\u00f6r av XCM-SM 2021, samt en nykomling i SM-sammanhang i form av CK J\u00e4rf\u00e4lla som arrangerar XCO-SM 2022.<\/p>\n<p>F\u00f6rbundskapten Fredrik Kessiakoff \u00e4r mycket n\u00f6jd att styrelsen gick p\u00e5 grengrupp XC:s f\u00f6rslag och extra glad \u00f6ver att f\u00e5 in en ny arrang\u00f6r.<\/p>\n<blockquote><p>&#8211; Det \u00e4r kul att vi kan jobba med s\u00e5 stor geografisk spridning och att vi f\u00e5r in J\u00e4rf\u00e4lla, som \u00e4r en erk\u00e4nt duktig arrang\u00f6r och del av SWE Cup 2021. Eftersom XCM-SM Finnmarksturen fick st\u00e4lla in i \u00e5r, k\u00e4nns det helt r\u00e4tt att Ludvika f\u00e5r chansen 2021. Samma sak med CK Master som genomf\u00f6rde ett coronaanpassat SM i \u00e5r. Roligt att de f\u00e5r chansen att g\u00f6ra SM \u2013 f\u00f6rhoppningsvis med publik som det var t\u00e4nkt fr\u00e5n b\u00f6rjan.<\/p><\/blockquote>\n<p>J\u00e4rf\u00e4lla\u00a0CK har under flera \u00e5r kontinuerligt byggt upp b\u00e5de t\u00e4vlingsbana och organisation f\u00f6r att kunna arrangera roliga och utmanande t\u00e4vlingar. Tillsammans med MTB T\u00e4by ser J\u00e4rf\u00e4lla CK nu mycket fram emot att arrangera MTB-SM 2022.<\/p>\n<blockquote><p>&#8211; Vi \u00e4r v\u00e4ldigt glada att f\u00e5 arrangera XCO SM 2022. F\u00f6rhoppningsvis \u00e4r pandemin ett minne blott till dess, s\u00e5 att restriktioner likt p\u00e5 \u00e5rets t\u00e4vlingar inte beh\u00f6vs. Om inte annat s\u00e5 har vi f\u00e5tt erfarenheter f\u00f6r kommande arrangemang av SWE cup 2021 och SM 2022, s\u00e4ger Pontus Andersson, ordf\u00f6rande i J\u00e4rf\u00e4lla CK.<\/p><\/blockquote>\n<p>\u00c4ven CSK Ludvika ser fram emot att f\u00e5 arrangera SM XCM i klassisk MTB-terr\u00e4ng i samband med Finnmarksturen 2021.<\/p>\n<blockquote><p>&#8211; Vi \u00e4r v\u00e4l f\u00f6rberedda inf\u00f6r SM 2021, d\u00e5 CSK Ludvika \u00e4ven stod som v\u00e4rd f\u00f6r SM 2019. \u00a0Vi planerade \u00e4ven f\u00f6r SM 2020, men som bekant s\u00e5 satte Corona stopp f\u00f6r de planerna. Nu hoppas vi bara att det sker radikala f\u00f6rb\u00e4ttringar fram\u00f6ver s\u00e5 att vi kan tr\u00e4ffas igen och g\u00f6ra det som alla MTB-cyklister \u00e4lskar \u2013 komma ut p\u00e5 stigarna och m\u00e4ta krafterna mot och med varandra, s\u00e4ger Tomas Berg, t\u00e4vlingsledare f\u00f6r Finnmarksturen och SM.<\/p><\/blockquote>\n<p>Daniel Dandenell \u00e4r t\u00e4vlingsansvarig f\u00f6r CK Master och \u00e4r stolt att \u00e5ter f\u00e5 chansen att arrangera MTB SM i G\u00f6teborg tillsammans med lokala sponsorer.<\/p>\n<blockquote><p>&#8211; Bevisligen kan vi som klubb arrangera storskaliga t\u00e4vlingar \u00e4ven om Coronapandemin drar ut p\u00e5 tiden. Men vi \u00f6nskar och hoppas verkligen att vi denna g\u00e5ng kan bjuda in till den folkfest som eventstaden G\u00f6teborg och vi alla hoppades p\u00e5. Vi har alla f\u00f6ruts\u00e4ttningar. Live-streamingen fr\u00e5n \u00e5rets SM- t\u00e4vlingar i XCO summerade \u00f6ver 30.000 visningar p\u00e5 n\u00e4tet. Men 2021 vill vi samla alla l\u00e4ngs med t\u00e4vlingsbanan f\u00f6r att lyfta v\u00e5ra \u00e5kare, lyfta st\u00e4mningen och tillsammans uppleva dramatiken. F\u00f6rsta veckan i augusti h\u00e4nder det. Det kommer bli magiskt, s\u00e4ger han.<\/p><\/blockquote>\n<p>Exakta datum f\u00f6r de olika SM-arrangemangen hittar ni p\u00e5 <a href=\"https:\/\/www.swecyclingonline.se\/\">Swecyclingonline<\/a> s\u00e5 fort de sanktionerats.<\/p>\n<p><strong>BILDTEXT:<\/strong> Bild fr\u00e5n MTB-SM (XCO) 2020. Arrang\u00f6r CK Master. Foto: Anders Averdal @aaverdal<\/p>\n<p>&nbsp;<\/p>\n<p>&nbsp;<\/p>\n","protected":false},"excerpt":{"rendered":"<p>Svenska Cykelf\u00f6rbundet har beslutat att godk\u00e4nna f\u00f6ljande tre SM-arrang\u00f6rer: CK Master som arrang\u00f6r av XCO-SM 2021, CSK Ludvika som arrang\u00f6r av XCM-SM 2021, samt en nykomling i SM-sammanhang i form av CK J\u00e4rf\u00e4lla som arrangerar XCO-SM 2022. F\u00f6rbundskapten Fredrik Kessiakoff \u00e4r mycket n\u00f6jd att styrelsen gick p\u00e5 grengrupp XC:s f\u00f6rslag och extra glad \u00f6ver<a href=\"https:\/\/scf.se\/mountainbike\/tre-sm-arrangorer-klara-har-gar-masterskapen-i-xco-och-xcm\/\" class=\"news-card__more\"> &#8230;<\/a><\/p>\n","protected":false},"author":34,"featured_media":1893,"comment_status":"open","ping_status":"open","sticky":false,"template":"","format":"standard","meta":{"_acf_changed":false,"footnotes":""},"categories":[1],"tags":[],"class_list":["post-1892","post","type-post","status-publish","format-standard","hentry","category-mountainbike"],"acf":[],"_links":{"self":[{"href":"https:\/\/scf.se\/mountainbike\/wp-json\/wp\/v2\/posts\/1892","targetHints":{"allow":["GET"]}}],"collection":[{"href":"https:\/\/scf.se\/mountainbike\/wp-json\/wp\/v2\/posts"}],"about":[{"href":"https:\/\/scf.se\/mountainbike\/wp-json\/wp\/v2\/types\/post"}],"author":[{"embeddable":true,"href":"https:\/\/scf.se\/mountainbike\/wp-json\/wp\/v2\/users\/34"}],"replies":[{"embeddable":true,"href":"https:\/\/scf.se\/mountainbike\/wp-json\/wp\/v2\/comments?post=1892"}],"version-history":[{"count":0,"href":"https:\/\/scf.se\/mountainbike\/wp-json\/wp\/v2\/posts\/1892\/revisions"}],"wp:featuredmedia":[{"embeddable":true,"href":"https:\/\/scf.se\/mountainbike\/wp-json\/wp\/v2\/media\/1893"}],"wp:attachment":[{"href":"https:\/\/scf.se\/mountainbike\/wp-json\/wp\/v2\/media?parent=1892"}],"wp:term":[{"taxonomy":"category","embeddable":true,"href":"https:\/\/scf.se\/mountainbike\/wp-json\/wp\/v2\/categories?post=1892"},{"taxonomy":"post_tag","embeddable":true,"href":"https:\/\/scf.se\/mountainbike\/wp-json\/wp\/v2\/tags?post=1892"}],"curies":[{"name":"wp","href":"https:\/\/api.w.org\/{rel}","templated":true}]}}