
{"id":1891,"date":"2020-12-02T09:55:29","date_gmt":"2020-12-02T08:55:29","guid":{"rendered":"http:\/\/scf.se\/mountainbike\/?p=1891"},"modified":"2020-12-02T12:01:26","modified_gmt":"2020-12-02T11:01:26","slug":"extra-manga-deltavlingar-i-swe-cup-xc-mtb-2021","status":"publish","type":"post","link":"https:\/\/scf.se\/mountainbike\/extra-manga-deltavlingar-i-swe-cup-xc-mtb-2021\/","title":{"rendered":"Extra m\u00e5nga delt\u00e4vlingar i MTB SWE Cup (XC) 2021"},"content":{"rendered":"<p>Programmet f\u00f6r Mountainbike SWE Cup (XC) 2021 \u00e4r nu klart. Cupen inneh\u00e5ller tio delt\u00e4vlingar (\u00e5tta helger), varav fyra \u00e4r UCI-klassade, d\u00e4r elit och junior kan samla v\u00e4rldsrankingpo\u00e4ng. Precis som tidigare arrangeras vid varje delt\u00e4vling \u00e4ven den nationella cupen f\u00f6r ungdomar och masters.<\/p>\n<blockquote><p>&#8211; Det k\u00e4nns j\u00e4tteroligt att kunna presentera 2021 \u00e5rs MTB SWE Cup som allts\u00e5 ut\u00f6kas med en delt\u00e4vling, n\u00e4mligen med J\u00e4rf\u00e4lla XCO. Vi v\u00e4lkomnar med varm hand in arrang\u00f6ren J\u00e4rf\u00e4lla CK till SWE Cup. F\u00f6rutom att vara en uppskattad arrang\u00f6r s\u00e5 kommer man s\u00e4kert f\u00f6rst\u00e5 ytterligare lite b\u00e4ttre inom n\u00e5gra dagar varf\u00f6r just J\u00e4rf\u00e4lla XCO valts in av grengruppen, s\u00e4ger Fredrik Kessiakoff, f\u00f6rbundskapten och ordf\u00f6rande i grengruppen.<\/p><\/blockquote>\n<p>N\u00e4sta \u00e5rs arrang\u00f6rer har redan haft en gemensam sittning tillsammans med grengruppen f\u00f6r att g\u00e5 igenom 2021 \u00e5rs uppl\u00e4gg. Anm\u00e4lningen kommer ligga i Sportstiming f\u00f6r samtliga SWE Cup arrang\u00f6rer, likas\u00e5 kommer den aktuella totalst\u00e4llningen finnas d\u00e4r. Grengruppen kommer ha en ny sittning med arrang\u00f6rerna i mitten av mars f\u00f6r att g\u00e5 igenom och eventuellt uppdatera\/anpassa de coronariktlinjer som togs fram till MTB-arrang\u00f6rerna under 2020. Dessa kommer \u00e4ven att delas med landets \u00f6vriga MTB arrang\u00f6rer.<\/p>\n<p><strong>SWE Cupdatum och arrang\u00f6r 2021<\/strong><\/p>\n<p>#1, 24 april \u2013\u00a0<a href=\"http:\/\/www.cknaten.com\/Klippingracet\/\">Klippingracet<\/a>\u00a0(CK Nat\u00e9n S\u00e4ter),\u00a0<em>UCI C2<\/em><br \/>\n#2, 16 maj \u2013\u00a0<a href=\"https:\/\/idrottonline.se\/VargardaCK-Cykel\/VargardaCKMTB\">V\u00e5rg\u00e5rda XCO<\/a>\u00a0(V\u00e5rg\u00e5rda CK)<br \/>\n#3, 29 maj \u2013\u00a0<a href=\"https:\/\/www.lugnetxco.se\/\">Lugnet XCO<\/a>\u00a0(Falu CK),\u00a0<em>UCI C1<\/em><br \/>\n#4, 4-6 juni \u2013\u00a0<a href=\"http:\/\/www.bck.nu\/tavling\/Egnaarrangemang\/borlangetour\">Borl\u00e4nge Tour XCO<\/a>\u00a0(Borl\u00e4nge CK)<br \/>\n#5 + #6, 12-13 juni \u2013 Bor\u00e5s 2-dagars (Bor\u00e5s CA)<br \/>\n#7, 22 augusti \u2013\u00a0<a href=\"https:\/\/jarfallaxco.se\/\">J\u00e4rf\u00e4lla XCO<\/a>\u00a0(J\u00e4rf\u00e4lla CK)<br \/>\n#8, 3-5 september \u2013\u00a0<a href=\"http:\/\/www.huskvarnamtbtour.se\/\">Huskvarna MTB Tour<\/a>\u00a0(IKHP),\u00a0<em>UCI C2<\/em><br \/>\n#9 + #10, 18-19 september \u2013 Hallbyrundan (IF Hallby),\u00a0<em>UCI\u00a0C2<\/em><\/p>\n<p>Info om 2021 \u00e5rs MTB SWE Cup hittar ni h\u00e4r: <a href=\"https:\/\/scf.se\/mountainbike\/swecup\/\">https:\/\/scf.se\/mountainbike\/swecup\/<\/a><\/p>\n","protected":false},"excerpt":{"rendered":"<p>Programmet f\u00f6r Mountainbike SWE Cup (XC) 2021 \u00e4r nu klart. Cupen inneh\u00e5ller tio delt\u00e4vlingar (\u00e5tta helger), varav fyra \u00e4r UCI-klassade, d\u00e4r elit och junior kan samla v\u00e4rldsrankingpo\u00e4ng. Precis som tidigare arrangeras vid varje delt\u00e4vling \u00e4ven den nationella cupen f\u00f6r ungdomar och masters. &#8211; Det k\u00e4nns j\u00e4tteroligt att kunna presentera 2021 \u00e5rs MTB SWE Cup<a href=\"https:\/\/scf.se\/mountainbike\/extra-manga-deltavlingar-i-swe-cup-xc-mtb-2021\/\" class=\"news-card__more\"> &#8230;<\/a><\/p>\n","protected":false},"author":34,"featured_media":1788,"comment_status":"open","ping_status":"open","sticky":false,"template":"","format":"standard","meta":{"_acf_changed":false,"footnotes":""},"categories":[1],"tags":[],"class_list":["post-1891","post","type-post","status-publish","format-standard","hentry","category-mountainbike"],"acf":[],"_links":{"self":[{"href":"https:\/\/scf.se\/mountainbike\/wp-json\/wp\/v2\/posts\/1891","targetHints":{"allow":["GET"]}}],"collection":[{"href":"https:\/\/scf.se\/mountainbike\/wp-json\/wp\/v2\/posts"}],"about":[{"href":"https:\/\/scf.se\/mountainbike\/wp-json\/wp\/v2\/types\/post"}],"author":[{"embeddable":true,"href":"https:\/\/scf.se\/mountainbike\/wp-json\/wp\/v2\/users\/34"}],"replies":[{"embeddable":true,"href":"https:\/\/scf.se\/mountainbike\/wp-json\/wp\/v2\/comments?post=1891"}],"version-history":[{"count":0,"href":"https:\/\/scf.se\/mountainbike\/wp-json\/wp\/v2\/posts\/1891\/revisions"}],"wp:featuredmedia":[{"embeddable":true,"href":"https:\/\/scf.se\/mountainbike\/wp-json\/wp\/v2\/media\/1788"}],"wp:attachment":[{"href":"https:\/\/scf.se\/mountainbike\/wp-json\/wp\/v2\/media?parent=1891"}],"wp:term":[{"taxonomy":"category","embeddable":true,"href":"https:\/\/scf.se\/mountainbike\/wp-json\/wp\/v2\/categories?post=1891"},{"taxonomy":"post_tag","embeddable":true,"href":"https:\/\/scf.se\/mountainbike\/wp-json\/wp\/v2\/tags?post=1891"}],"curies":[{"name":"wp","href":"https:\/\/api.w.org\/{rel}","templated":true}]}}