
{"id":1770,"date":"2020-06-23T10:41:04","date_gmt":"2020-06-23T08:41:04","guid":{"rendered":"http:\/\/scf.se\/mountainbike\/?p=1770"},"modified":"2020-06-23T15:45:21","modified_gmt":"2020-06-23T13:45:21","slug":"finnmarksturen-2020-stalls-in-sm-xcm-kan-senarelaggas","status":"publish","type":"post","link":"https:\/\/scf.se\/mountainbike\/finnmarksturen-2020-stalls-in-sm-xcm-kan-senarelaggas\/","title":{"rendered":"Finnmarksturen 2020 st\u00e4lls in &#8211; SM XCM kan senarel\u00e4ggas"},"content":{"rendered":"<p>Coronapandemin forts\u00e4tter att s\u00e4tta k\u00e4ppar i hjulen f\u00f6r hela samh\u00e4llet, och inte minst f\u00f6r idrottsf\u00f6reningarna. Styrelsen f\u00f6r CSK Ludvika har d\u00e4rf\u00f6r tvingats att ta beslutet att st\u00e4lla in Finnmarksturen 1-2 augusti 2020, meddelar man p\u00e5 klubbens hemsida. \u00c4ven barn-och ungdomst\u00e4vlingen Lilla Finnmarksturen st\u00e4lls in.<br \/>\nEftersom att \u00e5rets Finnmarkstur \u00e4ven \u00e4r arrang\u00f6r f\u00f6r SM XCM kommer\u00a0CSK Ludvika tillsammans med SCF unders\u00f6ka m\u00f6jligheten att flytta SM-klasserna till ett senare datum i h\u00f6st.\u00a0Mer information om ett eventuellt SM XCM 2020 kommer s\u00e5 snart som m\u00f6jligt.<\/p>\n<blockquote>\n<p class=\"\">&#8211; Folkh\u00e4lsomyndighetens och Svenska Cykelf\u00f6rbundets anvisningar medger inte att t\u00e4vlingar och samlingar av den storlek som en delt\u00e4vling i l\u00e5ngloppscupen inneb\u00e4r f\u00e5r genomf\u00f6ras. Vi kan bara hoppas att det sker radikala f\u00f6rb\u00e4ttringar fram\u00f6ver s\u00e5 att vi kan tr\u00e4ffas igen och g\u00f6ra det som alla MTB-cyklister \u00e4lskar \u2013 komma ut p\u00e5 stigarna och m\u00e4ta krafterna mot och med varandralbaka de anm\u00e4lningsavgifter som redan \u00e4r betalda snarast m\u00f6jligt.<a href=\"https:\/\/www.finnmarksturen.com\/\"> L\u00c4S MER<\/a><\/p>\n<\/blockquote>\n<p>H\u00e4r kan ni ta del av SCF:s\u00a0<a href=\"https:\/\/scf.se\/forbundet\/wp-content\/uploads\/sites\/9\/2020\/06\/Riktlinjer-och-r%C3%A5d-vid-t%C3%A4vling-under-coronapandemin-2020-06-17-1.docx\">Uppdaterade riktlinjer och r\u00e5d vid t\u00e4vling under coronapandemin<\/a><\/p>\n<a href=\"https:\/\/scf.se\/mountainbike\/wp-content\/uploads\/sites\/6\/2020\/06\/IMG_5216-1.jpg\"><img loading=\"lazy\" decoding=\"async\" class=\"alignnone size-post-small wp-image-1773\" src=\"https:\/\/scf.se\/mountainbike\/wp-content\/uploads\/sites\/6\/2020\/06\/IMG_5216-1-740x462.jpg\" alt=\"\" width=\"740\" height=\"462\" \/><\/a>\n<p>Foto: Finnmarksturen<\/p>\n<p class=\"\">\n","protected":false},"excerpt":{"rendered":"<p>Coronapandemin forts\u00e4tter att s\u00e4tta k\u00e4ppar i hjulen f\u00f6r hela samh\u00e4llet, och inte minst f\u00f6r idrottsf\u00f6reningarna. Styrelsen f\u00f6r CSK Ludvika har d\u00e4rf\u00f6r tvingats att ta beslutet att st\u00e4lla in Finnmarksturen 1-2 augusti 2020, meddelar man p\u00e5 klubbens hemsida. \u00c4ven barn-och ungdomst\u00e4vlingen Lilla Finnmarksturen st\u00e4lls in. Eftersom att \u00e5rets Finnmarkstur \u00e4ven \u00e4r arrang\u00f6r f\u00f6r SM XCM<a href=\"https:\/\/scf.se\/mountainbike\/finnmarksturen-2020-stalls-in-sm-xcm-kan-senarelaggas\/\" class=\"news-card__more\"> &#8230;<\/a><\/p>\n","protected":false},"author":34,"featured_media":0,"comment_status":"open","ping_status":"open","sticky":false,"template":"","format":"standard","meta":{"_acf_changed":false,"footnotes":""},"categories":[1],"tags":[],"class_list":["post-1770","post","type-post","status-publish","format-standard","hentry","category-mountainbike"],"acf":[],"_links":{"self":[{"href":"https:\/\/scf.se\/mountainbike\/wp-json\/wp\/v2\/posts\/1770","targetHints":{"allow":["GET"]}}],"collection":[{"href":"https:\/\/scf.se\/mountainbike\/wp-json\/wp\/v2\/posts"}],"about":[{"href":"https:\/\/scf.se\/mountainbike\/wp-json\/wp\/v2\/types\/post"}],"author":[{"embeddable":true,"href":"https:\/\/scf.se\/mountainbike\/wp-json\/wp\/v2\/users\/34"}],"replies":[{"embeddable":true,"href":"https:\/\/scf.se\/mountainbike\/wp-json\/wp\/v2\/comments?post=1770"}],"version-history":[{"count":0,"href":"https:\/\/scf.se\/mountainbike\/wp-json\/wp\/v2\/posts\/1770\/revisions"}],"wp:attachment":[{"href":"https:\/\/scf.se\/mountainbike\/wp-json\/wp\/v2\/media?parent=1770"}],"wp:term":[{"taxonomy":"category","embeddable":true,"href":"https:\/\/scf.se\/mountainbike\/wp-json\/wp\/v2\/categories?post=1770"},{"taxonomy":"post_tag","embeddable":true,"href":"https:\/\/scf.se\/mountainbike\/wp-json\/wp\/v2\/tags?post=1770"}],"curies":[{"name":"wp","href":"https:\/\/api.w.org\/{rel}","templated":true}]}}