
{"id":1751,"date":"2020-03-03T14:43:42","date_gmt":"2020-03-03T13:43:42","guid":{"rendered":"http:\/\/scf.se\/mountainbike\/?p=1751"},"modified":"2020-03-05T10:08:24","modified_gmt":"2020-03-05T09:08:24","slug":"mountainbikelandslaget-staller-in-italienresa-pa-grund-av-coronaviruset","status":"publish","type":"post","link":"https:\/\/scf.se\/mountainbike\/mountainbikelandslaget-staller-in-italienresa-pa-grund-av-coronaviruset\/","title":{"rendered":"Mountainbikelandslaget st\u00e4ller in Italienresa p\u00e5 grund av coronaviruset"},"content":{"rendered":"<p>Med anledning av coronaviruset \u00e4r s\u00e4songens f\u00f6rsta planerade t\u00e4vling f\u00f6r landslaget i MTB XCO i Italien inst\u00e4lld. Det handlar om Andora Race Cup C1 ITA den 7 mars som arrang\u00f6ren nu valt att st\u00e4lla in p\u00e5 grund av smittan.<\/p>\n<p>Helgen efter skulle XCO-cyklisterna \u00e4ven k\u00f6ra Trofeo Laigueglia MTB Classic, C2 ITA. Men f\u00f6rbundskapten Fredrik Kessiakoff befarar att \u00e4ven den t\u00e4vlingen kommer att st\u00e4llas in och har d\u00e4rf\u00f6r fattat beslutet att\u00a0att st\u00e4lla in all landslagsverksamhet i Italien 5-15 mars.<\/p>\n<blockquote><p>&#8211; Eftersom att t\u00e4vlingen den 14 mars bara ligger ett par kilometer fr\u00e5n helgens t\u00e4vling, kommer den troligtvis st\u00e4llas in, s\u00e4ger Fredrik Kessiakoff som i st\u00e4llet f\u00f6r att packa landslagsbussen och k\u00f6ra s\u00f6der\u00f6ver nu avvaktar ytterligare information.<\/p><\/blockquote>\n<p>De nio svenska cyklister som skulle ta deltagit i Andora Race Cup C1 ITA var inbokade p\u00e5 flyg till Nice, Frankrike. Trots att omr\u00e5det inte tillh\u00f6r ett uttalat riskomr\u00e5de har Fredrik Kessiakoff den senaste veckan f\u00f6rt en t\u00e4t dialog b\u00e5de med Svenska Cykelf\u00f6rbundet och cyklisterna om utvecklingen av Coronaviruset. Redan innan beskedet om att t\u00e4vlingen var inst\u00e4lld hade landslaget MTB vidtagit \u00e5tg\u00e4rder f\u00f6r att minimera risken f\u00f6r smittspridning i samband med resa, bland annat genom att boka eget boende i st\u00e4llet f\u00f6r att bo p\u00e5 hotell. Man har \u00e4ven tagit fram generella riktlinjer g\u00e4llande coronaviruset f\u00f6r att minimera risken f\u00f6r smitta.<\/p>\n<p>N\u00e4sta t\u00e4vling som \u00e4r aktuell \u00e4r Schweizcupen i Lugano den 22 mars. De flesta cyklister som ska delta har bokat flyg till Milano i Lombardiet, ett av de mer drabbade omr\u00e5dena i Italien.<br \/>\nDet \u00e4r d\u00e4rf\u00f6r troligt att det blir aktuellt att boka ny flygresa, alternativt f\u00e5r de som vill \u00e5ka med i f\u00f6rbundsbussen fr\u00e5n Sverige ist\u00e4llet.<\/p>\n<blockquote><p>&#8211; Vi kommer inv\u00e4nta utvecklingen i Schweiz innan vi fattar n\u00e5gra beslut kring den resan, s\u00e4ger Fredrik Kessiakoff.<\/p><\/blockquote>\n<p>T\u00e4vlingen efter, Garda Lake MTB Race, g\u00e5r i Lombardiet och riskerar ocks\u00e5 att bli inst\u00e4lld.<br \/>\nFredrik Kessiakoff tittar d\u00e4rf\u00f6r p\u00e5 alternativa t\u00e4vlingar just nu. Men inget \u00e4r best\u00e4mt \u00e4nnu.<\/p>\n<hr \/>\n<p>Vi uppdaterar l\u00f6pande informationen kring coronaviruset.<\/p>\n<p><a href=\"https:\/\/scf.se\/forbundet\/riktlinjer-for-cyklister-i-samband-traningslager-eller-tavling-utomlands\/\">H\u00e4r<\/a> hittar du generella riktlinjer f\u00f6r cyklister fr\u00e5n SCF<\/p>\n<p><a href=\"https:\/\/www.rf.se\/Nyheter\/Allanyheter\/internationellaresorocheventuellriskforsmittspridning\">H\u00e4r<\/a> hittar ni information och r\u00e5d fr\u00e5n RF<\/p>\n<div id=\"attachment_1660\" class=\"wp-caption alignnone\" ><a href=\"https:\/\/scf.se\/mountainbike\/wp-content\/uploads\/sites\/6\/2019\/08\/fredrikkessiakoff.jpg\"><img loading=\"lazy\" decoding=\"async\" class=\"size-post-small wp-image-1660\" src=\"https:\/\/scf.se\/mountainbike\/wp-content\/uploads\/sites\/6\/2019\/08\/fredrikkessiakoff-740x462.jpg\" alt=\"\" width=\"740\" height=\"462\" \/><\/a><p class=\"wp-caption-text\">Fredrik Kessiakoff tvingas st\u00e4lla in landslagsuppdrag i Italien till f\u00f6ljd av coronaviruset.<br \/>FOTO: Jenny Palmqvist\/SCF<\/p><\/div>\n<p>&nbsp;<\/p>\n<p>&nbsp;<\/p>\n<p>&nbsp;<\/p>\n<p>&nbsp;<\/p>\n","protected":false},"excerpt":{"rendered":"<p>Med anledning av coronaviruset \u00e4r s\u00e4songens f\u00f6rsta planerade t\u00e4vling f\u00f6r landslaget i MTB XCO i Italien inst\u00e4lld. Det handlar om Andora Race Cup C1 ITA den 7 mars som arrang\u00f6ren nu valt att st\u00e4lla in p\u00e5 grund av smittan. Helgen efter skulle XCO-cyklisterna \u00e4ven k\u00f6ra Trofeo Laigueglia MTB Classic, C2 ITA. Men f\u00f6rbundskapten Fredrik<a href=\"https:\/\/scf.se\/mountainbike\/mountainbikelandslaget-staller-in-italienresa-pa-grund-av-coronaviruset\/\" class=\"news-card__more\"> &#8230;<\/a><\/p>\n","protected":false},"author":34,"featured_media":0,"comment_status":"open","ping_status":"open","sticky":false,"template":"","format":"standard","meta":{"_acf_changed":false,"footnotes":""},"categories":[1],"tags":[],"class_list":["post-1751","post","type-post","status-publish","format-standard","hentry","category-mountainbike"],"acf":[],"_links":{"self":[{"href":"https:\/\/scf.se\/mountainbike\/wp-json\/wp\/v2\/posts\/1751","targetHints":{"allow":["GET"]}}],"collection":[{"href":"https:\/\/scf.se\/mountainbike\/wp-json\/wp\/v2\/posts"}],"about":[{"href":"https:\/\/scf.se\/mountainbike\/wp-json\/wp\/v2\/types\/post"}],"author":[{"embeddable":true,"href":"https:\/\/scf.se\/mountainbike\/wp-json\/wp\/v2\/users\/34"}],"replies":[{"embeddable":true,"href":"https:\/\/scf.se\/mountainbike\/wp-json\/wp\/v2\/comments?post=1751"}],"version-history":[{"count":0,"href":"https:\/\/scf.se\/mountainbike\/wp-json\/wp\/v2\/posts\/1751\/revisions"}],"wp:attachment":[{"href":"https:\/\/scf.se\/mountainbike\/wp-json\/wp\/v2\/media?parent=1751"}],"wp:term":[{"taxonomy":"category","embeddable":true,"href":"https:\/\/scf.se\/mountainbike\/wp-json\/wp\/v2\/categories?post=1751"},{"taxonomy":"post_tag","embeddable":true,"href":"https:\/\/scf.se\/mountainbike\/wp-json\/wp\/v2\/tags?post=1751"}],"curies":[{"name":"wp","href":"https:\/\/api.w.org\/{rel}","templated":true}]}}