
{"id":1704,"date":"2019-10-01T08:58:46","date_gmt":"2019-10-01T06:58:46","guid":{"rendered":"http:\/\/scf.se\/mountainbike\/?p=1704"},"modified":"2019-10-07T20:04:19","modified_gmt":"2019-10-07T18:04:19","slug":"grengruppsnytt-2019-09-21-rapport-fran-arrangorsmotet-i-samband-med-hallbyrundan","status":"publish","type":"post","link":"https:\/\/scf.se\/mountainbike\/grengruppsnytt-2019-09-21-rapport-fran-arrangorsmotet-i-samband-med-hallbyrundan\/","title":{"rendered":"Grengruppsnytt 2019-09-21 &#8211; rapport fr\u00e5n arrang\u00f6rsm\u00f6tet i samband med Hallbyrundan"},"content":{"rendered":"<div class=\"single-card__title\">\n<p><span style=\"font-size: 16px; font-weight: 300;\">Grengrupp MTB XCO genomf\u00f6rde ett arrang\u00f6rsm\u00f6te den 21 september i samband med MTB SWE Cup Hallbyrundan i Hallby.\u00a0<\/span>Under arrang\u00f6rsm\u00f6tet informerade grengruppen om f\u00f6ljande:<\/p>\n<p>&nbsp;<\/p>\n<ul>\n<li><strong>Deadline f\u00f6r inf\u00f6rande av arrangemang i t\u00e4vlingskalendern swecyclingonline \u00e4r f\u00f6r MTB (samtliga MTB discipliner) 1:a november<\/strong> inf\u00f6r varje s\u00e4song. Detta f\u00f6r att SCF ska ha en chans att arbeta med att f\u00e5 bort ol\u00e4mpliga krockar i programmet. Senast 15:e december ska SCF ha tagit en kontakt med en arrang\u00f6r om en flytt anses n\u00f6dv\u00e4ndig. Arrangemang som kommer in efter 1:a november riskerar att nekas sanktion.<\/li>\n<\/ul>\n<p>&nbsp;<\/p>\n<ul>\n<li>Grengruppen har f\u00f6rslag och id\u00e9er kring hur vi ser att uppl\u00e4gget p\u00e5 en t\u00e4vlingsdag med utvalda samstarter kan se ut. Detta finns att se h\u00e4r:\u00a0<a href=\"https:\/\/scf.se\/mountainbike\/wp-content\/uploads\/sites\/6\/2019\/10\/DiSSKUSSION-OM-K\u00d6RSCHEMAN-inom-XC.pdf\">DiSSKUSSION OM K\u00d6RSCHEMAN inom XC<\/a><\/li>\n<\/ul>\n<p>&nbsp;<\/p>\n<ul>\n<li>Vi har tittat \u00f6ver hur vi vill att seedningen i ungdomsklasserna ska g\u00e5 till inf\u00f6r XCO\u2019t p\u00e5 SM. Nytt f\u00f6rslag* som lyftes under arrang\u00f6rsm\u00f6tet och som mottogs v\u00e4l var inf\u00f6randet av XCT (Time Trial, eller tempolopp) p\u00e5 SM. Detta kommer ligga till grund f\u00f6r startordningen p\u00e5 XCO\u2019t. Mer detaljerad info kommer finnas i t\u00e4vlingsreglerna.<\/li>\n<\/ul>\n<p>&nbsp;<\/p>\n<ul>\n<li>Som n\u00e4mns ovan har grengruppen valt att arbeta vidare med m\u00f6jligheten att inf\u00f6ra XCT vid SM f\u00f6r ungdomsklasserna samt masterklasserna. Elit och juniorklasser arbetar grengruppen d\u00e4remot f\u00f6r att det ska inf\u00f6ras XCC (Short Track) p\u00e5 SM, som numera \u00e4ven k\u00f6rs i samband med XCO v\u00e4rldscupen.<\/li>\n<\/ul>\n<p>&nbsp;<\/p>\n<ul>\n<li>Detta inneb\u00e4r att vi s\u00f6ker efter en arrang\u00f6r av XCE SM 2020. Vi ser goda chanser f\u00f6r en arrang\u00f6r att genomf\u00f6ra ett stadsn\u00e4ra m\u00e4sterskap med mycket publik. \u00c4r din f\u00f6rening intresserade av att arrangera XCE SM? Kontakta oss p\u00e5 <a href=\"mailto:mountainbike@scf.se\">mountainbike@scf.se<\/a><\/li>\n<\/ul>\n<p>&nbsp;<\/p>\n<ul>\n<li>Som tidigare informerats kommer vi l\u00e4gga f\u00f6rslag* om att klassen Damer Seniorer ska inf\u00f6ras till 2020.<\/li>\n<\/ul>\n<p>&nbsp;<\/p>\n<ul>\n<li>Grengruppen kommer l\u00e4gga f\u00f6rslag* om att l\u00e4gsta \u00e5lder f\u00f6r att delta i Herrar och Damer Seniorer ska s\u00e4nkas till 17 \u00e5r ist\u00e4llet f\u00f6r 19 \u00e5r. Detta f\u00f6r att erbjuda en s\u00e4nkt tr\u00f6skel b\u00e5de f\u00f6r juniorer och P\/F15-16 som k\u00e4nner att de inte \u00e4r redo f\u00f6r steget upp i U23\/Elit respektive juniorklassen.<\/li>\n<\/ul>\n<p>&nbsp;<\/p>\n<ul>\n<li>Grengruppen kommer l\u00e4gga f\u00f6rslag* om att klassen P\/F 10-12 \u00e4ndras till P\/F 9-10 samt P\/F 11-12. Detta \u00e4r en grenspecifik utmaning f\u00f6r MTB XCO som har v\u00e4ldigt stora startf\u00e4lt med vitt skilda f\u00f6rm\u00e5gor och begr\u00e4nsade m\u00f6jligheter till seedning av cyklisterna. Att vi f\u00f6rordar att g\u00e5 ner till 9 \u00e5r \u00e4r att vi f\u00e5tt till oss att m\u00e5nga(?) barn saknar m\u00f6jligheten att k\u00f6ra \u201driktiga\u201d t\u00e4vlingsbanor. Vi kommer att f\u00f6rtydliga skillnaden mellan dessa klasser (P\/F 9-10, 11-12, U-Sport, samt nyb\u00f6rjarklasser) vad g\u00e4ller banor och distanser. Detta f\u00f6r att f\u00e5 till en homogen hantering av landets arrang\u00f6rer samt skapa tydlighet f\u00f6r f\u00f6r\u00e4ldrar och ledare.<\/li>\n<\/ul>\n<p>&nbsp;<\/p>\n<ul>\n<li>Grengruppen kommer l\u00e4gga f\u00f6rslag* om att s\u00e4nka \u00e5ldern p\u00e5 Ungdom Sport till 9 \u00e5r ist\u00e4llet f\u00f6r som idag 11 \u00e5r. Detta enligt samma motivering som ovan (m\u00f6jlighet till t\u00e4vlingsbana fr\u00e5n 9 \u00e5r). U-Sport ska erbjuda ett sn\u00e4llare insteg i v\u00e5r sport, samt vara ett alternativ f\u00f6r de som \u00f6nskar en mer avdramatiserad t\u00e4vlingsupplevelse.<\/li>\n<\/ul>\n<p>&nbsp;<\/p>\n<ul>\n<li>Grengruppen kommer att f\u00f6rtydliga po\u00e4ngutdelningen f\u00f6r varje delt\u00e4vling samt justera regelverket i SWE-, Ungdoms- och Master Cup inf\u00f6r 2020. Mer info kommer finnas p\u00e5 SCF\u2019s MTB SWE Cup sida.<\/li>\n<\/ul>\n<p>&nbsp;<\/p>\n<ul>\n<li>Grengruppen har valt att v\u00e4lkomna Bor\u00e5s CA som SWE Cup arrang\u00f6r 2020. Det att bjudas p\u00e5 tv\u00e5 t\u00e4vlingsdagar, ett XCC och ett XCO. T\u00e4vlingarna kommer h\u00e5llas 13-14 juni.<\/li>\n<\/ul>\n<p>&nbsp;<\/p>\n<ul>\n<li>Grengruppen kommer att f\u00f6rorda* CK Master i G\u00f6teborg som XCO, XCT och XCC SM arrang\u00f6r 2020. Prelimin\u00e4rt flyttar vi SM till vecka 32 (helgen 8-9 augusti) pga krockar i svenska t\u00e4vlingskalendern, Gothia cup, samt utifr\u00e5n OS.<\/li>\n<\/ul>\n<p>*(till kommissariekommitt\u00e9n och styrelsen i SCF)<\/p>\n<p>Vi kommer att \u00e5terrapportera n\u00e4r vi har mer info om huruvida v\u00e5ra \u00f6nskem\u00e5l g\u00e5tt igenom eller ej.<\/p>\n<p>Med v\u00e4nliga h\u00e4lsningar<\/p>\n<p>Grengrupp XCO<\/p>\n<div id=\"attachment_1363\" class=\"wp-caption alignnone\" ><a href=\"https:\/\/scf.se\/mountainbike\/wp-content\/uploads\/sites\/6\/2018\/11\/Wallner_180721_92523-e1569912697949.jpg\"><img loading=\"lazy\" decoding=\"async\" class=\"size-post-small wp-image-1363\" src=\"https:\/\/scf.se\/mountainbike\/wp-content\/uploads\/sites\/6\/2018\/11\/Wallner_180721_92523-e1569912697949-740x462.jpg\" alt=\"\" width=\"740\" height=\"462\" \/><\/a><p class=\"wp-caption-text\">foto: Niklas Wallner<\/p><\/div>\n<\/div>\n","protected":false},"excerpt":{"rendered":"<p>Grengrupp MTB XCO genomf\u00f6rde ett arrang\u00f6rsm\u00f6te den 21 september i samband med MTB SWE Cup Hallbyrundan i Hallby.\u00a0Under arrang\u00f6rsm\u00f6tet informerade grengruppen om f\u00f6ljande: &nbsp; Deadline f\u00f6r inf\u00f6rande av arrangemang i t\u00e4vlingskalendern swecyclingonline \u00e4r f\u00f6r MTB (samtliga MTB discipliner) 1:a november inf\u00f6r varje s\u00e4song. Detta f\u00f6r att SCF ska ha en chans att arbeta med<a href=\"https:\/\/scf.se\/mountainbike\/grengruppsnytt-2019-09-21-rapport-fran-arrangorsmotet-i-samband-med-hallbyrundan\/\" class=\"news-card__more\"> &#8230;<\/a><\/p>\n","protected":false},"author":34,"featured_media":0,"comment_status":"open","ping_status":"open","sticky":false,"template":"","format":"standard","meta":{"_acf_changed":false,"footnotes":""},"categories":[1],"tags":[],"class_list":["post-1704","post","type-post","status-publish","format-standard","hentry","category-mountainbike"],"acf":[],"_links":{"self":[{"href":"https:\/\/scf.se\/mountainbike\/wp-json\/wp\/v2\/posts\/1704","targetHints":{"allow":["GET"]}}],"collection":[{"href":"https:\/\/scf.se\/mountainbike\/wp-json\/wp\/v2\/posts"}],"about":[{"href":"https:\/\/scf.se\/mountainbike\/wp-json\/wp\/v2\/types\/post"}],"author":[{"embeddable":true,"href":"https:\/\/scf.se\/mountainbike\/wp-json\/wp\/v2\/users\/34"}],"replies":[{"embeddable":true,"href":"https:\/\/scf.se\/mountainbike\/wp-json\/wp\/v2\/comments?post=1704"}],"version-history":[{"count":0,"href":"https:\/\/scf.se\/mountainbike\/wp-json\/wp\/v2\/posts\/1704\/revisions"}],"wp:attachment":[{"href":"https:\/\/scf.se\/mountainbike\/wp-json\/wp\/v2\/media?parent=1704"}],"wp:term":[{"taxonomy":"category","embeddable":true,"href":"https:\/\/scf.se\/mountainbike\/wp-json\/wp\/v2\/categories?post=1704"},{"taxonomy":"post_tag","embeddable":true,"href":"https:\/\/scf.se\/mountainbike\/wp-json\/wp\/v2\/tags?post=1704"}],"curies":[{"name":"wp","href":"https:\/\/api.w.org\/{rel}","templated":true}]}}