
{"id":1571,"date":"2019-07-21T15:39:07","date_gmt":"2019-07-21T13:39:07","guid":{"rendered":"http:\/\/scf.se\/mountainbike\/?p=1571"},"modified":"2019-07-21T15:39:07","modified_gmt":"2019-07-21T13:39:07","slug":"rapport-fran-grengruppsmotet-under-2019-ars-xco-sm-i-ostersund","status":"publish","type":"post","link":"https:\/\/scf.se\/mountainbike\/rapport-fran-grengruppsmotet-under-2019-ars-xco-sm-i-ostersund\/","title":{"rendered":"Rapport fr\u00e5n grengruppsm\u00f6tet under 2019-\u00e5rs XCO SM i \u00d6stersund"},"content":{"rendered":"<p>Grengrupp XCO vill b\u00f6rja med att tacka de ca 50 deltagarna. Grengruppen \u00e4r mycket glada \u00f6ver den h\u00f6ga n\u00e4rvaron.<\/p>\n<p>F\u00f6ljande punkter kommunicerades och togs upp under m\u00f6tet:<\/p>\n<ul>\n<li>Det prelimin\u00e4ra SWE Cup och nordiska UCI programmet f\u00f6r 2020 presenterades och finns som bild nedan (<span style=\"text-decoration: underline;\">klicka p\u00e5 bilden f\u00f6r att f\u00e5 den skarp<\/span>. Observera att f\u00f6r\u00e4ndringar kan komma att ske).<\/li>\n<\/ul>\n<a href=\"https:\/\/scf.se\/mountainbike\/wp-content\/uploads\/sites\/6\/2019\/07\/Prelimin\u00e4r-t\u00e4vlingskalender-2020.png\"><img loading=\"lazy\" decoding=\"async\" class=\"alignnone size-medium wp-image-1572\" src=\"https:\/\/scf.se\/mountainbike\/wp-content\/uploads\/sites\/6\/2019\/07\/Prelimin\u00e4r-t\u00e4vlingskalender-2020-300x121.png\" alt=\"\" width=\"300\" height=\"121\" srcset=\"https:\/\/scf.se\/mountainbike\/wp-content\/uploads\/sites\/6\/2019\/07\/Prelimin\u00e4r-t\u00e4vlingskalender-2020-300x121.png 300w, https:\/\/scf.se\/mountainbike\/wp-content\/uploads\/sites\/6\/2019\/07\/Prelimin\u00e4r-t\u00e4vlingskalender-2020-768x311.png 768w, https:\/\/scf.se\/mountainbike\/wp-content\/uploads\/sites\/6\/2019\/07\/Prelimin\u00e4r-t\u00e4vlingskalender-2020-1024x414.png 1024w, https:\/\/scf.se\/mountainbike\/wp-content\/uploads\/sites\/6\/2019\/07\/Prelimin\u00e4r-t\u00e4vlingskalender-2020.png 1102w\" sizes=\"auto, (max-width: 300px) 100vw, 300px\" \/><\/a>\n<ul>\n<li>Vi s\u00f6ker XCO SM arrang\u00f6r f\u00f6r 2020 och 2021! Varmt v\u00e4lkomna med ans\u00f6kningar, som vi vill ha in <u>senast<\/u> 31\/8. Vi \u00e4r \u00f6ppna f\u00f6r att diskutera datum samt antal \u00e5r man tar p\u00e5 sig m\u00e4sterskapet.<\/li>\n<li>Jennie Stenerhag har valt att st\u00e4lla sin plats i grengruppen som \u00e5karrepresentant till f\u00f6rfogande. Jennie kommer fortsatt sitta kvar i grengrupp XCM. Nominera g\u00e4rna n\u00e5gon som ni tycker skulle vara l\u00e4mplig som kvinnlig \u00e5karrepresentant i grengrupp XCO!<\/li>\n<li>Grengruppen v\u00e4djar till landets arrang\u00f6rer att inkludera klassen Herrar Seniorer i sina arrangemang. Vi f\u00e5r till oss fr\u00e5n deltagare att detta efterfr\u00e5gas. Fr\u00e4mst g\u00e4ller detta 19-29-\u00e5ringar som f\u00f6rvisas till Sportklassen om de inte v\u00e4ljer att k\u00f6ra Elitklass. Grengruppen avser att inf\u00f6ra klassen Damer Seniorer till 2020-\u00e5rs s\u00e4song d\u00e5 denna klass saknas i t\u00e4vlingsreglementet idag. Vi ska ocks\u00e5 unders\u00f6ka m\u00f6jligheten att f\u00e5 deltagandet i Seniorklassen till\u00e5ten fr\u00e5n 17 \u00e5r.<\/li>\n<li>Vi kommer att kommunicera en deadline d\u00e5 2020-\u00e5rs arrangemang beh\u00f6ver finnas i Swecyclingonline. F\u00f6r nationella lopp kommer detta troligtvis vara 1\/11. Detta f\u00f6r att grengruppen ska ha en chans att kunna f\u00f6rst\u00e5 och motverka on\u00f6diga kollisioner.<\/li>\n<li>Vidare kommer grengruppen under h\u00f6sten titta vidare p\u00e5 f\u00f6ljande:\n<ul>\n<li>Seedning f\u00f6r ungdomsklasser inf\u00f6r SM som vi f\u00e5tt synpunkter p\u00e5.<\/li>\n<li>D\u00e5 P\/F 10-12 inte l\u00e4ngre \u00e4r SM klass b\u00f6r efteranm\u00e4lningsavgiften kanske inte vara enligt SM reglerna.<\/li>\n<li>Unders\u00f6ka m\u00f6jligheten av byte fr\u00e5n XCE till XCC (Short Track) under SM.<\/li>\n<li>Unders\u00f6ka om XCE kan inf\u00f6ras i RF\u2019s \u201dSM-veckan\u201d tillsammans med stora delar av landets SM-arrangemang?<\/li>\n<li>\u00c4ndrande av po\u00e4ngber\u00e4kning f\u00f6r SWE-, Ungdoms- och Master Cup. Vi ser behov av \u00f6versyn inf\u00f6r 2020.<\/li>\n<\/ul>\n<\/li>\n<\/ul>\n<p>&nbsp;<\/p>\n<p>Grengruppen kommer att ha en samling under h\u00f6sten och g\u00e5 vidare med ovan punkter. Som vanligt kan ni maila in fr\u00e5gor, synpunkter och \u00f6nskem\u00e5l till <a href=\"mailto:mountainbike@scf.se\">mountainbike@scf.se<\/a> .<\/p>\n<p>Mvh Grengrupp XCO<\/p>\n","protected":false},"excerpt":{"rendered":"<p>Grengrupp XCO vill b\u00f6rja med att tacka de ca 50 deltagarna. Grengruppen \u00e4r mycket glada \u00f6ver den h\u00f6ga n\u00e4rvaron. F\u00f6ljande punkter kommunicerades och togs upp under m\u00f6tet: Det prelimin\u00e4ra SWE Cup och nordiska UCI programmet f\u00f6r 2020 presenterades och finns som bild nedan (klicka p\u00e5 bilden f\u00f6r att f\u00e5 den skarp. Observera att f\u00f6r\u00e4ndringar<a href=\"https:\/\/scf.se\/mountainbike\/rapport-fran-grengruppsmotet-under-2019-ars-xco-sm-i-ostersund\/\" class=\"news-card__more\"> &#8230;<\/a><\/p>\n","protected":false},"author":30,"featured_media":0,"comment_status":"open","ping_status":"open","sticky":false,"template":"","format":"standard","meta":{"_acf_changed":false,"footnotes":""},"categories":[1],"tags":[],"class_list":["post-1571","post","type-post","status-publish","format-standard","hentry","category-mountainbike"],"acf":[],"_links":{"self":[{"href":"https:\/\/scf.se\/mountainbike\/wp-json\/wp\/v2\/posts\/1571","targetHints":{"allow":["GET"]}}],"collection":[{"href":"https:\/\/scf.se\/mountainbike\/wp-json\/wp\/v2\/posts"}],"about":[{"href":"https:\/\/scf.se\/mountainbike\/wp-json\/wp\/v2\/types\/post"}],"author":[{"embeddable":true,"href":"https:\/\/scf.se\/mountainbike\/wp-json\/wp\/v2\/users\/30"}],"replies":[{"embeddable":true,"href":"https:\/\/scf.se\/mountainbike\/wp-json\/wp\/v2\/comments?post=1571"}],"version-history":[{"count":0,"href":"https:\/\/scf.se\/mountainbike\/wp-json\/wp\/v2\/posts\/1571\/revisions"}],"wp:attachment":[{"href":"https:\/\/scf.se\/mountainbike\/wp-json\/wp\/v2\/media?parent=1571"}],"wp:term":[{"taxonomy":"category","embeddable":true,"href":"https:\/\/scf.se\/mountainbike\/wp-json\/wp\/v2\/categories?post=1571"},{"taxonomy":"post_tag","embeddable":true,"href":"https:\/\/scf.se\/mountainbike\/wp-json\/wp\/v2\/tags?post=1571"}],"curies":[{"name":"wp","href":"https:\/\/api.w.org\/{rel}","templated":true}]}}