
{"id":1529,"date":"2019-07-15T13:48:06","date_gmt":"2019-07-15T11:48:06","guid":{"rendered":"http:\/\/scf.se\/mountainbike\/?p=1529"},"modified":"2019-07-15T13:48:06","modified_gmt":"2019-07-15T11:48:06","slug":"traffa-grengruppen-under-xco-sm-i-ostersund","status":"publish","type":"post","link":"https:\/\/scf.se\/mountainbike\/traffa-grengruppen-under-xco-sm-i-ostersund\/","title":{"rendered":"Tr\u00e4ffa grengruppen under XCO SM i \u00d6stersund"},"content":{"rendered":"<p>Grengrupp MTB XCO bjuder in till ett \u00f6ppet m\u00f6te fredag 19\/7 kl 11.45 &#8211; ca 12.30. M\u00f6tet v\u00e4nder sig fr\u00e4mst till arrang\u00f6rer och ledare.<\/p>\n<p>Utvalda medlemmar fr\u00e5n gruppen kommer finnas p\u00e5 plats f\u00f6r att bland annat diskutera och presentera f\u00f6ljande:<\/p>\n<ul>\n<li>Presentera prelimin\u00e4ra svenska SWE Cup och nordiska UCI t\u00e4vlingsprogrammet 2020<\/li>\n<li>Presentera tankar kring XCO SM 2020<\/li>\n<li>Svara p\u00e5 fr\u00e5gor kring det som beslutats\/presenterats under 2019<\/li>\n<li>\u00d6vrigt\/Fr\u00e5gor<\/li>\n<\/ul>\n<p>Info om vilken lokal som kommer anv\u00e4ndas kommer finnas i t\u00e4vlingssekretariatet.<\/p>\n<p>V\u00e4l m\u00f6tt,<\/p>\n<p>\/Grengrupp MTB XCO<\/p>\n","protected":false},"excerpt":{"rendered":"<p>Grengrupp MTB XCO bjuder in till ett \u00f6ppet m\u00f6te fredag 19\/7 kl 11.45 &#8211; ca 12.30. M\u00f6tet v\u00e4nder sig fr\u00e4mst till arrang\u00f6rer och ledare. Utvalda medlemmar fr\u00e5n gruppen kommer finnas p\u00e5 plats f\u00f6r att bland annat diskutera och presentera f\u00f6ljande: Presentera prelimin\u00e4ra svenska SWE Cup och nordiska UCI t\u00e4vlingsprogrammet 2020 Presentera tankar kring XCO<a href=\"https:\/\/scf.se\/mountainbike\/traffa-grengruppen-under-xco-sm-i-ostersund\/\" class=\"news-card__more\"> &#8230;<\/a><\/p>\n","protected":false},"author":30,"featured_media":0,"comment_status":"open","ping_status":"open","sticky":false,"template":"","format":"standard","meta":{"_acf_changed":false,"footnotes":""},"categories":[1],"tags":[],"class_list":["post-1529","post","type-post","status-publish","format-standard","hentry","category-mountainbike"],"acf":[],"_links":{"self":[{"href":"https:\/\/scf.se\/mountainbike\/wp-json\/wp\/v2\/posts\/1529","targetHints":{"allow":["GET"]}}],"collection":[{"href":"https:\/\/scf.se\/mountainbike\/wp-json\/wp\/v2\/posts"}],"about":[{"href":"https:\/\/scf.se\/mountainbike\/wp-json\/wp\/v2\/types\/post"}],"author":[{"embeddable":true,"href":"https:\/\/scf.se\/mountainbike\/wp-json\/wp\/v2\/users\/30"}],"replies":[{"embeddable":true,"href":"https:\/\/scf.se\/mountainbike\/wp-json\/wp\/v2\/comments?post=1529"}],"version-history":[{"count":0,"href":"https:\/\/scf.se\/mountainbike\/wp-json\/wp\/v2\/posts\/1529\/revisions"}],"wp:attachment":[{"href":"https:\/\/scf.se\/mountainbike\/wp-json\/wp\/v2\/media?parent=1529"}],"wp:term":[{"taxonomy":"category","embeddable":true,"href":"https:\/\/scf.se\/mountainbike\/wp-json\/wp\/v2\/categories?post=1529"},{"taxonomy":"post_tag","embeddable":true,"href":"https:\/\/scf.se\/mountainbike\/wp-json\/wp\/v2\/tags?post=1529"}],"curies":[{"name":"wp","href":"https:\/\/api.w.org\/{rel}","templated":true}]}}