
{"id":1513,"date":"2019-06-05T14:51:54","date_gmt":"2019-06-05T12:51:54","guid":{"rendered":"http:\/\/scf.se\/mountainbike\/?p=1513"},"modified":"2019-06-06T10:07:38","modified_gmt":"2019-06-06T08:07:38","slug":"ingen-sm-status-for-p-f10-12-mtb","status":"publish","type":"post","link":"https:\/\/scf.se\/mountainbike\/ingen-sm-status-for-p-f10-12-mtb\/","title":{"rendered":"SM status f\u00f6r P\/F 10-12 MTB tas bort"},"content":{"rendered":"<p><strong>Kommunik\u00e9 fr\u00e5n grengrupp MTB\/XCO om SM status f\u00f6r P\/F10-12<\/strong><\/p>\n<p>Inf\u00f6r \u00e5rets SM f\u00f6r MTB XCO, XCE och USM stafett p\u00e5 Fr\u00f6s\u00f6n har f\u00f6r\u00e4ldrar h\u00f6rt av sig till grengruppen och bett om viss f\u00f6r\u00e4ndring i hanteringen utav klassen P\/F10-12.<\/p>\n<p>Grengruppen, som har i uppgift att arbeta f\u00f6r svensk MTB\u2019s b\u00e4sta, har lyssnat och tillsammans med styrelsen i Svenska Cykelf\u00f6rbundet beslutat f\u00f6ljande:<\/p>\n<p><em>Som tidigare kommunicerat kommer klassen P\/F10-12 genomf\u00f6ras utan SM-status. Detta enligt de anvisningar som ges till SF (specialidrottsf\u00f6rbund) fr\u00e5n RF (Riksidrottsf\u00f6rbundet) kring hanteringen av barnidrott (idrottsverksamhet upp till 12 \u00e5rs \u00e5lder). <\/em><\/p>\n<p><em>D\u00e4remot kommer viss justering i hanteringen utav klassen P\/F10-12 ske mot tidigare kommunicerat:<\/em><\/p>\n<p><strong>XCO:<\/strong> K\u00f6rs som nationell t\u00e4vling med ordinarie prisutdelning.<br \/>\n<strong>XCE:<\/strong> K\u00f6rs som nationell t\u00e4vling med ordinarie prisutdelning.<br \/>\n<strong>USM Stafett:<\/strong> P\/F10-12 till\u00e5ts st\u00e4lla upp enligt nuvarande regler f\u00f6r USM.<\/p>\n<p><em>Med dessa justeringar vill greng<\/em>rupp XCO \u00f6nska en trevlig sommar!<\/p>\n<p>&nbsp;<\/p>\n","protected":false},"excerpt":{"rendered":"<p>Kommunik\u00e9 fr\u00e5n grengrupp MTB\/XCO om SM status f\u00f6r P\/F10-12 Inf\u00f6r \u00e5rets SM f\u00f6r MTB XCO, XCE och USM stafett p\u00e5 Fr\u00f6s\u00f6n har f\u00f6r\u00e4ldrar h\u00f6rt av sig till grengruppen och bett om viss f\u00f6r\u00e4ndring i hanteringen utav klassen P\/F10-12. Grengruppen, som har i uppgift att arbeta f\u00f6r svensk MTB\u2019s b\u00e4sta, har lyssnat och tillsammans med<a href=\"https:\/\/scf.se\/mountainbike\/ingen-sm-status-for-p-f10-12-mtb\/\" class=\"news-card__more\"> &#8230;<\/a><\/p>\n","protected":false},"author":2,"featured_media":0,"comment_status":"open","ping_status":"open","sticky":false,"template":"","format":"standard","meta":{"_acf_changed":false,"footnotes":""},"categories":[1],"tags":[],"class_list":["post-1513","post","type-post","status-publish","format-standard","hentry","category-mountainbike"],"acf":[],"_links":{"self":[{"href":"https:\/\/scf.se\/mountainbike\/wp-json\/wp\/v2\/posts\/1513","targetHints":{"allow":["GET"]}}],"collection":[{"href":"https:\/\/scf.se\/mountainbike\/wp-json\/wp\/v2\/posts"}],"about":[{"href":"https:\/\/scf.se\/mountainbike\/wp-json\/wp\/v2\/types\/post"}],"author":[{"embeddable":true,"href":"https:\/\/scf.se\/mountainbike\/wp-json\/wp\/v2\/users\/2"}],"replies":[{"embeddable":true,"href":"https:\/\/scf.se\/mountainbike\/wp-json\/wp\/v2\/comments?post=1513"}],"version-history":[{"count":0,"href":"https:\/\/scf.se\/mountainbike\/wp-json\/wp\/v2\/posts\/1513\/revisions"}],"wp:attachment":[{"href":"https:\/\/scf.se\/mountainbike\/wp-json\/wp\/v2\/media?parent=1513"}],"wp:term":[{"taxonomy":"category","embeddable":true,"href":"https:\/\/scf.se\/mountainbike\/wp-json\/wp\/v2\/categories?post=1513"},{"taxonomy":"post_tag","embeddable":true,"href":"https:\/\/scf.se\/mountainbike\/wp-json\/wp\/v2\/tags?post=1513"}],"curies":[{"name":"wp","href":"https:\/\/api.w.org\/{rel}","templated":true}]}}