
{"id":1489,"date":"2019-05-03T15:00:47","date_gmt":"2019-05-03T13:00:47","guid":{"rendered":"http:\/\/scf.se\/mountainbike\/?p=1489"},"modified":"2019-05-03T15:00:47","modified_gmt":"2019-05-03T13:00:47","slug":"programandring-pa-sm-mountainbike-xco","status":"publish","type":"post","link":"https:\/\/scf.se\/mountainbike\/programandring-pa-sm-mountainbike-xco\/","title":{"rendered":"Program\u00e4ndring p\u00e5 SM mountainbike XCO"},"content":{"rendered":"<p>Kommunik\u00e9 g\u00e4llande XCO SM program 2019 fr\u00e5n grengrupp Mountainbike XCO och XCM<\/p>\n<p>Grengruppen har tillsammans med SM XCO arrang\u00f6ren Fr\u00f6so IF beslutat att g\u00f6ra om t\u00e4vlingsprogrammet f\u00f6r elitt\u00e4vlingarna.\u00a0Nytt \u00e4r att elitens XCO t\u00e4vlingar genomf\u00f6rs p\u00e5 l\u00f6rdagen ist\u00e4llet f\u00f6r s\u00f6ndagen som tidigare var kommunicerat.<\/p>\n<p>Grengruppen har beslutat att man i s\u00e5 stor utstr\u00e4ckning som m\u00f6jligt vill verka f\u00f6r att undvika kollisioner mellan SWE Cup, L\u00e5ngloppscupen samt XCO och XCM m\u00e4sterskapen. D\u00e4rf\u00f6r hade elitens XCO t\u00e4vlingar p\u00e5 s\u00f6ndagen inneburit en olycklig kollision med Engelbrektsuren i Norberg.<\/p>\n<p>Avslutningsvis vill grengruppen tacka samtliga ber\u00f6rda parter och lyfta faktumet att \u00e4ndringen gjorts genom gott samarbete b\u00e5de inom gruppen och med arrang\u00f6ren.<\/p>\n<p>De respektive grengrupperna ser fram emot \u00f6ppna m\u00f6ten under \u00e5rets SM-arrangemang med syfte att ta emot och lyfta diverse fr\u00e5gor med svensk cykel.<\/p>\n<p>Information om tid och plats kommer l\u00e4ngre fram.<\/p>\n<p>Mvh,<\/p>\n<p>Grengrupp MTB XCO + XCM<\/p>\n","protected":false},"excerpt":{"rendered":"<p>Kommunik\u00e9 g\u00e4llande XCO SM program 2019 fr\u00e5n grengrupp Mountainbike XCO och XCM Grengruppen har tillsammans med SM XCO arrang\u00f6ren Fr\u00f6so IF beslutat att g\u00f6ra om t\u00e4vlingsprogrammet f\u00f6r elitt\u00e4vlingarna.\u00a0Nytt \u00e4r att elitens XCO t\u00e4vlingar genomf\u00f6rs p\u00e5 l\u00f6rdagen ist\u00e4llet f\u00f6r s\u00f6ndagen som tidigare var kommunicerat. Grengruppen har beslutat att man i s\u00e5 stor utstr\u00e4ckning som m\u00f6jligt<a href=\"https:\/\/scf.se\/mountainbike\/programandring-pa-sm-mountainbike-xco\/\" class=\"news-card__more\"> &#8230;<\/a><\/p>\n","protected":false},"author":2,"featured_media":0,"comment_status":"open","ping_status":"open","sticky":false,"template":"","format":"standard","meta":{"_acf_changed":false,"footnotes":""},"categories":[1],"tags":[],"class_list":["post-1489","post","type-post","status-publish","format-standard","hentry","category-mountainbike"],"acf":[],"_links":{"self":[{"href":"https:\/\/scf.se\/mountainbike\/wp-json\/wp\/v2\/posts\/1489","targetHints":{"allow":["GET"]}}],"collection":[{"href":"https:\/\/scf.se\/mountainbike\/wp-json\/wp\/v2\/posts"}],"about":[{"href":"https:\/\/scf.se\/mountainbike\/wp-json\/wp\/v2\/types\/post"}],"author":[{"embeddable":true,"href":"https:\/\/scf.se\/mountainbike\/wp-json\/wp\/v2\/users\/2"}],"replies":[{"embeddable":true,"href":"https:\/\/scf.se\/mountainbike\/wp-json\/wp\/v2\/comments?post=1489"}],"version-history":[{"count":0,"href":"https:\/\/scf.se\/mountainbike\/wp-json\/wp\/v2\/posts\/1489\/revisions"}],"wp:attachment":[{"href":"https:\/\/scf.se\/mountainbike\/wp-json\/wp\/v2\/media?parent=1489"}],"wp:term":[{"taxonomy":"category","embeddable":true,"href":"https:\/\/scf.se\/mountainbike\/wp-json\/wp\/v2\/categories?post=1489"},{"taxonomy":"post_tag","embeddable":true,"href":"https:\/\/scf.se\/mountainbike\/wp-json\/wp\/v2\/tags?post=1489"}],"curies":[{"name":"wp","href":"https:\/\/api.w.org\/{rel}","templated":true}]}}