
{"id":1400,"date":"2019-02-05T14:04:03","date_gmt":"2019-02-05T13:04:03","guid":{"rendered":"http:\/\/scf.se\/mountainbike\/?p=1400"},"modified":"2019-02-11T10:38:20","modified_gmt":"2019-02-11T09:38:20","slug":"grengrupp-xcos-feedback-gallande-klassindelningar-och-sm-status","status":"publish","type":"post","link":"https:\/\/scf.se\/mountainbike\/grengrupp-xcos-feedback-gallande-klassindelningar-och-sm-status\/","title":{"rendered":"Feedback &#8211; f\u00f6rslaget om nya klassindelningar f\u00f6r nyb\u00f6rjare och P\/F10-12 och om SM-status"},"content":{"rendered":"\n<p>Grengrupp XCO har tagit emot en hel del synpunkter p\u00e5 de f\u00f6rslag som grengruppen har arbetat fram och presenterat. Vi ser i grunden positivt p\u00e5 att det finns ett engagemang och att m\u00e5nga vill vara med och p\u00e5verka.<\/p>\n\n\n\n<p>Fr\u00e4mst har det varit tv\u00e5 synpunkter som f\u00f6rts fram:<\/p>\n\n\n\n<ol class=\"wp-block-list\"><li>Synpunkter fr\u00e5n f\u00f6r\u00e4ldrar om en upplevd besvikelse fr\u00e5n 10-\u00e5ringar g\u00e4llande f\u00f6rslaget om f\u00f6r\u00e4ndring av klassen P\/F10-12 till P\/F11-12. <em>\u201dSka min son\/dotter inte f\u00e5 t\u00e4vla?? Hen som l\u00e4ngtat s\u00e5 efter det nu n\u00e4r hen \u00e4ntligen fyller 10?!\u201d<\/em><\/li><li>Synpunkter fr\u00e5n f\u00f6r\u00e4ldrar om besvikelse \u00f6ver att klassen P\/F10-12 (P\/F11-12) inte har SM status.  <em>&#8221;D\u00e5 blir det ingen resa till \u00d6stersund och MTB SM f\u00f6r v\u00e5r del i \u00e5r!\u201d <\/em><\/li><\/ol>\n\n\n\n<p><strong>Grengruppens svar g\u00e4llande f\u00f6rslag om f\u00f6r\u00e4ndring av klass P\/F10-12 till P\/F11-12:<\/strong><\/p>\n\n\n\n<p>Vi tror att man inte f\u00f6rst\u00e5tt vad v\u00e5ra f\u00f6rslag fullt ut\ninneb\u00e4r. Att exempelvis en 10-\u00e5ring ist\u00e4llet f\u00f6r att vara tv\u00e5 \u00e5r yngre \u00e4n sina\nmedt\u00e4vlande, faktiskt kommer att f\u00e5 vara \u00e4ldst i en klass. Att\nutg\u00e5ngsnamnf\u00f6rslaget \u201dFortb\u00f6rjarna\u201d lika g\u00e4rna hade kunnat heta P\/F8-10 (eller\nP\/F9-10). Och att skillnaden p\u00e5 klass och t\u00e4vlingsmomentet nog inte kommer att\nuppfattas \u00f6verhuvudtaget av barnet. <\/p>\n\n\n\n<p>V\u00e5r anledning till f\u00f6r\u00e4ndringen \u00e4r:<\/p>\n\n\n\n<ul class=\"wp-block-list\"><li>Att s\u00e4kerst\u00e4lla att startf\u00e4ltet blir j\u00e4mnare och\neventuellt mindre.<\/li><li>Att s\u00e4kerst\u00e4lla en roligare och s\u00e4krare t\u00e4vlingsupplevelse.\n<\/li><\/ul>\n\n\n\n<p>Vi \u00e4r inte emot att barn t\u00e4vlar, tv\u00e4rtom! Vi vill bara s\u00e4kerst\u00e4lla (enligt RF\u2019s riktlinjer g\u00e4llande barnidrott, l\u00e4s mer l\u00e4ngre ner) att resultaten inte ska f\u00e5 n\u00e5gon st\u00f6rre betydelse. Det ska handla om lek, att ha roligt och viljan att r\u00f6ra p\u00e5 sig p\u00e5 barnens egna villkor. <\/p>\n\n\n\n<p><strong>Grengruppen v\u00e4ljer\natt inte g\u00e5 vidare med inf\u00f6randet av f\u00f6rslaget till 2019. <\/strong>Vi menar\np\u00e5 att det beh\u00f6vs st\u00f6rre f\u00f6rankring i cykelsverige samt att vi f\u00f6rst\u00e5r att\ntiden f\u00f6r arrang\u00f6rer b\u00f6rjar bli knapp. Ist\u00e4llet ser vi fram emot att f\u00e5 bjuda\nin till ett \u00f6ppet grengruppsm\u00f6te under XCO SM i \u00d6stersund d\u00e4r vi vill\npresentera ovan f\u00f6rslag igen och ta emot eventuella fr\u00e5gor. V\u00e5r ambition \u00e4r att\ninf\u00f6ra f\u00f6rslagen till s\u00e4songen 2020 och kommer d\u00e4rf\u00f6r att utlysa namnt\u00e4vling\nredan under v\u00e5ren 2019.<\/p>\n\n\n\n<p><strong>Grengruppens svar g\u00e4llande f\u00f6r\u00e4ndring av SM status P\/F10-12<\/strong>:<\/p>\n\n\n\n<p>G\u00e4llande SM och SM-status kommer vi sj\u00e4lvklart ha klassen\nP\/F10-12 \u00e4ven under SM. Enda skillnaden \u00e4r att vi f\u00f6rordar en prisutdelning som\ninte best\u00e5r utav SM-medaljer till de tre snabbaste, utan ist\u00e4llet vill vi dela\nut pris till alla som genomf\u00f6r loppet, oavsett resultat. \u00c5terigen vill vi inte\nfokusera p\u00e5 resultaten. <\/p>\n\n\n\n<p>Varf\u00f6r g\u00f6r vi detta? Svenska Cykelf\u00f6rbundet (SCF) \u00e4r ett Specialf\u00f6rbund\n(SF) kopplat till Riksidrottsf\u00f6rbundet (RF). V\u00e5rt ekonomiska st\u00f6d och\nmedlemstillh\u00f6righet \u00e4r villkorad mot en rad \u00e5taganden och f\u00f6rh\u00e5llningss\u00e4tt,\nbland annat p\u00e5 vilket s\u00e4tt vi bedriver och hanterar v\u00e5r idrott och v\u00e5ra v\u00e4rdegrunder.\nRF jobbar aktivt med att s\u00e4kerst\u00e4lla och driva igenom en rad \u00e5tg\u00e4rder f\u00f6r att\ns\u00e4kerst\u00e4lla \u201dEtt livsl\u00e5ngt idrottande\u201d. Det inneb\u00e4r att det l\u00e4ggs stort fokus\np\u00e5 att varje SF f\u00f6ljer de riktlinjer som finns kring hanteringen av barn,\nungdomar, unga vuxna och vuxna. <\/p>\n\n\n\n<p>Idrottsverksamhet upp till 12 \u00e5r kallas barnidrott. Man kan\nl\u00e4sa mer om vad som g\u00e4ller f\u00f6r barnidrott h\u00e4r: <a href=\"http:\/\/www.svenskidrott.se\/globalassets\/svenskidrott\/dokument\/undersidor\/barn--och-ungdomsidrott\/riktlinjeranvisningar\/anvisningar-for-barn-och-ungdomsidrott_bladet.pdf\">http:\/\/www.svenskidrott.se\/globalassets\/svenskidrott\/dokument\/undersidor\/barn&#8211;och-ungdomsidrott\/riktlinjeranvisningar\/anvisningar-for-barn-och-ungdomsidrott_bladet.pdf<\/a><\/p>\n\n\n\n<p>P\u00e5 sidan 7\nst\u00e5r det:<\/p>\n\n\n\n<p><em>Anvisningar:<\/em><\/p>\n\n\n\n<ul class=\"wp-block-list\"><li><em>T\u00e4vlingsverksamhet f\u00f6r barn ska planeras s\u00e5 att resandet minimeras.<\/em><\/li><li><em>Nationella m\u00e4sterskap ska inte f\u00f6rekomma f\u00f6r barn, inte heller nationella t\u00e4vlingar som kr\u00e4ver kvalificering.&nbsp;<\/em><\/li><li><em>Rankinglistor ska inte f\u00f6rekomma f\u00f6r barn.<\/em><\/li><li><em>SF ska inte ta ut barn till landslag eller motsvarande.*<\/em><\/li><li><em>SF ska inte sanktionera att barn t\u00e4vlar internationellt.*<\/em><\/li><\/ul>\n\n\n\n<p><em>*Enligt 8 kap. 8 \u00a7 RF:s stadgar kr\u00e4vs SF:s godk\u00e4nnande. F\u00f6r att representera f\u00f6rening eller f\u00f6rbund i t\u00e4vling eller uppvisning utanf\u00f6r Sverige, och landslag \u00e4r alltid en SF-angel\u00e4genhet.<\/em><\/p>\n\n\n\n<p>Det finns\n\u00e4ven mer att l\u00e4sa om detta p\u00e5 <a href=\"http:\/\/www.strategi2025.se\">www.strategi2025.se<\/a>\n.<\/p>\n\n\n\n<p><strong>Grengruppen v\u00e4ljer att\ng\u00e5 vidare med f\u00f6rslaget om slopad SM status f\u00f6r klassen P\/F10-12 till 2019\ng\u00e4llande XCO och XCE.<\/strong> V\u00e5rt f\u00f6rslag om prisutdelningsf\u00f6rfarande f\u00f6r P\/F10-12\nunder SM och som kommer presenteras till SM arrang\u00f6ren \u00e4r:<\/p>\n\n\n\n<p><em>\u201dSamtliga deltagare kallas i lottad- eller bokstavsordning upp p\u00e5 scen f\u00f6r mottagande av pris (medalj, pokal, eller liknande). En fanfar spelas f\u00f6r v\u00e4l genomf\u00f6rd insats. Sedermera lottas deltagarna fram till ett rikligt prisbord. Prisceremonin ska vara en m\u00f6jlighet att tr\u00e4ffa nya och gamla kompisar och en m\u00f6jlighet att dela gl\u00e4djen och upplevelsen utanf\u00f6r t\u00e4vlingsbanan.\u201d<\/em><\/p>\n\n\n\n<p><strong>F\u00f6rlagen fr\u00e5n Grengrupp XCO<\/strong><\/p>\n\n\n\n<div class=\"wp-block-file\"><a href=\"https:\/\/scf.se\/mountainbike\/wp-content\/uploads\/sites\/6\/2019\/01\/F\u00f6rslag_nya-klasser-f\u00f6r-de-yngsta.pdf\">F\u00f6rslag p\u00e5 klassindelning f\u00f6r nyb\u00f6rjare och P\/F10-12 <\/a><a href=\"https:\/\/scf.se\/mountainbike\/wp-content\/uploads\/sites\/6\/2019\/01\/F\u00f6rslag_nya-klasser-f\u00f6r-de-yngsta.pdf\" class=\"wp-block-file__button\" download>Ladda ner<\/a><\/div>\n\n\n\n<div class=\"wp-block-file\"><a href=\"https:\/\/scf.se\/mountainbike\/wp-content\/uploads\/sites\/6\/2019\/01\/Gl\u00e4dje-S\u00e4kerhet-Utveckling.pdf\">Gl\u00e4dje S\u00e4kerhet Utveckling<\/a><a href=\"https:\/\/scf.se\/mountainbike\/wp-content\/uploads\/sites\/6\/2019\/01\/Gl\u00e4dje-S\u00e4kerhet-Utveckling.pdf\" class=\"wp-block-file__button\" download>Ladda ner<\/a><\/div>\n","protected":false},"excerpt":{"rendered":"<p>Grengrupp XCO har tagit emot en hel del synpunkter p\u00e5 de f\u00f6rslag som grengruppen har arbetat fram och presenterat. Vi ser i grunden positivt p\u00e5 att det finns ett engagemang och att m\u00e5nga vill vara med och p\u00e5verka. Fr\u00e4mst har det varit tv\u00e5 synpunkter som f\u00f6rts fram: Synpunkter fr\u00e5n f\u00f6r\u00e4ldrar om en upplevd besvikelse<a href=\"https:\/\/scf.se\/mountainbike\/grengrupp-xcos-feedback-gallande-klassindelningar-och-sm-status\/\" class=\"news-card__more\"> &#8230;<\/a><\/p>\n","protected":false},"author":2,"featured_media":0,"comment_status":"open","ping_status":"open","sticky":false,"template":"","format":"standard","meta":{"_acf_changed":false,"footnotes":""},"categories":[1],"tags":[],"class_list":["post-1400","post","type-post","status-publish","format-standard","hentry","category-mountainbike"],"acf":[],"_links":{"self":[{"href":"https:\/\/scf.se\/mountainbike\/wp-json\/wp\/v2\/posts\/1400","targetHints":{"allow":["GET"]}}],"collection":[{"href":"https:\/\/scf.se\/mountainbike\/wp-json\/wp\/v2\/posts"}],"about":[{"href":"https:\/\/scf.se\/mountainbike\/wp-json\/wp\/v2\/types\/post"}],"author":[{"embeddable":true,"href":"https:\/\/scf.se\/mountainbike\/wp-json\/wp\/v2\/users\/2"}],"replies":[{"embeddable":true,"href":"https:\/\/scf.se\/mountainbike\/wp-json\/wp\/v2\/comments?post=1400"}],"version-history":[{"count":0,"href":"https:\/\/scf.se\/mountainbike\/wp-json\/wp\/v2\/posts\/1400\/revisions"}],"wp:attachment":[{"href":"https:\/\/scf.se\/mountainbike\/wp-json\/wp\/v2\/media?parent=1400"}],"wp:term":[{"taxonomy":"category","embeddable":true,"href":"https:\/\/scf.se\/mountainbike\/wp-json\/wp\/v2\/categories?post=1400"},{"taxonomy":"post_tag","embeddable":true,"href":"https:\/\/scf.se\/mountainbike\/wp-json\/wp\/v2\/tags?post=1400"}],"curies":[{"name":"wp","href":"https:\/\/api.w.org\/{rel}","templated":true}]}}