
{"id":1265,"date":"2018-08-22T14:50:08","date_gmt":"2018-08-22T12:50:08","guid":{"rendered":"http:\/\/scf.se\/mountainbike\/?p=1265"},"modified":"2018-09-04T08:41:49","modified_gmt":"2018-09-04T06:41:49","slug":"har-ar-vm-truppen-i-mountainbike-2","status":"publish","type":"post","link":"https:\/\/scf.se\/mountainbike\/har-ar-vm-truppen-i-mountainbike-2\/","title":{"rendered":"H\u00e4r \u00e4r VM-truppen i mountainbike"},"content":{"rendered":"<blockquote><p>27\/8 uppdatering, tv\u00e5 tillskott till truppen p\u00e5 juniorsidan: Adam Larsson, DHI och August H\u00f6glund, XCO.<\/p><\/blockquote>\n<p>5-9 september avg\u00f6rs VM i mountainbike i Lenzerheide,\u00a0Schweiz. Framf\u00f6r 30 000 \u00e5sk\u00e5dare och fans kommer v\u00e4rldens b\u00e4sta mountainbikecyklister att g\u00f6ra upp om VM-titlarna.\u00a0Svenska landslaget \u00e5ker dit med en trupp p\u00e5 tio cyklister d\u00e4r bland annat\u00a0Ottilia Johansson Jones ing\u00e5r\u00a0som tidigare i \u00e5r fick kliva upp p\u00e5 pallen under\u00a0juniorv\u00e4rldscupen i downhill. I truppen ser vi \u00e4ven v\u00e4rldscuprutinerade Ida Jansson, Falu CK som g\u00f6r sitt andra VM i U23-klassen.<\/p>\n<blockquote><p><em>\u2013 Laget \u00e4r en v\u00e4l avv\u00e4gd blandning av erfarenhet, teknisk\/fysisk kapacitet och up n&#8217; coming. Det h\u00e4r laget kommer att lyfta varandra under tr\u00e4ning och t\u00e4vling, n\u00e5gonting som \u00e4r viktigt f\u00f6r att cyklisterna ska kunna n\u00e5 sina individuella topp-prestationer, s\u00e4ger f\u00f6rbundskapten Annie S\u00f6derberg om truppen.\u00a0<\/em><\/p><\/blockquote>\n<p>Lenzerheide har de tre senaste \u00e5ren varit ett regelbundet stopp f\u00f6r v\u00e4rldscupcirkusen\u00a0och nu i \u00e5r st\u00e5r de v\u00e4rd f\u00f6r v\u00e4rldsm\u00e4sterskapen i mountainbike. M\u00e4sterskapet kommer s\u00e4ndas live p\u00e5\u00a0<a href=\"https:\/\/www.srf.ch\/sport\" rel=\"nofollow\">schweizisk TV<\/a> men man kommer \u00e4ven kunna f\u00f6lja loppen via\u00a0<a href=\"https:\/\/lenzerheide2018.ch\/en\" rel=\"nofollow\">officiella VM sidan<\/a>,\u00a0<a href=\"https:\/\/www.facebook.com\/ucimtbworldcuplenzerheide\/\" rel=\"nofollow\">facebook<\/a>och\u00a0<a href=\"https:\/\/www.youtube.com\/channel\/UCCRdAn-kgIc1UiNpKlVbN_Q?view_as=subscriber\" rel=\"nofollow\">youtube<\/a>.<\/p>\n<p><strong>Trupp:<\/strong><\/p>\n<p><strong>DHI<\/strong><\/p>\n<p>Elit<\/p>\n<p>Adam Eriksson, G\u00e4vle cykelamat\u00f6rer, DHI<\/p>\n<p>Junior<\/p>\n<p>Ottilia Johansson Jones, DHI<\/p>\n<p>Adam Larsson, Ulricehamns CK, DHI<\/p>\n<p>&nbsp;<\/p>\n<p><strong>XCO<\/strong><\/p>\n<p>Elit<\/p>\n<p>Linn Gustafzzon, Team KBK Bikes, XCO + XCR<\/p>\n<p>Matthias Wengelin, L\u00e4nna Sport CK, XCO + XCR<\/p>\n<p>Michael Olsson, Serneke Allebike Cykelklubb, XCO<\/p>\n<p>U23<\/p>\n<p>Ida Jansson, Falu CK, XCO + XCR<\/p>\n<p>Emil Hedlund, OK Hammaren, XCO + XCR<\/p>\n<p>Junior<\/p>\n<p>Saga Molin, Varbergs MTB, XCO<\/p>\n<p>Hugo Eliasson, Varbergs MTB, XCO<\/p>\n<p>Vilgot Lindh, H\u00e4rn\u00f6sands CK, XCO + XCR<\/p>\n<p>August H\u00f6glund, IK Hakarpspojkarna, XCO<\/p>\n<p><strong>Ledare<\/strong><\/p>\n<p>Annie S\u00f6derberg, f\u00f6rbundskapten<\/p>\n<p>Olle Gerdtman, mekaniker<\/p>\n<p>Rasmus Krona, mekaniker<\/p>\n<p>Ingrid Djurback, fysioterapeut<\/p>\n<p><strong><strong>schema<\/strong><\/strong><\/p>\n<p><strong>Onsdag 5 september<\/strong><\/p>\n<p>XCR\/Team Relay<\/p>\n<p><strong>Torsdag 6 september<\/strong><\/p>\n<p>XCO damjunior (Saga Molin)<\/p>\n<p>XCO herrjunior (Vilgot Lindh + Hugo Eliasson + August H\u00f6glund)<\/p>\n<p><strong>Fredag 7 september<\/strong><\/p>\n<p>Kval downhill (Ottilia + Adam)<\/p>\n<p>XCO U23 dam (Ida Jansson)<\/p>\n<p>XCO U23 herr (Emil Hedlund)<\/p>\n<p><strong>L\u00f6rdag 8 september\u00a0<\/strong><\/p>\n<p>XCO elit dam (Linn Gustafzzon)<\/p>\n<p>XCO elit herr (Matthias Wengelin)<\/p>\n<p><strong>S\u00f6ndag 9 september<\/strong><\/p>\n<p>Final DHI (Ottilia + Adam)<\/p>\n<p>Officiellt schema hittar du<a href=\"https:\/\/lenzerheide2018.ch\/en\/race-programme\" rel=\"nofollow\"> h\u00e4r.<\/a><\/p>\n","protected":false},"excerpt":{"rendered":"<p>27\/8 uppdatering, tv\u00e5 tillskott till truppen p\u00e5 juniorsidan: Adam Larsson, DHI och August H\u00f6glund, XCO. 5-9 september avg\u00f6rs VM i mountainbike i Lenzerheide,\u00a0Schweiz. Framf\u00f6r 30 000 \u00e5sk\u00e5dare och fans kommer v\u00e4rldens b\u00e4sta mountainbikecyklister att g\u00f6ra upp om VM-titlarna.\u00a0Svenska landslaget \u00e5ker dit med en trupp p\u00e5 tio cyklister d\u00e4r bland annat\u00a0Ottilia Johansson Jones ing\u00e5r\u00a0som tidigare<a href=\"https:\/\/scf.se\/mountainbike\/har-ar-vm-truppen-i-mountainbike-2\/\" class=\"news-card__more\"> &#8230;<\/a><\/p>\n","protected":false},"author":24,"featured_media":0,"comment_status":"open","ping_status":"open","sticky":false,"template":"","format":"standard","meta":{"_acf_changed":false,"footnotes":""},"categories":[1],"tags":[],"class_list":["post-1265","post","type-post","status-publish","format-standard","hentry","category-mountainbike"],"acf":[],"_links":{"self":[{"href":"https:\/\/scf.se\/mountainbike\/wp-json\/wp\/v2\/posts\/1265","targetHints":{"allow":["GET"]}}],"collection":[{"href":"https:\/\/scf.se\/mountainbike\/wp-json\/wp\/v2\/posts"}],"about":[{"href":"https:\/\/scf.se\/mountainbike\/wp-json\/wp\/v2\/types\/post"}],"author":[{"embeddable":true,"href":"https:\/\/scf.se\/mountainbike\/wp-json\/wp\/v2\/users\/24"}],"replies":[{"embeddable":true,"href":"https:\/\/scf.se\/mountainbike\/wp-json\/wp\/v2\/comments?post=1265"}],"version-history":[{"count":0,"href":"https:\/\/scf.se\/mountainbike\/wp-json\/wp\/v2\/posts\/1265\/revisions"}],"wp:attachment":[{"href":"https:\/\/scf.se\/mountainbike\/wp-json\/wp\/v2\/media?parent=1265"}],"wp:term":[{"taxonomy":"category","embeddable":true,"href":"https:\/\/scf.se\/mountainbike\/wp-json\/wp\/v2\/categories?post=1265"},{"taxonomy":"post_tag","embeddable":true,"href":"https:\/\/scf.se\/mountainbike\/wp-json\/wp\/v2\/tags?post=1265"}],"curies":[{"name":"wp","href":"https:\/\/api.w.org\/{rel}","templated":true}]}}