
{"id":1230,"date":"2018-07-17T12:10:33","date_gmt":"2018-07-17T10:10:33","guid":{"rendered":"http:\/\/scf.se\/mountainbike\/?p=1230"},"modified":"2018-07-17T12:10:33","modified_gmt":"2018-07-17T10:10:33","slug":"har-ar-em-truppen-i-mountainbike","status":"publish","type":"post","link":"https:\/\/scf.se\/mountainbike\/har-ar-em-truppen-i-mountainbike\/","title":{"rendered":"H\u00e4r \u00e4r EM-truppen i mountainbike junior\/U23, stafett och sprint"},"content":{"rendered":"<p>Europam\u00e4sterskapen f\u00f6r mountainbike-\u00a0cyklisterna \u00e4r i \u00e5r uppdelade p\u00e5 tv\u00e5 arrangemang. Elitens t\u00e4vlingar g\u00e5r i Glasgow i samband med en st\u00f6rre TV-s\u00e4nd EM-vecka i b\u00f6rjan av augusti, medan juniorer och U23:or \u00e5ker den 26 juli till Graz, \u00d6sterrike f\u00f6r att g\u00f6ra upp om EM-placeringar.<br \/>\nTrots denna delning kommer man att se ett antal svenska elit\u00e5kare\u00a0i Graz d\u00e5 \u00e4ven EM-stafetten (XCR) och sprinten (XCE) avg\u00f6rs d\u00e4r.<\/p>\n<blockquote><p>\u2013 Banan i Graz (XCO) \u00e4r b\u00e5de fysiskt h\u00e5rd och teknisk. Den \u00e4r kuperad och kommer kr\u00e4va att cyklisterna ganska snart kommer in i r\u00e4tt t\u00e4vlingstempo, s\u00e4ger f\u00f6rbundskapten Annie S\u00f6derberg.<\/p><\/blockquote>\n<p>I juniortruppen har vi bland annat Hugo Eliasson, Varbergs MTB och\u00a0Saga Molin, Varbergs MTB\u00a0som b\u00e5da har k\u00f6rt starkt p\u00e5 hemmaplan under s\u00e4songen och leder den totala SWE cupen i dam- respektive herrjunior.<\/p>\n<p>I U23 har vi den tidigare juniorv\u00e4rldsm\u00e4staren Ida Jansson, Falu CK som nu g\u00f6r sin andra\u00a0s\u00e4song i U23-klassen d\u00e4r hon p\u00e5 senaste v\u00e4rldscupen i Andorra k\u00f6rde in p\u00e5 en 12e plats.<\/p>\n<p>Sverige \u00e5ker \u00e4ven ner med en riktigt starkt XCE-trupp d\u00e4r VM-tv\u00e5an\u00a0Ella Holmeg\u00e5rd, M\u00f6lndals CK finns med men\u00a0\u00e4ven Anton Olstam, CK Nat\u00e9n\u00a0som tog sin f\u00f6rsta pallplacering i v\u00e4rldscupen tidigare i \u00e5r.<\/p>\n<blockquote><p>\u2013\u00a0XCE-banan vet vi \u00e4nnu inte mycket om. Den typen av banor brukar kunna \u00e4ndras ganska friskt beroende p\u00e5 hum\u00f6r hos de som bygger dem. Till skillnad mot XCO-banorna brukar de inte helt s\u00e4llan byggas upp som tempor\u00e4ra banor, s\u00e4ger f\u00f6rbundskapten Annie S\u00f6derberg.<\/p><\/blockquote>\n<p>&nbsp;<\/p>\n<p><strong>EM-truppen:<\/strong><br \/>\n<strong>(26-29 juli i Graz, \u00d6sterrike)<\/strong><\/p>\n<p><strong>Damjunior:<\/strong><br \/>\nSaga Molin, Varbergs MTB, XCO.<\/p>\n<p><strong>Herrjunior:<\/strong><br \/>\nEdvin Lindh, H\u00e4rn\u00f6sands CK, XCE<br \/>\nVilgot Lindh, H\u00e4rn\u00f6sands CK, XCO<br \/>\nHugo Eliasson, Varbergs MTB, XCO<br \/>\nAugust H\u00f6glund, IK Hakarpspojkarna. XCO<\/p>\n<p><strong>U23 herr:<\/strong><br \/>\nEmil Hedlund, OK Hammaren, XCO<\/p>\n<p><strong>U23 dam:<\/strong><br \/>\nIda Jansson, Falu CK, XCO<\/p>\n<p><strong>Damelit:<\/strong><br \/>\nLinn Gustafzzon, Team KBK Bikes,\u00a0XCE + XCR<br \/>\nElla Holmeg\u00e5rd, M\u00f6lndals CK, XCE<\/p>\n<p><strong>Herrelit:<\/strong><br \/>\nAnton Olstam, CK Nat\u00e9n,\u00a0XCE<br \/>\nJohan Wid\u00e9n, CK Nat\u00e9n,\u00a0XCE<br \/>\nMatthias Wengelin, L\u00e4nna Sport CK,\u00a0XCE + XCR<\/p>\n","protected":false},"excerpt":{"rendered":"<p>Europam\u00e4sterskapen f\u00f6r mountainbike-\u00a0cyklisterna \u00e4r i \u00e5r uppdelade p\u00e5 tv\u00e5 arrangemang. Elitens t\u00e4vlingar g\u00e5r i Glasgow i samband med en st\u00f6rre TV-s\u00e4nd EM-vecka i b\u00f6rjan av augusti, medan juniorer och U23:or \u00e5ker den 26 juli till Graz, \u00d6sterrike f\u00f6r att g\u00f6ra upp om EM-placeringar. Trots denna delning kommer man att se ett antal svenska elit\u00e5kare\u00a0i<a href=\"https:\/\/scf.se\/mountainbike\/har-ar-em-truppen-i-mountainbike\/\" class=\"news-card__more\"> &#8230;<\/a><\/p>\n","protected":false},"author":24,"featured_media":0,"comment_status":"open","ping_status":"open","sticky":false,"template":"","format":"standard","meta":{"_acf_changed":false,"footnotes":""},"categories":[1],"tags":[],"class_list":["post-1230","post","type-post","status-publish","format-standard","hentry","category-mountainbike"],"acf":[],"_links":{"self":[{"href":"https:\/\/scf.se\/mountainbike\/wp-json\/wp\/v2\/posts\/1230","targetHints":{"allow":["GET"]}}],"collection":[{"href":"https:\/\/scf.se\/mountainbike\/wp-json\/wp\/v2\/posts"}],"about":[{"href":"https:\/\/scf.se\/mountainbike\/wp-json\/wp\/v2\/types\/post"}],"author":[{"embeddable":true,"href":"https:\/\/scf.se\/mountainbike\/wp-json\/wp\/v2\/users\/24"}],"replies":[{"embeddable":true,"href":"https:\/\/scf.se\/mountainbike\/wp-json\/wp\/v2\/comments?post=1230"}],"version-history":[{"count":0,"href":"https:\/\/scf.se\/mountainbike\/wp-json\/wp\/v2\/posts\/1230\/revisions"}],"wp:attachment":[{"href":"https:\/\/scf.se\/mountainbike\/wp-json\/wp\/v2\/media?parent=1230"}],"wp:term":[{"taxonomy":"category","embeddable":true,"href":"https:\/\/scf.se\/mountainbike\/wp-json\/wp\/v2\/categories?post=1230"},{"taxonomy":"post_tag","embeddable":true,"href":"https:\/\/scf.se\/mountainbike\/wp-json\/wp\/v2\/tags?post=1230"}],"curies":[{"name":"wp","href":"https:\/\/api.w.org\/{rel}","templated":true}]}}