
{"id":1070,"date":"2017-07-31T08:01:45","date_gmt":"2017-07-31T06:01:45","guid":{"rendered":"http:\/\/scf.se\/mountainbike\/?p=1070"},"modified":"2017-07-31T08:01:45","modified_gmt":"2017-07-31T06:01:45","slug":"joel-burman-och-ella-holmegard-svenska-mastare-i-sprint-2017","status":"publish","type":"post","link":"https:\/\/scf.se\/mountainbike\/joel-burman-och-ella-holmegard-svenska-mastare-i-sprint-2017\/","title":{"rendered":"Joel Burman och Ella Holmeg\u00e5rd svenska m\u00e4stare i sprint 2017"},"content":{"rendered":"<p><strong>Torra och dammiga f\u00f6rh\u00e5llanden bj\u00f6d p\u00e5 en fartfylld sprint under den inledande dagen av MTB-SM i V\u00e4rnamo. Det lite drygt 1 km l\u00e5nga varvet utmanade \u00e5karna b\u00e5de tekniskt och fysiskt.\u00a0<\/strong><\/p>\n<p>I herrelit blev det en tjat kamp \u00e4nda in p\u00e5 m\u00e5llinjen\u00a0mellan Matthias Wengelin, \u00d6rebrocyklisterna och\u00a0Joel Burman, Borl\u00e4nge CK.<br \/>\nJoel Burman som visade redan i kvalet\u00a0att han hade farten uppe med den snabbaste kvaltiden drog \u00e4ven det l\u00e4ngsta str\u00e5t i slutspurten mot Matthias. Tredjeplatsen knep fjol\u00e5rets svenska m\u00e4stare Johan Wid\u00e9n, CK Nat\u00e9n S\u00e4ter.<\/p>\n<p>\u2013 Det var en v\u00e4ldigt tajt start, men jag lyckades ta mig f\u00f6rbi Johan Wid\u00e9n direkt och sen var det bara att f\u00f6rs\u00f6ka h\u00e5lla ledningen till m\u00e5l. Sen var Matthias p\u00e5 mig i slutet d\u00e4r men jag lyckades h\u00e5lla hela v\u00e4gen in, s\u00e4ger Joel Burman efter finalen.<\/p>\n<div id=\"attachment_1071\" class=\"wp-caption alignnone\" ><a href=\"https:\/\/scf.se\/mountainbike\/wp-content\/uploads\/sites\/6\/2017\/07\/Ella-Holmeg\u00e5rd_sprint.jpg\"><img loading=\"lazy\" decoding=\"async\" class=\"size-large wp-image-1071\" src=\"https:\/\/scf.se\/mountainbike\/wp-content\/uploads\/sites\/6\/2017\/07\/Ella-Holmeg\u00e5rd_sprint-1024x683.jpg\" alt=\"Ella Holmeg\u00e5rd, M\u00f6lndals CK i slutspurten mot Alina Johansson, Mj\u00f6lby CK. \" width=\"1024\" height=\"683\" srcset=\"https:\/\/scf.se\/mountainbike\/wp-content\/uploads\/sites\/6\/2017\/07\/Ella-Holmeg\u00e5rd_sprint-1024x683.jpg 1024w, https:\/\/scf.se\/mountainbike\/wp-content\/uploads\/sites\/6\/2017\/07\/Ella-Holmeg\u00e5rd_sprint-300x200.jpg 300w, https:\/\/scf.se\/mountainbike\/wp-content\/uploads\/sites\/6\/2017\/07\/Ella-Holmeg\u00e5rd_sprint-768x512.jpg 768w, https:\/\/scf.se\/mountainbike\/wp-content\/uploads\/sites\/6\/2017\/07\/Ella-Holmeg\u00e5rd_sprint.jpg 1200w\" sizes=\"auto, (max-width: 1024px) 100vw, 1024px\" \/><\/a><p class=\"wp-caption-text\">Ella Holmeg\u00e5rd, M\u00f6lndals CK i slutspurten mot Alina Johansson, Mj\u00f6lby CK.<\/p><\/div>\n<p>I damelit fick vi se h\u00e5rd k\u00f6rning mellan Mj\u00f6lby cyklisten Alina Johansson och\u00a0f\u00f6rsta\u00e5rs junioren Ella Holmeg\u00e5rd. Alina tog starten och ledde st\u00f6rre delen av loppen, men i det sista tekniska uppf\u00f6rstrappan gick Ella om f\u00f6r att sedan ta hem segern efter en tajt spurtstrid. Tredjeplatsen gick till Sofie Oskarsson, IK Jarl R\u00e4ttvik.<\/p>\n<p>\u2013 Jag bara gr\u00e4t, det forsade av massa k\u00e4nslor, k\u00e4nns helt fantastiskt, s\u00e4ger en r\u00f6rd Ella Holmeg\u00e5rd efter vinsten.<\/p>\n<p><strong>Resultat:<\/strong><\/p>\n<p><strong>Herrelit:<\/strong><\/p>\n<p>1a Joel Burman, Borl\u00e4nge CK<\/p>\n<p>2a Matthias Wengelin, \u00d6rebrocyklisterna<\/p>\n<p>3a. Johan Wid\u00e9n, CK Nat\u00e9n S\u00e4ter<\/p>\n<p><strong>Damelit:\u00a0<\/strong><\/p>\n<p>1a Ella Holmeg\u00e5rd, M\u00f6lndals CK<\/p>\n<p>2a Alina Johansson, Mj\u00f6lby CK<\/p>\n<p>3a Sofie Oskarsson, IK Jarl R\u00e4ttvik<\/p>\n<p><strong>Herrjunior:<\/strong><\/p>\n<p>1a Mathias Helin, Bor\u00e5s CA<\/p>\n<p>2a Albin Pettersson, IK Hakarpspojkarna<\/p>\n<p>3a Samuel Oskarsson, IK Jarl R\u00e4ttvik<\/p>\n<p>Kompletta resultatlistor hittar du\u00a0<a href=\"http:\/\/www.mountainbikesm.se\/start-och-resultatlistor\/\" target=\"_top\" rel=\"nofollow\">h\u00e4r.<\/a><\/p>\n<a href=\"https:\/\/scf.se\/mountainbike\/wp-content\/uploads\/sites\/6\/2017\/07\/prispall_sprint.jpg\"><img loading=\"lazy\" decoding=\"async\" class=\"alignnone size-large wp-image-1072\" src=\"https:\/\/scf.se\/mountainbike\/wp-content\/uploads\/sites\/6\/2017\/07\/prispall_sprint-1024x683.jpg\" alt=\"prispall_sprint\" width=\"1024\" height=\"683\" srcset=\"https:\/\/scf.se\/mountainbike\/wp-content\/uploads\/sites\/6\/2017\/07\/prispall_sprint-1024x683.jpg 1024w, https:\/\/scf.se\/mountainbike\/wp-content\/uploads\/sites\/6\/2017\/07\/prispall_sprint-300x200.jpg 300w, https:\/\/scf.se\/mountainbike\/wp-content\/uploads\/sites\/6\/2017\/07\/prispall_sprint-768x512.jpg 768w, https:\/\/scf.se\/mountainbike\/wp-content\/uploads\/sites\/6\/2017\/07\/prispall_sprint.jpg 1200w\" sizes=\"auto, (max-width: 1024px) 100vw, 1024px\" \/><\/a>\n","protected":false},"excerpt":{"rendered":"<p>Torra och dammiga f\u00f6rh\u00e5llanden bj\u00f6d p\u00e5 en fartfylld sprint under den inledande dagen av MTB-SM i V\u00e4rnamo. Det lite drygt 1 km l\u00e5nga varvet utmanade \u00e5karna b\u00e5de tekniskt och fysiskt.\u00a0 I herrelit blev det en tjat kamp \u00e4nda in p\u00e5 m\u00e5llinjen\u00a0mellan Matthias Wengelin, \u00d6rebrocyklisterna och\u00a0Joel Burman, Borl\u00e4nge CK. Joel Burman som visade redan i<a href=\"https:\/\/scf.se\/mountainbike\/joel-burman-och-ella-holmegard-svenska-mastare-i-sprint-2017\/\" class=\"news-card__more\"> &#8230;<\/a><\/p>\n","protected":false},"author":24,"featured_media":0,"comment_status":"open","ping_status":"open","sticky":false,"template":"","format":"standard","meta":{"_acf_changed":false,"footnotes":""},"categories":[1],"tags":[],"class_list":["post-1070","post","type-post","status-publish","format-standard","hentry","category-mountainbike"],"acf":[],"_links":{"self":[{"href":"https:\/\/scf.se\/mountainbike\/wp-json\/wp\/v2\/posts\/1070","targetHints":{"allow":["GET"]}}],"collection":[{"href":"https:\/\/scf.se\/mountainbike\/wp-json\/wp\/v2\/posts"}],"about":[{"href":"https:\/\/scf.se\/mountainbike\/wp-json\/wp\/v2\/types\/post"}],"author":[{"embeddable":true,"href":"https:\/\/scf.se\/mountainbike\/wp-json\/wp\/v2\/users\/24"}],"replies":[{"embeddable":true,"href":"https:\/\/scf.se\/mountainbike\/wp-json\/wp\/v2\/comments?post=1070"}],"version-history":[{"count":0,"href":"https:\/\/scf.se\/mountainbike\/wp-json\/wp\/v2\/posts\/1070\/revisions"}],"wp:attachment":[{"href":"https:\/\/scf.se\/mountainbike\/wp-json\/wp\/v2\/media?parent=1070"}],"wp:term":[{"taxonomy":"category","embeddable":true,"href":"https:\/\/scf.se\/mountainbike\/wp-json\/wp\/v2\/categories?post=1070"},{"taxonomy":"post_tag","embeddable":true,"href":"https:\/\/scf.se\/mountainbike\/wp-json\/wp\/v2\/tags?post=1070"}],"curies":[{"name":"wp","href":"https:\/\/api.w.org\/{rel}","templated":true}]}}