
{"id":10397,"date":"2026-08-30T17:34:32","date_gmt":"2026-08-30T15:34:32","guid":{"rendered":"https:\/\/scf.se\/mountainbike\/?p=10397"},"modified":"2026-08-31T07:40:39","modified_gmt":"2026-08-31T05:40:39","slug":"regerande-varldsmasataren-punkterade-chanserna-till-ny-vm-medalj-i-xco","status":"publish","type":"post","link":"https:\/\/scf.se\/mountainbike\/regerande-varldsmasataren-punkterade-chanserna-till-ny-vm-medalj-i-xco\/","title":{"rendered":"Rissveds punkterade medaljchanser \u2013 U23-killarna n\u00e4ra topp 20 i XCO-VM"},"content":{"rendered":"<p class=\"isSelectedEnd\"><strong>Jenny Rissveds slutade sjua n\u00e4r medaljchanserna punkterades redan efter en tredjedel av ett extremt tufft VM-lopp i XCO i italienska Val di Sole. F\u00f6rutom punkteringen som kr\u00e4vde l\u00e5ng servicetid och hetsen direkt efter\u00e5t gjorde Jenny Rissveds ett stabilt lopp. I herrarnas U23-lopp var det stabila lopp fr\u00e5n b\u00e5de Leo Lounela och Nils Johanson, som b\u00e5da nosade p\u00e5 topp 20.<\/strong><\/p>\n<a href=\"https:\/\/scf.se\/mountainbike\/wp-content\/uploads\/sites\/6\/2026\/08\/PA_WorldChampsMTB2026_XCOWE_SWE_LowRes-1.jpg\"><img loading=\"lazy\" decoding=\"async\" class=\"alignnone size-full wp-image-10425\" src=\"https:\/\/scf.se\/mountainbike\/wp-content\/uploads\/sites\/6\/2026\/08\/PA_WorldChampsMTB2026_XCOWE_SWE_LowRes-1.jpg\" alt=\"\" width=\"1754\" height=\"1315\" srcset=\"https:\/\/scf.se\/mountainbike\/wp-content\/uploads\/sites\/6\/2026\/08\/PA_WorldChampsMTB2026_XCOWE_SWE_LowRes-1.jpg 1754w, https:\/\/scf.se\/mountainbike\/wp-content\/uploads\/sites\/6\/2026\/08\/PA_WorldChampsMTB2026_XCOWE_SWE_LowRes-1-300x225.jpg 300w, https:\/\/scf.se\/mountainbike\/wp-content\/uploads\/sites\/6\/2026\/08\/PA_WorldChampsMTB2026_XCOWE_SWE_LowRes-1-1024x768.jpg 1024w, https:\/\/scf.se\/mountainbike\/wp-content\/uploads\/sites\/6\/2026\/08\/PA_WorldChampsMTB2026_XCOWE_SWE_LowRes-1-768x576.jpg 768w, https:\/\/scf.se\/mountainbike\/wp-content\/uploads\/sites\/6\/2026\/08\/PA_WorldChampsMTB2026_XCOWE_SWE_LowRes-1-1536x1152.jpg 1536w\" sizes=\"auto, (max-width: 1754px) 100vw, 1754px\" \/><\/a>\n<p class=\"isSelectedEnd\">Rissveds, som har b\u00e4ddat bra f\u00f6r en v\u00e4rldscupseger med de tv\u00e5 amerikanska delt\u00e4vlingarna kvar, har inte haft det d\u00e4r sista flytet de senaste veckorna.<\/p>\n<p class=\"isSelectedEnd\">I VM i XCO p\u00e5 den kl\u00e4ttringsm\u00e4ssigt brutalt tuffa banan i Val di Sole bakhjulspunkterade Jenny i ett mycket utsatt l\u00e4ge n\u00e4r schweiziskan Sina Frei, som var den vassaste kl\u00e4ttraren f\u00f6r dagen, verkligen gick p\u00e5 f\u00f6r att spr\u00e4cka f\u00e4ltet tidigt. Jenny Rissveds h\u00e4ngde strax bakom Frei n\u00e4r bes\u00f6ket i den tekniska zonen blev alldeles f\u00f6r l\u00e5ngt och resten av tredje varvet d\u00e4rmed f\u00f6r tufft f\u00f6r att den regerande v\u00e4rldsm\u00e4staren fr\u00e5n Sverige skulle kunna konkurrera om VM-medaljerna denna g\u00e5ng.<\/p>\n<p class=\"isSelectedEnd\">Sina Frei tog hand om guldet med stor marginal, medan hemmacyklisten Martina Berta vann en spurtuppg\u00f6relse mot Nicole Koller om silvret.<\/p>\n<a href=\"https:\/\/scf.se\/mountainbike\/wp-content\/uploads\/sites\/6\/2026\/08\/PA_WorldChampsMTB2026_XCOWE_SWE_LowRes-2.jpg\"><img loading=\"lazy\" decoding=\"async\" class=\"alignnone size-full wp-image-10426\" src=\"https:\/\/scf.se\/mountainbike\/wp-content\/uploads\/sites\/6\/2026\/08\/PA_WorldChampsMTB2026_XCOWE_SWE_LowRes-2.jpg\" alt=\"\" width=\"1754\" height=\"1316\" srcset=\"https:\/\/scf.se\/mountainbike\/wp-content\/uploads\/sites\/6\/2026\/08\/PA_WorldChampsMTB2026_XCOWE_SWE_LowRes-2.jpg 1754w, https:\/\/scf.se\/mountainbike\/wp-content\/uploads\/sites\/6\/2026\/08\/PA_WorldChampsMTB2026_XCOWE_SWE_LowRes-2-300x225.jpg 300w, https:\/\/scf.se\/mountainbike\/wp-content\/uploads\/sites\/6\/2026\/08\/PA_WorldChampsMTB2026_XCOWE_SWE_LowRes-2-1024x768.jpg 1024w, https:\/\/scf.se\/mountainbike\/wp-content\/uploads\/sites\/6\/2026\/08\/PA_WorldChampsMTB2026_XCOWE_SWE_LowRes-2-768x576.jpg 768w, https:\/\/scf.se\/mountainbike\/wp-content\/uploads\/sites\/6\/2026\/08\/PA_WorldChampsMTB2026_XCOWE_SWE_LowRes-2-1536x1152.jpg 1536w\" sizes=\"auto, (max-width: 1754px) 100vw, 1754px\" \/><\/a>\n<a href=\"https:\/\/scf.se\/mountainbike\/wp-content\/uploads\/sites\/6\/2026\/08\/PA_WorldChampsMTB2026_XCOWE_SWE_LowRes-1-1-1.jpg\"><img loading=\"lazy\" decoding=\"async\" class=\"alignnone size-full wp-image-10443\" src=\"https:\/\/scf.se\/mountainbike\/wp-content\/uploads\/sites\/6\/2026\/08\/PA_WorldChampsMTB2026_XCOWE_SWE_LowRes-1-1-1.jpg\" alt=\"\" width=\"2300\" height=\"1725\" srcset=\"https:\/\/scf.se\/mountainbike\/wp-content\/uploads\/sites\/6\/2026\/08\/PA_WorldChampsMTB2026_XCOWE_SWE_LowRes-1-1-1.jpg 2300w, https:\/\/scf.se\/mountainbike\/wp-content\/uploads\/sites\/6\/2026\/08\/PA_WorldChampsMTB2026_XCOWE_SWE_LowRes-1-1-1-300x225.jpg 300w, https:\/\/scf.se\/mountainbike\/wp-content\/uploads\/sites\/6\/2026\/08\/PA_WorldChampsMTB2026_XCOWE_SWE_LowRes-1-1-1-1024x768.jpg 1024w, https:\/\/scf.se\/mountainbike\/wp-content\/uploads\/sites\/6\/2026\/08\/PA_WorldChampsMTB2026_XCOWE_SWE_LowRes-1-1-1-768x576.jpg 768w, https:\/\/scf.se\/mountainbike\/wp-content\/uploads\/sites\/6\/2026\/08\/PA_WorldChampsMTB2026_XCOWE_SWE_LowRes-1-1-1-1536x1152.jpg 1536w, https:\/\/scf.se\/mountainbike\/wp-content\/uploads\/sites\/6\/2026\/08\/PA_WorldChampsMTB2026_XCOWE_SWE_LowRes-1-1-1-2048x1536.jpg 2048w\" sizes=\"auto, (max-width: 2300px) 100vw, 2300px\" \/><\/a> <a href=\"https:\/\/scf.se\/mountainbike\/wp-content\/uploads\/sites\/6\/2026\/08\/PA_WorldChampsMTB2026_XCOWE_SWE_LowRes-2-1-1.jpg\"><img loading=\"lazy\" decoding=\"async\" class=\"alignnone size-full wp-image-10444\" src=\"https:\/\/scf.se\/mountainbike\/wp-content\/uploads\/sites\/6\/2026\/08\/PA_WorldChampsMTB2026_XCOWE_SWE_LowRes-2-1-1.jpg\" alt=\"\" width=\"2300\" height=\"1725\" srcset=\"https:\/\/scf.se\/mountainbike\/wp-content\/uploads\/sites\/6\/2026\/08\/PA_WorldChampsMTB2026_XCOWE_SWE_LowRes-2-1-1.jpg 2300w, https:\/\/scf.se\/mountainbike\/wp-content\/uploads\/sites\/6\/2026\/08\/PA_WorldChampsMTB2026_XCOWE_SWE_LowRes-2-1-1-300x225.jpg 300w, https:\/\/scf.se\/mountainbike\/wp-content\/uploads\/sites\/6\/2026\/08\/PA_WorldChampsMTB2026_XCOWE_SWE_LowRes-2-1-1-1024x768.jpg 1024w, https:\/\/scf.se\/mountainbike\/wp-content\/uploads\/sites\/6\/2026\/08\/PA_WorldChampsMTB2026_XCOWE_SWE_LowRes-2-1-1-768x576.jpg 768w, https:\/\/scf.se\/mountainbike\/wp-content\/uploads\/sites\/6\/2026\/08\/PA_WorldChampsMTB2026_XCOWE_SWE_LowRes-2-1-1-1536x1152.jpg 1536w, https:\/\/scf.se\/mountainbike\/wp-content\/uploads\/sites\/6\/2026\/08\/PA_WorldChampsMTB2026_XCOWE_SWE_LowRes-2-1-1-2048x1536.jpg 2048w\" sizes=\"auto, (max-width: 2300px) 100vw, 2300px\" \/><\/a>\n<p class=\"isSelectedEnd\">Rissveds kom igen bra efter dippen p\u00e5 tredje varvet och k\u00f6rde till slut i m\u00e5l som sjua i en mycket kvalificerad omgivning. Det ska noteras vilken oerh\u00f6rt h\u00f6g klass det var p\u00e5 hela topp tio-listan, och d\u00e5 hade \u00e4nd\u00e5 Alessandra Keller, som tillsammans med Jenny Rissveds dominerade f\u00f6rra \u00e5rets VM, liknande bakhjulsstrul och f\u00f6ll bort fr\u00e5n denna s\u00e5 starka topp tio-lista. S\u00e5 h\u00e4r s\u00e5g damelitens VM-lopp i XCO ut i siffror:<\/p>\n<h3 class=\"PDq2pG_selectionAnchorContainer\" data-start=\"8\" data-end=\"34\">VM XCO damelit<\/h3>\n<p class=\"isSelectedEnd\">1 <strong>Sina Frei<\/strong>, Schweiz 1.27.50<br \/>\n2 <strong>Martina Berta<\/strong>, Italien +1.07<br \/>\n3 <strong>Nicole Koller<\/strong>, Schweiz +1.07<br \/>\n4 <strong>Puck Pieterse<\/strong>, Nederl\u00e4nderna +1.25<br \/>\n5 <strong>Samara Maxwell<\/strong>, Nya Zeeland +1.48<br \/>\n6 <strong>Evie Richards<\/strong>, Storbritannien +1.58<br \/>\n7 <strong>Jenny Rissveds<\/strong>, Sverige +2.29<br \/>\n8 <strong>Laura Stigger<\/strong>, \u00d6sterrike +2.41<br \/>\n9 <strong>Savilia Blunk<\/strong>, USA +2.48<br \/>\n10 <strong>Haley Batten<\/strong>, USA +3.13<\/p>\n<h3 data-start=\"36\" data-end=\"222\">***<\/h3>\n<a href=\"https:\/\/scf.se\/mountainbike\/wp-content\/uploads\/sites\/6\/2026\/08\/PA_WorldChampsMTB2026_XCOMU_SWE_LowRes-1-1.jpg\"><img loading=\"lazy\" decoding=\"async\" class=\"alignnone size-full wp-image-10434\" src=\"https:\/\/scf.se\/mountainbike\/wp-content\/uploads\/sites\/6\/2026\/08\/PA_WorldChampsMTB2026_XCOMU_SWE_LowRes-1-1.jpg\" alt=\"\" width=\"2200\" height=\"1650\" srcset=\"https:\/\/scf.se\/mountainbike\/wp-content\/uploads\/sites\/6\/2026\/08\/PA_WorldChampsMTB2026_XCOMU_SWE_LowRes-1-1.jpg 2200w, https:\/\/scf.se\/mountainbike\/wp-content\/uploads\/sites\/6\/2026\/08\/PA_WorldChampsMTB2026_XCOMU_SWE_LowRes-1-1-300x225.jpg 300w, https:\/\/scf.se\/mountainbike\/wp-content\/uploads\/sites\/6\/2026\/08\/PA_WorldChampsMTB2026_XCOMU_SWE_LowRes-1-1-1024x768.jpg 1024w, https:\/\/scf.se\/mountainbike\/wp-content\/uploads\/sites\/6\/2026\/08\/PA_WorldChampsMTB2026_XCOMU_SWE_LowRes-1-1-768x576.jpg 768w, https:\/\/scf.se\/mountainbike\/wp-content\/uploads\/sites\/6\/2026\/08\/PA_WorldChampsMTB2026_XCOMU_SWE_LowRes-1-1-1536x1152.jpg 1536w, https:\/\/scf.se\/mountainbike\/wp-content\/uploads\/sites\/6\/2026\/08\/PA_WorldChampsMTB2026_XCOMU_SWE_LowRes-1-1-2048x1536.jpg 2048w\" sizes=\"auto, (max-width: 2200px) 100vw, 2200px\" \/><\/a>\n<h2>B\u00e5de Leo Lounela och Nils Johansson var n\u00e4ra topp 20<\/h2>\n<p class=\"isSelectedEnd\">Tidigare under s\u00f6ndagen k\u00f6rde U23-herrarna sitt VM-lopp i XCO. Det blev tv\u00e5 bra lopp av Sveriges b\u00e4gge kvarvarande U23-cyklister.<\/p>\n<p class=\"isSelectedEnd\">Leo Lounela slutade 21:a och Nils Johansson 25:a. De var strax under respektive \u00f6ver fem minuter efter den lite \u00f6verraskande helfranska gulduppg\u00f6relsen.<\/p>\n<p>S\u00e5 h\u00e4r s\u00e5g U23-loppet p\u00e5 XCO-VM p\u00e5 Val di Soles tuffa bana ut fr\u00e5n SCF:s VM-fotograf Piper Albrechts kamera, d\u00e4r Leo k\u00f6r med nummer 7 och Nils 23:<\/p>\n<a href=\"https:\/\/scf.se\/mountainbike\/wp-content\/uploads\/sites\/6\/2026\/08\/PA_WorldChampsMTB2026_XCOMU_SWE_LowRes-2-1.jpg\"><img loading=\"lazy\" decoding=\"async\" class=\"alignnone size-full wp-image-10435\" src=\"https:\/\/scf.se\/mountainbike\/wp-content\/uploads\/sites\/6\/2026\/08\/PA_WorldChampsMTB2026_XCOMU_SWE_LowRes-2-1.jpg\" alt=\"\" width=\"2200\" height=\"2420\" srcset=\"https:\/\/scf.se\/mountainbike\/wp-content\/uploads\/sites\/6\/2026\/08\/PA_WorldChampsMTB2026_XCOMU_SWE_LowRes-2-1.jpg 2200w, https:\/\/scf.se\/mountainbike\/wp-content\/uploads\/sites\/6\/2026\/08\/PA_WorldChampsMTB2026_XCOMU_SWE_LowRes-2-1-273x300.jpg 273w, https:\/\/scf.se\/mountainbike\/wp-content\/uploads\/sites\/6\/2026\/08\/PA_WorldChampsMTB2026_XCOMU_SWE_LowRes-2-1-931x1024.jpg 931w, https:\/\/scf.se\/mountainbike\/wp-content\/uploads\/sites\/6\/2026\/08\/PA_WorldChampsMTB2026_XCOMU_SWE_LowRes-2-1-768x845.jpg 768w, https:\/\/scf.se\/mountainbike\/wp-content\/uploads\/sites\/6\/2026\/08\/PA_WorldChampsMTB2026_XCOMU_SWE_LowRes-2-1-1396x1536.jpg 1396w, https:\/\/scf.se\/mountainbike\/wp-content\/uploads\/sites\/6\/2026\/08\/PA_WorldChampsMTB2026_XCOMU_SWE_LowRes-2-1-1862x2048.jpg 1862w\" sizes=\"auto, (max-width: 2200px) 100vw, 2200px\" \/><\/a>\n<a href=\"https:\/\/scf.se\/mountainbike\/wp-content\/uploads\/sites\/6\/2026\/08\/PA_WorldChampsMTB2026_XCOMU_SWE_LowRes-3-1.jpg\"><img loading=\"lazy\" decoding=\"async\" class=\"alignnone size-full wp-image-10437\" src=\"https:\/\/scf.se\/mountainbike\/wp-content\/uploads\/sites\/6\/2026\/08\/PA_WorldChampsMTB2026_XCOMU_SWE_LowRes-3-1.jpg\" alt=\"\" width=\"2200\" height=\"1706\" srcset=\"https:\/\/scf.se\/mountainbike\/wp-content\/uploads\/sites\/6\/2026\/08\/PA_WorldChampsMTB2026_XCOMU_SWE_LowRes-3-1.jpg 2200w, https:\/\/scf.se\/mountainbike\/wp-content\/uploads\/sites\/6\/2026\/08\/PA_WorldChampsMTB2026_XCOMU_SWE_LowRes-3-1-300x233.jpg 300w, https:\/\/scf.se\/mountainbike\/wp-content\/uploads\/sites\/6\/2026\/08\/PA_WorldChampsMTB2026_XCOMU_SWE_LowRes-3-1-1024x794.jpg 1024w, https:\/\/scf.se\/mountainbike\/wp-content\/uploads\/sites\/6\/2026\/08\/PA_WorldChampsMTB2026_XCOMU_SWE_LowRes-3-1-768x596.jpg 768w, https:\/\/scf.se\/mountainbike\/wp-content\/uploads\/sites\/6\/2026\/08\/PA_WorldChampsMTB2026_XCOMU_SWE_LowRes-3-1-1536x1191.jpg 1536w, https:\/\/scf.se\/mountainbike\/wp-content\/uploads\/sites\/6\/2026\/08\/PA_WorldChampsMTB2026_XCOMU_SWE_LowRes-3-1-2048x1588.jpg 2048w\" sizes=\"auto, (max-width: 2200px) 100vw, 2200px\" \/><\/a> <a href=\"https:\/\/scf.se\/mountainbike\/wp-content\/uploads\/sites\/6\/2026\/08\/PA_WorldChampsMTB2026_XCOMU_SWE_LowRes-8-1.jpg\"><img loading=\"lazy\" decoding=\"async\" class=\"alignnone size-full wp-image-10442\" src=\"https:\/\/scf.se\/mountainbike\/wp-content\/uploads\/sites\/6\/2026\/08\/PA_WorldChampsMTB2026_XCOMU_SWE_LowRes-8-1.jpg\" alt=\"\" width=\"2500\" height=\"923\" srcset=\"https:\/\/scf.se\/mountainbike\/wp-content\/uploads\/sites\/6\/2026\/08\/PA_WorldChampsMTB2026_XCOMU_SWE_LowRes-8-1.jpg 2500w, https:\/\/scf.se\/mountainbike\/wp-content\/uploads\/sites\/6\/2026\/08\/PA_WorldChampsMTB2026_XCOMU_SWE_LowRes-8-1-300x111.jpg 300w, https:\/\/scf.se\/mountainbike\/wp-content\/uploads\/sites\/6\/2026\/08\/PA_WorldChampsMTB2026_XCOMU_SWE_LowRes-8-1-1024x378.jpg 1024w, https:\/\/scf.se\/mountainbike\/wp-content\/uploads\/sites\/6\/2026\/08\/PA_WorldChampsMTB2026_XCOMU_SWE_LowRes-8-1-768x284.jpg 768w, https:\/\/scf.se\/mountainbike\/wp-content\/uploads\/sites\/6\/2026\/08\/PA_WorldChampsMTB2026_XCOMU_SWE_LowRes-8-1-1536x567.jpg 1536w, https:\/\/scf.se\/mountainbike\/wp-content\/uploads\/sites\/6\/2026\/08\/PA_WorldChampsMTB2026_XCOMU_SWE_LowRes-8-1-2048x756.jpg 2048w\" sizes=\"auto, (max-width: 2500px) 100vw, 2500px\" \/><\/a> \u00a0<a href=\"https:\/\/scf.se\/mountainbike\/wp-content\/uploads\/sites\/6\/2026\/08\/PA_WorldChampsMTB2026_XCOMU_SWE_LowRes-6-1-scaled.jpg\"><img loading=\"lazy\" decoding=\"async\" class=\"alignnone size-full wp-image-10440\" src=\"https:\/\/scf.se\/mountainbike\/wp-content\/uploads\/sites\/6\/2026\/08\/PA_WorldChampsMTB2026_XCOMU_SWE_LowRes-6-1-scaled.jpg\" alt=\"\" width=\"1920\" height=\"2560\" srcset=\"https:\/\/scf.se\/mountainbike\/wp-content\/uploads\/sites\/6\/2026\/08\/PA_WorldChampsMTB2026_XCOMU_SWE_LowRes-6-1-scaled.jpg 1920w, https:\/\/scf.se\/mountainbike\/wp-content\/uploads\/sites\/6\/2026\/08\/PA_WorldChampsMTB2026_XCOMU_SWE_LowRes-6-1-225x300.jpg 225w, https:\/\/scf.se\/mountainbike\/wp-content\/uploads\/sites\/6\/2026\/08\/PA_WorldChampsMTB2026_XCOMU_SWE_LowRes-6-1-768x1024.jpg 768w, https:\/\/scf.se\/mountainbike\/wp-content\/uploads\/sites\/6\/2026\/08\/PA_WorldChampsMTB2026_XCOMU_SWE_LowRes-6-1-1152x1536.jpg 1152w, https:\/\/scf.se\/mountainbike\/wp-content\/uploads\/sites\/6\/2026\/08\/PA_WorldChampsMTB2026_XCOMU_SWE_LowRes-6-1-1536x2048.jpg 1536w\" sizes=\"auto, (max-width: 1920px) 100vw, 1920px\" \/><\/a> <a href=\"https:\/\/scf.se\/mountainbike\/wp-content\/uploads\/sites\/6\/2026\/08\/PA_WorldChampsMTB2026_XCOMU_SWE_LowRes-5-1.jpg\"><img loading=\"lazy\" decoding=\"async\" class=\"alignnone size-full wp-image-10439\" src=\"https:\/\/scf.se\/mountainbike\/wp-content\/uploads\/sites\/6\/2026\/08\/PA_WorldChampsMTB2026_XCOMU_SWE_LowRes-5-1.jpg\" alt=\"\" width=\"2200\" height=\"1650\" srcset=\"https:\/\/scf.se\/mountainbike\/wp-content\/uploads\/sites\/6\/2026\/08\/PA_WorldChampsMTB2026_XCOMU_SWE_LowRes-5-1.jpg 2200w, https:\/\/scf.se\/mountainbike\/wp-content\/uploads\/sites\/6\/2026\/08\/PA_WorldChampsMTB2026_XCOMU_SWE_LowRes-5-1-300x225.jpg 300w, https:\/\/scf.se\/mountainbike\/wp-content\/uploads\/sites\/6\/2026\/08\/PA_WorldChampsMTB2026_XCOMU_SWE_LowRes-5-1-1024x768.jpg 1024w, https:\/\/scf.se\/mountainbike\/wp-content\/uploads\/sites\/6\/2026\/08\/PA_WorldChampsMTB2026_XCOMU_SWE_LowRes-5-1-768x576.jpg 768w, https:\/\/scf.se\/mountainbike\/wp-content\/uploads\/sites\/6\/2026\/08\/PA_WorldChampsMTB2026_XCOMU_SWE_LowRes-5-1-1536x1152.jpg 1536w, https:\/\/scf.se\/mountainbike\/wp-content\/uploads\/sites\/6\/2026\/08\/PA_WorldChampsMTB2026_XCOMU_SWE_LowRes-5-1-2048x1536.jpg 2048w\" sizes=\"auto, (max-width: 2200px) 100vw, 2200px\" \/><\/a> <a href=\"https:\/\/scf.se\/mountainbike\/wp-content\/uploads\/sites\/6\/2026\/08\/PA_WorldChampsMTB2026_XCOMU_SWE_LowRes-4-1.jpg\"><img loading=\"lazy\" decoding=\"async\" class=\"alignnone size-full wp-image-10438\" src=\"https:\/\/scf.se\/mountainbike\/wp-content\/uploads\/sites\/6\/2026\/08\/PA_WorldChampsMTB2026_XCOMU_SWE_LowRes-4-1.jpg\" alt=\"\" width=\"2200\" height=\"1650\" srcset=\"https:\/\/scf.se\/mountainbike\/wp-content\/uploads\/sites\/6\/2026\/08\/PA_WorldChampsMTB2026_XCOMU_SWE_LowRes-4-1.jpg 2200w, https:\/\/scf.se\/mountainbike\/wp-content\/uploads\/sites\/6\/2026\/08\/PA_WorldChampsMTB2026_XCOMU_SWE_LowRes-4-1-300x225.jpg 300w, https:\/\/scf.se\/mountainbike\/wp-content\/uploads\/sites\/6\/2026\/08\/PA_WorldChampsMTB2026_XCOMU_SWE_LowRes-4-1-1024x768.jpg 1024w, https:\/\/scf.se\/mountainbike\/wp-content\/uploads\/sites\/6\/2026\/08\/PA_WorldChampsMTB2026_XCOMU_SWE_LowRes-4-1-768x576.jpg 768w, https:\/\/scf.se\/mountainbike\/wp-content\/uploads\/sites\/6\/2026\/08\/PA_WorldChampsMTB2026_XCOMU_SWE_LowRes-4-1-1536x1152.jpg 1536w, https:\/\/scf.se\/mountainbike\/wp-content\/uploads\/sites\/6\/2026\/08\/PA_WorldChampsMTB2026_XCOMU_SWE_LowRes-4-1-2048x1536.jpg 2048w\" sizes=\"auto, (max-width: 2200px) 100vw, 2200px\" \/><\/a>\n<a href=\"https:\/\/scf.se\/mountainbike\/wp-content\/uploads\/sites\/6\/2026\/08\/PA_WorldChampsMTB2026_XCOMU_SWE_LowRes-7-1.jpg\"><img loading=\"lazy\" decoding=\"async\" class=\"alignnone size-full wp-image-10441\" src=\"https:\/\/scf.se\/mountainbike\/wp-content\/uploads\/sites\/6\/2026\/08\/PA_WorldChampsMTB2026_XCOMU_SWE_LowRes-7-1.jpg\" alt=\"\" width=\"1725\" height=\"2300\" srcset=\"https:\/\/scf.se\/mountainbike\/wp-content\/uploads\/sites\/6\/2026\/08\/PA_WorldChampsMTB2026_XCOMU_SWE_LowRes-7-1.jpg 1725w, https:\/\/scf.se\/mountainbike\/wp-content\/uploads\/sites\/6\/2026\/08\/PA_WorldChampsMTB2026_XCOMU_SWE_LowRes-7-1-225x300.jpg 225w, https:\/\/scf.se\/mountainbike\/wp-content\/uploads\/sites\/6\/2026\/08\/PA_WorldChampsMTB2026_XCOMU_SWE_LowRes-7-1-768x1024.jpg 768w, https:\/\/scf.se\/mountainbike\/wp-content\/uploads\/sites\/6\/2026\/08\/PA_WorldChampsMTB2026_XCOMU_SWE_LowRes-7-1-1152x1536.jpg 1152w, https:\/\/scf.se\/mountainbike\/wp-content\/uploads\/sites\/6\/2026\/08\/PA_WorldChampsMTB2026_XCOMU_SWE_LowRes-7-1-1536x2048.jpg 1536w\" sizes=\"auto, (max-width: 1725px) 100vw, 1725px\" \/><\/a>\n<p>&nbsp;<\/p>\n<p class=\"isSelectedEnd\">Och s\u00e5 h\u00e4r slutade det i siffror:<\/p>\n<h3 class=\"PDq2pG_selectionAnchorContainer\" data-start=\"8\" data-end=\"34\">VM XCO herrar U23<\/h3>\n<p class=\"isSelectedEnd\">1 <strong>Na\u00ebl Rouffiac<\/strong>, Frankrike 1.17.20Edvin Elofsson, har \u00e5kt hem fr\u00e5n den italienska VM-orten p\u00e5 grund av sjukdom.<br \/>\n2 <strong>Alix Andr\u00e9-Gallis<\/strong>, Frankrike +0.09<br \/>\n3 <strong>Nicolas Halter<\/strong>, Schweiz +0.13<br \/>\n21 <strong>Leo Lounela<\/strong>, Sverige +4.46<br \/>\n25 <strong>Nils Johansson<\/strong>, Sverige +5.29<\/p>\n<p>&nbsp;<\/p>\n<p class=\"isSelectedEnd\">Och s\u00e5 h\u00e4r kommenterade f\u00f6rbundskaptenen David Eriksson kort ute fr\u00e5n banan n\u00e4r de b\u00e4gge svenskarna var p\u00e5 v\u00e4g ut p\u00e5 sista varvet.<\/p>\n<blockquote>\n<p class=\"isSelectedEnd\">&#8221;Det \u00e4r stabila lopp. De jobbar p\u00e5 och det \u00e4r j\u00e4vligt tufft h\u00e4r. Jag tycker att de g\u00f6r det bra, men det kanske inte riktigt \u00e4r den d\u00e4r dunder-dunder-dagen som man alltid hoppas p\u00e5&#8221;, sa David Eriksson.<\/p>\n<\/blockquote>\n<p>Den tredje VM-svensken i herrarnas U23, Edvin Elofsson, hade redan \u00e5kt hem fr\u00e5n den italienska VM-orten p\u00e5 grund av sjukdom.<\/p>\n<p data-start=\"36\" data-end=\"222\">***<\/p>\n<h2 data-start=\"36\" data-end=\"222\">David Eriksson summerar XC-delen av VM i Val di Sole<\/h2>\n<p class=\"isSelectedEnd\">Vi bad XC-f\u00f6rbundskaptenen David Eriksson summera sina spontana tankar efter veckan i italienska Val di Sole.<\/p>\n<p class=\"isSelectedEnd\">Det avslutades med placeringarna 21 och 25 f\u00f6r Leo Lounela och Nils Johansson i U23 samt 7 f\u00f6r Jenny Rissveds efter en helt avg\u00f6rande bakhjulspunktering.<\/p>\n<blockquote>\n<p class=\"isSelectedEnd\">&#8221;Det har varit en ganska utmanande vecka. Mycket har varit n\u00e4ra, men inte riktigt d\u00e4r. Jag tycker att alla har gjort sitt absolut b\u00e4sta i alla race, och det \u00e4r inget fel p\u00e5 det. Men det har helt enkelt varit andra som varit b\u00e4ttre om man ser p\u00e5 resultaten&#8221;, s\u00e4ger f\u00f6rbundskaptenen David Eriksson och forts\u00e4tter:<\/p>\n<\/blockquote>\n<blockquote>\n<p class=\"isSelectedEnd\">&#8221;Jag tycker att alla g\u00f6r det de ska. Det har kanske saknats det d\u00e4r lilla extra glimrande benet ibland, men hela g\u00e4nget g\u00f6r stabila insatser och det \u00e4r j\u00e4ttekul att se. Det har ocks\u00e5 blivit mycket nya erfarenheter, b\u00e5de f\u00f6r cyklisterna, ledarna och f\u00f6r mig som f\u00f6rbundskapten. Jag har inte haft det h\u00e4r jobbet j\u00e4ttel\u00e4nge, s\u00e5 det \u00e4r sk\u00f6nt att f\u00e5 med sig nya saker att t\u00e4nka p\u00e5 inf\u00f6r kommande m\u00e4sterskap och f\u00f6rhoppningsvis kan vi g\u00f6ra det \u00e4nnu b\u00e4ttre n\u00e4sta g\u00e5ng.&#8221;<\/p>\n<\/blockquote>\n<blockquote>\n<p class=\"isSelectedEnd\">&#8221;De har sk\u00f6tt sig j\u00e4ttebra och k\u00f6rt sitt absolut yttersta. Jag \u00e4r n\u00f6jd med detta VM. Nu f\u00e5r vi \u00e5ka hem och ladda om. N\u00e5gra ska fortfarande ut och k\u00f6ra v\u00e4rldscup och f\u00f6rhoppningsvis kan vi n\u00e5 \u00e4nnu fler framg\u00e5ngar n\u00e4sta s\u00e4song. Mycket l\u00e4rdomar och vi summerar \u00e4nd\u00e5 ett ganska bra v\u00e4rldsm\u00e4sterskap h\u00e4r i Val di Sole.&#8221;<\/p>\n<\/blockquote>\n<p class=\"isSelectedEnd\">En av dem som ska k\u00f6ra de b\u00e4gge avslutande v\u00e4rldscupt\u00e4vlingarna \u00e4r f\u00f6rst\u00e5s Jenny Rissveds. Inf\u00f6r den dubbla avslutningen i USA toppar Jenny med 222 po\u00e4ng f\u00f6re Sina Frei, som vann i Les Gets men inte f\u00e5r n\u00e5gra po\u00e4ng med sig fr\u00e5n VM-guldet i XCO.<\/p>\n<h3 class=\"isSelectedEnd\"><strong>\u00c5terst\u00e5ende v\u00e4rldscuphelger i XCO\/XCC<\/strong><\/h3>\n<ul>\n<li class=\"isSelectedEnd\"><strong>19\u201320 septembe<\/strong>r: Soldier Hollow, USA<\/li>\n<li class=\"isSelectedEnd\"><strong>2\u20134 oktober<\/strong>: Lake Placid, USA<\/li>\n<\/ul>\n<h3 class=\"isSelectedEnd\"><strong>Toppstriden i XCO-v\u00e4rldscupen innan USA-resan<\/strong><\/h3>\n<ul>\n<li class=\"isSelectedEnd\">1 <strong>Jenny Rissveds<\/strong>, Sverige 1897 po\u00e4ng<\/li>\n<li class=\"isSelectedEnd\">2 <strong>Sina Frei<\/strong>, Schweiz 1615<\/li>\n<li class=\"isSelectedEnd\">3 <strong>Savilia Blunk<\/strong>, USA 1329<\/li>\n<\/ul>\n<p>I XCO-cupen, som \u00e4ven \u00e4r en totalcup, delas det ut 250 po\u00e4ng till vinnaren i XCO och \u00e4ven 80 po\u00e4ng till vinnaren i XCC.<\/p>\n<p><em>Text: SCF<\/em><br \/>\n<em>Foto: Piper Albrecht (alla bilder)<\/em><\/p>\n","protected":false},"excerpt":{"rendered":"<p>Jenny Rissveds slutade sjua n\u00e4r medaljchanserna punkterades redan efter en tredjedel av ett extremt tufft VM-lopp i XCO i italienska Val di Sole. F\u00f6rutom punkteringen som kr\u00e4vde l\u00e5ng servicetid och hetsen direkt efter\u00e5t gjorde Jenny Rissveds ett stabilt lopp. I herrarnas U23-lopp var det stabila lopp fr\u00e5n b\u00e5de Leo Lounela och Nils Johanson, som<a href=\"https:\/\/scf.se\/mountainbike\/regerande-varldsmasataren-punkterade-chanserna-till-ny-vm-medalj-i-xco\/\" class=\"news-card__more\"> &#8230;<\/a><\/p>\n","protected":false},"author":41,"featured_media":10367,"comment_status":"open","ping_status":"open","sticky":true,"template":"","format":"standard","meta":{"_acf_changed":false,"footnotes":""},"categories":[1],"tags":[],"class_list":["post-10397","post","type-post","status-publish","format-standard","hentry","category-mountainbike"],"acf":[],"_links":{"self":[{"href":"https:\/\/scf.se\/mountainbike\/wp-json\/wp\/v2\/posts\/10397","targetHints":{"allow":["GET"]}}],"collection":[{"href":"https:\/\/scf.se\/mountainbike\/wp-json\/wp\/v2\/posts"}],"about":[{"href":"https:\/\/scf.se\/mountainbike\/wp-json\/wp\/v2\/types\/post"}],"author":[{"embeddable":true,"href":"https:\/\/scf.se\/mountainbike\/wp-json\/wp\/v2\/users\/41"}],"replies":[{"embeddable":true,"href":"https:\/\/scf.se\/mountainbike\/wp-json\/wp\/v2\/comments?post=10397"}],"version-history":[{"count":17,"href":"https:\/\/scf.se\/mountainbike\/wp-json\/wp\/v2\/posts\/10397\/revisions"}],"predecessor-version":[{"id":10445,"href":"https:\/\/scf.se\/mountainbike\/wp-json\/wp\/v2\/posts\/10397\/revisions\/10445"}],"wp:featuredmedia":[{"embeddable":true,"href":"https:\/\/scf.se\/mountainbike\/wp-json\/wp\/v2\/media\/10367"}],"wp:attachment":[{"href":"https:\/\/scf.se\/mountainbike\/wp-json\/wp\/v2\/media?parent=10397"}],"wp:term":[{"taxonomy":"category","embeddable":true,"href":"https:\/\/scf.se\/mountainbike\/wp-json\/wp\/v2\/categories?post=10397"},{"taxonomy":"post_tag","embeddable":true,"href":"https:\/\/scf.se\/mountainbike\/wp-json\/wp\/v2\/tags?post=10397"}],"curies":[{"name":"wp","href":"https:\/\/api.w.org\/{rel}","templated":true}]}}