
{"id":10392,"date":"2026-08-30T16:22:48","date_gmt":"2026-08-30T14:22:48","guid":{"rendered":"https:\/\/scf.se\/mountainbike\/?p=10392"},"modified":"2026-08-30T17:29:36","modified_gmt":"2026-08-30T15:29:36","slug":"tre-stabila-svenska-ak-i-svara-forhallanden-i-dhi-finalerna-pa-vm","status":"publish","type":"post","link":"https:\/\/scf.se\/mountainbike\/tre-stabila-svenska-ak-i-svara-forhallanden-i-dhi-finalerna-pa-vm\/","title":{"rendered":"Tre stabila svenska \u00e5k under sv\u00e5ra f\u00f6rh\u00e5llanden i DHI-finalerna p\u00e5 VM"},"content":{"rendered":"<p class=\"isSelectedEnd\"><strong>Downhilldelen av MTB-VM i Val di Sole gav n\u00e4stan idel stabila \u00e5k av de svenska cyklisterna. B\u00e5de junioren Valter Axeland och seniorstj\u00e4rnan Oliver Zwar var r\u00e4tt n\u00e4ra de allra b\u00e4sta tidsm\u00e4ssigt i l\u00f6rdagens kval. I finalerna blev det f\u00f6ljande placeringar: Oliver Zwar 35, Valter Axeland 30 och Elias Landh 36.<\/strong><\/p>\n<h2>Oliver Zwar slutade 35:a i herrelit<\/h2>\n<p class=\"isSelectedEnd\">Oliver Zwar var sj\u00e4lv generellt sett inte n\u00f6jd direkt efter m\u00e5lg\u00e5ngen, men han k\u00f6rde samtidigt s\u00e5 bra han m\u00e4ktade med f\u00f6r dagen.<\/p>\n<a href=\"https:\/\/scf.se\/mountainbike\/wp-content\/uploads\/sites\/6\/2026\/08\/DHscf1.jpg\"><img loading=\"lazy\" decoding=\"async\" class=\"alignnone size-full wp-image-10407\" src=\"https:\/\/scf.se\/mountainbike\/wp-content\/uploads\/sites\/6\/2026\/08\/DHscf1.jpg\" alt=\"\" width=\"1535\" height=\"1881\" srcset=\"https:\/\/scf.se\/mountainbike\/wp-content\/uploads\/sites\/6\/2026\/08\/DHscf1.jpg 1535w, https:\/\/scf.se\/mountainbike\/wp-content\/uploads\/sites\/6\/2026\/08\/DHscf1-245x300.jpg 245w, https:\/\/scf.se\/mountainbike\/wp-content\/uploads\/sites\/6\/2026\/08\/DHscf1-836x1024.jpg 836w, https:\/\/scf.se\/mountainbike\/wp-content\/uploads\/sites\/6\/2026\/08\/DHscf1-768x941.jpg 768w, https:\/\/scf.se\/mountainbike\/wp-content\/uploads\/sites\/6\/2026\/08\/DHscf1-1253x1536.jpg 1253w\" sizes=\"auto, (max-width: 1535px) 100vw, 1535px\" \/><\/a>\n<blockquote>\n<p class=\"isSelectedEnd\">&#8221;Jag tycker att det definitivt var ett stabilare \u00e5k \u00e4n ig\u00e5r och i r\u00e4tt riktning. Men det finns definitivt mer att plocka ut fram\u00f6ver&#8221;, s\u00e4ger Felix Beckeman som gav tummen upp f\u00f6r en 35 plats efter det att Jackson Goldstone, Kanada, inte ov\u00e4ntat korats till v\u00e4rldsm\u00e4stare f\u00f6re Lachlan Stevens-McNab, Nya Zeeland.<\/p>\n<\/blockquote>\n<p class=\"isSelectedEnd\">De b\u00e4gge var trea respektive etta i kvalet i en herrelitfinal som slutade s\u00e5 h\u00e4r i siffror:<\/p>\n<h3 class=\"isSelectedEnd\"><strong>VM-final downhill herrelit<\/strong><\/h3>\n<p class=\"isSelectedEnd\">1 <strong>Jackson Goldstone<\/strong>, Kanada 3.28,785<br \/>\n2 <strong>Lachlan Stevens-McNab<\/strong>, Nya Zeeland +0,695<br \/>\n3 <strong>Jordan Williams<\/strong>, Storbritannien +0,702<br \/>\n35 <strong>Oliver Zwar<\/strong>, Sverige +11,224<\/p>\n<a href=\"https:\/\/scf.se\/mountainbike\/wp-content\/uploads\/sites\/6\/2026\/08\/azwar.jpg\"><img loading=\"lazy\" decoding=\"async\" class=\"alignnone size-full wp-image-10410\" src=\"https:\/\/scf.se\/mountainbike\/wp-content\/uploads\/sites\/6\/2026\/08\/azwar.jpg\" alt=\"\" width=\"1536\" height=\"1879\" srcset=\"https:\/\/scf.se\/mountainbike\/wp-content\/uploads\/sites\/6\/2026\/08\/azwar.jpg 1536w, https:\/\/scf.se\/mountainbike\/wp-content\/uploads\/sites\/6\/2026\/08\/azwar-245x300.jpg 245w, https:\/\/scf.se\/mountainbike\/wp-content\/uploads\/sites\/6\/2026\/08\/azwar-837x1024.jpg 837w, https:\/\/scf.se\/mountainbike\/wp-content\/uploads\/sites\/6\/2026\/08\/azwar-768x940.jpg 768w, https:\/\/scf.se\/mountainbike\/wp-content\/uploads\/sites\/6\/2026\/08\/azwar-1256x1536.jpg 1256w\" sizes=\"auto, (max-width: 1536px) 100vw, 1536px\" \/><\/a>\n<p>Oliver Zwar k\u00f6rde p\u00e5 l\u00f6rdagen in som nummer 38 i kvalet och har levererat stabila \u00e5k p\u00e5 en tuff bana med minst sagt vass konkurrens. D\u00e5 var han ett par sekunder n\u00e4rmare de allra snabbaste, men med hela 80 cyklister till final i herrelit fanns det ingen somhelst anledning att cykla p\u00e5 precis marginalerna i tidskvalet.<\/p>\n<h3 class=\"isSelectedEnd\"><strong>VM-kval downhill herrelit<\/strong><\/h3>\n<p>1<strong> Lachlan Stevens-McNab<\/strong>, Nya Zeeland \u00a03.34,010<br \/>\n2 <strong>Oliver Davis<\/strong>, Australien\u00a0+0,331<br \/>\n3 <strong>Jackson Goldstone<\/strong>, Kanada+0,633<br \/>\n38<strong> Oliver Zwar<\/strong>, Sverige \u00a0+8,680<\/p>\n<p>***<\/p>\n<a href=\"https:\/\/scf.se\/mountainbike\/wp-content\/uploads\/sites\/6\/2026\/08\/DHscf4.jpg\"><img loading=\"lazy\" decoding=\"async\" class=\"alignnone size-full wp-image-10409\" src=\"https:\/\/scf.se\/mountainbike\/wp-content\/uploads\/sites\/6\/2026\/08\/DHscf4.jpg\" alt=\"\" width=\"1536\" height=\"1744\" srcset=\"https:\/\/scf.se\/mountainbike\/wp-content\/uploads\/sites\/6\/2026\/08\/DHscf4.jpg 1536w, https:\/\/scf.se\/mountainbike\/wp-content\/uploads\/sites\/6\/2026\/08\/DHscf4-264x300.jpg 264w, https:\/\/scf.se\/mountainbike\/wp-content\/uploads\/sites\/6\/2026\/08\/DHscf4-902x1024.jpg 902w, https:\/\/scf.se\/mountainbike\/wp-content\/uploads\/sites\/6\/2026\/08\/DHscf4-768x872.jpg 768w, https:\/\/scf.se\/mountainbike\/wp-content\/uploads\/sites\/6\/2026\/08\/DHscf4-1353x1536.jpg 1353w\" sizes=\"auto, (max-width: 1536px) 100vw, 1536px\" \/><\/a>\n<h2>Valter Axeland och Elias Landh p\u00e5 plats 30 och 36<\/h2>\n<p class=\"isSelectedEnd\">Det blev 30 plats f\u00f6r Valter Axeland och 36 f\u00f6r Elias Landh i herrjuniorernas VM-final i downhill. F\u00f6rh\u00e5llandena var sv\u00e5ra \u00e4ven om den redan i perfekt tillst\u00e5nd tuffa banan hade torkat upp en hel del sedan morgonens tr\u00e4nings\u00e5k. F\u00f6rbundskaptenen Felix Beckeman rapporterade om luriga f\u00f6rh\u00e5llanden med sv\u00e5ra d\u00e4ckval med en mestadels bl\u00f6t bana, men med torra partier.<\/p>\n<blockquote>\n<p class=\"isSelectedEnd\">&#8221;Jag tycker att det var ett klart godk\u00e4nt genomf\u00f6rande. Med facit i hand hade de s\u00e5klart velat g\u00e5 in i vissa partier av banan lite mer aggressivt. Men samtidigt \u00e4r de h\u00e4r f\u00f6r att se och l\u00e4ra ocks\u00e5. Det \u00e4r ett bra test att det kan ske v\u00e4derv\u00e4xlingar som g\u00f6r att de beh\u00f6ver st\u00e4lla om cyklarna efter f\u00f6rh\u00e5llandena och med minimalt med tr\u00e4ning inf\u00f6r ett final\u00e5k. Det tycker jag att grabbarna har tagit \u00e5t sig v\u00e4ldigt mycket. Med facit i hand tycker jag att vi gjorde ett bra resultat med de f\u00f6ruts\u00e4ttningar vi hade inf\u00f6r det h\u00e4r m\u00e4sterskapet&#8221;, s\u00e4ger Felix Beckeman.<\/p>\n<\/blockquote>\n<h3 class=\"isSelectedEnd\"><strong>VM-final downhill herrjunior<\/strong><\/h3>\n<p>1 <strong>Raoul Schneeberger<\/strong>, Schweiz 3.47,477<br \/>\n2 <strong>Felix Griffiths<\/strong>, Storbritannien +0,450<br \/>\n3 <strong>Filippo Gilardino<\/strong>, Italien +1,180<br \/>\n30 <strong>Valter Axeland<\/strong>, Sverige +14,356<br \/>\n36 <strong>Elias Landh<\/strong>, Sverige +16,025<\/p>\n<p>Det var hela 80 herrjuniorer till start i fredagens DHI-kval i lite kyligare v\u00e4der och stundtals duggregn. S\u00e5 h\u00e4r blev \u00e5ken f\u00f6r killarna i den svenska tremannatruppen.<\/p>\n<ul>\n<li>Valter Axeland h\u00f6ll fin fart och \u00e4ven d\u00e4r finns n\u00e5gra detaljer att slipa p\u00e5 inf\u00f6r forts\u00e4ttningen.<\/li>\n<li>Elias Landh stod f\u00f6r ett klart godk\u00e4nt kval p\u00e5 den tuffa DHI-banan. Lite sm\u00e5 detaljer och en delvis utk\u00f6rning finns att jobba vidare med.<\/li>\n<li>Alexander Ehrin hade otur p\u00e5 slutet. Han k\u00f6rde ikapp en \u00e5kare och blev fast bakom, vilket gjorde att han inte kvalade vidare.<\/li>\n<\/ul>\n<h3>VM-kval downhill herrjunior<\/h3>\n<p>1<strong> Jonty Williamson<\/strong>, Nya Zeeland 3.39,541<br \/>\n2 <strong>Malik Boatwright<\/strong>, Nya Zeeland +0,947<br \/>\n3 <strong>No\u00e9 Forlin<\/strong>, Schweiz +2,713<br \/>\n18 <strong>Valter Axeland<\/strong>, Sverige +9,845<br \/>\n53 <strong>Elias Landh<\/strong>, Sverige +19,743<br \/>\n62<strong> Alexander Ehrin<\/strong>, Sverige +24,272<\/p>\n<ul>\n<li><a href=\"https:\/\/www.instagram.com\/p\/DcoaK6pjD-s\/?img_index=1\"><em><strong>Kolla in fler bilder och \u00e4ven m\u00e5nga r\u00f6rliga klipp p\u00e5 b\u00e5de SWE Cyclings och cyklisternas Instagramkonton.<\/strong><\/em><\/a><\/li>\n<\/ul>\n<p><em>Text och foto: SCF<br \/>\n<\/em><\/p>\n","protected":false},"excerpt":{"rendered":"<p>Downhilldelen av MTB-VM i Val di Sole gav n\u00e4stan idel stabila \u00e5k av de svenska cyklisterna. B\u00e5de junioren Valter Axeland och seniorstj\u00e4rnan Oliver Zwar var r\u00e4tt n\u00e4ra de allra b\u00e4sta tidsm\u00e4ssigt i l\u00f6rdagens kval. I finalerna blev det f\u00f6ljande placeringar: Oliver Zwar 35, Valter Axeland 30 och Elias Landh 36. Oliver Zwar slutade 35:a<a href=\"https:\/\/scf.se\/mountainbike\/tre-stabila-svenska-ak-i-svara-forhallanden-i-dhi-finalerna-pa-vm\/\" class=\"news-card__more\"> &#8230;<\/a><\/p>\n","protected":false},"author":41,"featured_media":10408,"comment_status":"open","ping_status":"open","sticky":true,"template":"","format":"standard","meta":{"_acf_changed":false,"footnotes":""},"categories":[1],"tags":[],"class_list":["post-10392","post","type-post","status-publish","format-standard","hentry","category-mountainbike"],"acf":[],"_links":{"self":[{"href":"https:\/\/scf.se\/mountainbike\/wp-json\/wp\/v2\/posts\/10392","targetHints":{"allow":["GET"]}}],"collection":[{"href":"https:\/\/scf.se\/mountainbike\/wp-json\/wp\/v2\/posts"}],"about":[{"href":"https:\/\/scf.se\/mountainbike\/wp-json\/wp\/v2\/types\/post"}],"author":[{"embeddable":true,"href":"https:\/\/scf.se\/mountainbike\/wp-json\/wp\/v2\/users\/41"}],"replies":[{"embeddable":true,"href":"https:\/\/scf.se\/mountainbike\/wp-json\/wp\/v2\/comments?post=10392"}],"version-history":[{"count":12,"href":"https:\/\/scf.se\/mountainbike\/wp-json\/wp\/v2\/posts\/10392\/revisions"}],"predecessor-version":[{"id":10413,"href":"https:\/\/scf.se\/mountainbike\/wp-json\/wp\/v2\/posts\/10392\/revisions\/10413"}],"wp:featuredmedia":[{"embeddable":true,"href":"https:\/\/scf.se\/mountainbike\/wp-json\/wp\/v2\/media\/10408"}],"wp:attachment":[{"href":"https:\/\/scf.se\/mountainbike\/wp-json\/wp\/v2\/media?parent=10392"}],"wp:term":[{"taxonomy":"category","embeddable":true,"href":"https:\/\/scf.se\/mountainbike\/wp-json\/wp\/v2\/categories?post=10392"},{"taxonomy":"post_tag","embeddable":true,"href":"https:\/\/scf.se\/mountainbike\/wp-json\/wp\/v2\/tags?post=10392"}],"curies":[{"name":"wp","href":"https:\/\/api.w.org\/{rel}","templated":true}]}}