
{"id":9034,"date":"2026-09-03T16:05:48","date_gmt":"2026-09-03T14:05:48","guid":{"rendered":"https:\/\/scf.se\/landsvag\/?p=9034"},"modified":"2026-09-03T16:07:09","modified_gmt":"2026-09-03T14:07:09","slug":"u17-och-u19-tjejer-samlade-vardefull-erfarenhet-i-belgien-i-scf-pilotprojekt","status":"publish","type":"post","link":"https:\/\/scf.se\/landsvag\/u17-och-u19-tjejer-samlade-vardefull-erfarenhet-i-belgien-i-scf-pilotprojekt\/","title":{"rendered":"Unga tjejer samlade erfarenhet i Belgien under SCF:s pilotprojekt"},"content":{"rendered":"<p><strong>Svenska Cykelf\u00f6rbundet har genomf\u00f6rt ett pilotprojekt i Belgien d\u00e4r svenska U17- och U19-tjejer fick m\u00f6jlighet att t\u00e4vla internationellt och samla erfarenhet av st\u00f6rre klungor, h\u00f6gre fart, positionering och taktik. Resan genomf\u00f6rdes tillsammans med Svealand Cycling Team och gav b\u00e5de cyklister och ledare v\u00e4rdefulla l\u00e4rdomar inf\u00f6r framtida satsningar. H\u00e4r kommer en rapport.<\/strong><\/p>\n<p>Resan genomf\u00f6rdes 22\u201323 augusti och var ett test av ett uppl\u00e4gg d\u00e4r unga svenska cyklister f\u00e5r m\u00f6jlighet att t\u00e4vla internationellt och samla erfarenhet av st\u00f6rre klungor, h\u00f6gre fart, positionering och taktik.<\/p>\n<p>Uppl\u00e4gget gjordes tillsammans med Svealand Cycling Team, som drivits av bland andra Oskar Ekman och Stockholms Cykelf\u00f6rbund. Tanken \u00e4r att f\u00f6rbundet skulle kunna vara en central kunskaps- och utvecklingshub, medan f\u00f6r\u00e4ldrar och andra runt cyklisterna hj\u00e4lper till praktiskt med exempelvis boende, mat, transporter, mekanik och langning.<\/p>\n<a href=\"https:\/\/scf.se\/landsvag\/wp-content\/uploads\/sites\/5\/2026\/09\/Svealand3.jpg\"><img loading=\"lazy\" decoding=\"async\" class=\"alignnone size-full wp-image-9038\" src=\"https:\/\/scf.se\/landsvag\/wp-content\/uploads\/sites\/5\/2026\/09\/Svealand3.jpg\" alt=\"\" width=\"1152\" height=\"1769\" srcset=\"https:\/\/scf.se\/landsvag\/wp-content\/uploads\/sites\/5\/2026\/09\/Svealand3.jpg 1152w, https:\/\/scf.se\/landsvag\/wp-content\/uploads\/sites\/5\/2026\/09\/Svealand3-195x300.jpg 195w, https:\/\/scf.se\/landsvag\/wp-content\/uploads\/sites\/5\/2026\/09\/Svealand3-667x1024.jpg 667w, https:\/\/scf.se\/landsvag\/wp-content\/uploads\/sites\/5\/2026\/09\/Svealand3-768x1179.jpg 768w, https:\/\/scf.se\/landsvag\/wp-content\/uploads\/sites\/5\/2026\/09\/Svealand3-1000x1536.jpg 1000w\" sizes=\"auto, (max-width: 1152px) 100vw, 1152px\" \/><\/a>\n<a href=\"https:\/\/scf.se\/landsvag\/wp-content\/uploads\/sites\/5\/2026\/09\/Svealand6.jpg\"><img loading=\"lazy\" decoding=\"async\" class=\"alignnone size-full wp-image-9041\" src=\"https:\/\/scf.se\/landsvag\/wp-content\/uploads\/sites\/5\/2026\/09\/Svealand6.jpg\" alt=\"\" width=\"1152\" height=\"1328\" srcset=\"https:\/\/scf.se\/landsvag\/wp-content\/uploads\/sites\/5\/2026\/09\/Svealand6.jpg 1152w, https:\/\/scf.se\/landsvag\/wp-content\/uploads\/sites\/5\/2026\/09\/Svealand6-260x300.jpg 260w, https:\/\/scf.se\/landsvag\/wp-content\/uploads\/sites\/5\/2026\/09\/Svealand6-888x1024.jpg 888w, https:\/\/scf.se\/landsvag\/wp-content\/uploads\/sites\/5\/2026\/09\/Svealand6-768x885.jpg 768w\" sizes=\"auto, (max-width: 1152px) 100vw, 1152px\" \/><\/a>\n<a href=\"https:\/\/scf.se\/landsvag\/wp-content\/uploads\/sites\/5\/2026\/09\/Svealand5.jpg\"><img loading=\"lazy\" decoding=\"async\" class=\"alignnone size-full wp-image-9036\" src=\"https:\/\/scf.se\/landsvag\/wp-content\/uploads\/sites\/5\/2026\/09\/Svealand5.jpg\" alt=\"\" width=\"2048\" height=\"1152\" srcset=\"https:\/\/scf.se\/landsvag\/wp-content\/uploads\/sites\/5\/2026\/09\/Svealand5.jpg 2048w, https:\/\/scf.se\/landsvag\/wp-content\/uploads\/sites\/5\/2026\/09\/Svealand5-300x169.jpg 300w, https:\/\/scf.se\/landsvag\/wp-content\/uploads\/sites\/5\/2026\/09\/Svealand5-1024x576.jpg 1024w, https:\/\/scf.se\/landsvag\/wp-content\/uploads\/sites\/5\/2026\/09\/Svealand5-768x432.jpg 768w, https:\/\/scf.se\/landsvag\/wp-content\/uploads\/sites\/5\/2026\/09\/Svealand5-1536x864.jpg 1536w, https:\/\/scf.se\/landsvag\/wp-content\/uploads\/sites\/5\/2026\/09\/Svealand5-2000x1125.jpg 2000w\" sizes=\"auto, (max-width: 2048px) 100vw, 2048px\" \/><\/a><a href=\"https:\/\/scf.se\/landsvag\/wp-content\/uploads\/sites\/5\/2026\/09\/Svealand2.jpg\"><img loading=\"lazy\" decoding=\"async\" class=\"alignnone size-full wp-image-9039\" src=\"https:\/\/scf.se\/landsvag\/wp-content\/uploads\/sites\/5\/2026\/09\/Svealand2.jpg\" alt=\"\" width=\"1152\" height=\"1401\" srcset=\"https:\/\/scf.se\/landsvag\/wp-content\/uploads\/sites\/5\/2026\/09\/Svealand2.jpg 1152w, https:\/\/scf.se\/landsvag\/wp-content\/uploads\/sites\/5\/2026\/09\/Svealand2-247x300.jpg 247w, https:\/\/scf.se\/landsvag\/wp-content\/uploads\/sites\/5\/2026\/09\/Svealand2-842x1024.jpg 842w, https:\/\/scf.se\/landsvag\/wp-content\/uploads\/sites\/5\/2026\/09\/Svealand2-768x934.jpg 768w\" sizes=\"auto, (max-width: 1152px) 100vw, 1152px\" \/><\/a> <a href=\"https:\/\/scf.se\/landsvag\/wp-content\/uploads\/sites\/5\/2026\/09\/Svealand1.jpg\"><img loading=\"lazy\" decoding=\"async\" class=\"alignnone size-full wp-image-9040\" src=\"https:\/\/scf.se\/landsvag\/wp-content\/uploads\/sites\/5\/2026\/09\/Svealand1.jpg\" alt=\"\" width=\"1152\" height=\"1257\" srcset=\"https:\/\/scf.se\/landsvag\/wp-content\/uploads\/sites\/5\/2026\/09\/Svealand1.jpg 1152w, https:\/\/scf.se\/landsvag\/wp-content\/uploads\/sites\/5\/2026\/09\/Svealand1-275x300.jpg 275w, https:\/\/scf.se\/landsvag\/wp-content\/uploads\/sites\/5\/2026\/09\/Svealand1-938x1024.jpg 938w, https:\/\/scf.se\/landsvag\/wp-content\/uploads\/sites\/5\/2026\/09\/Svealand1-768x838.jpg 768w\" sizes=\"auto, (max-width: 1152px) 100vw, 1152px\" \/><\/a>\n<h2 class=\"isSelectedEnd\">Deltagare<\/h2>\n<h3 class=\"isSelectedEnd\"><strong>U17-cyklister:<\/strong><\/h3>\n<ul>\n<li class=\"isSelectedEnd\"><strong>Lilly Temar<\/strong><\/li>\n<li class=\"isSelectedEnd\"><strong>Amanda Hoff<\/strong><\/li>\n<li class=\"isSelectedEnd\"><strong>Lisa Gyllensvaan<\/strong><\/li>\n<li class=\"isSelectedEnd\"><strong>Tilde Lingmerth<\/strong><\/li>\n<li class=\"isSelectedEnd\"><strong>Joline Str\u00f6mblad<\/strong><\/li>\n<\/ul>\n<h3 class=\"isSelectedEnd\"><strong>U19-cyklister:<\/strong><\/h3>\n<ul>\n<li class=\"isSelectedEnd\"><strong>Nora Nyman<\/strong><\/li>\n<li class=\"isSelectedEnd\"><strong>Nora Fransson<\/strong><\/li>\n<\/ul>\n<h3 class=\"isSelectedEnd\"><strong>Ledare fr\u00e5n SCF:<\/strong><\/h3>\n<ul>\n<li class=\"isSelectedEnd\"><strong>Johanna Palmqvist <\/strong><\/li>\n<li class=\"isSelectedEnd\"><strong>Ola Nilsson<\/strong><\/li>\n<\/ul>\n<h2>Dag 1 \u2013 Rotselaar<\/h2>\n<p class=\"isSelectedEnd\">Relativt platt varvbana d\u00e4r vi p\u00e5 f\u00f6rhand trodde p\u00e5 en klungspurt. Lilly Temar k\u00f6rde offensivt i spurtpriserna under loppet, samlade flest po\u00e4ng och vann sedan \u00e4ven slutspurten. D\u00e4rmed hade hon b\u00e5de ledartr\u00f6jan totalt och po\u00e4ngtr\u00f6jan inf\u00f6r dag tv\u00e5. Amanda Hoff blev trea.<\/p>\n<p class=\"isSelectedEnd\">\u00d6vriga U17-tjejer gjorde ocks\u00e5 v\u00e4ldigt fina lopp utifr\u00e5n sina erfarenheter. Flera har t\u00e4vlat ganska lite p\u00e5 landsv\u00e4g men satt bra i klungan, positionerade sig fint och fick mycket v\u00e4rdefull erfarenhet.<\/p>\n<p class=\"isSelectedEnd\">I U19 gjorde Nora Nyman ett stabilt lopp och satt med bra men kunde inte riktigt h\u00e4vda sig i spurten. Nora Fransson blev tyv\u00e4rr indragen i en krasch och fick bryta.<\/p>\n<h2>Dag 2 \u2013 Ransberg<\/h2>\n<p class=\"isSelectedEnd\">Mer teknisk bana d\u00e4r positionering blev viktigare, bland annat inf\u00f6r en smal och ganska typisk belgisk backe. Inf\u00f6r dagen hade Lilly b\u00e5de totalledningen och po\u00e4ngtr\u00f6jan och Amanda l\u00e5g trea totalt.<\/p>\n<p class=\"isSelectedEnd\">Det amerikanska laget k\u00f6rde v\u00e4ldigt taktiskt och samlat, med olika cyklister som satsade p\u00e5 po\u00e4ngt\u00e4vlingen respektive totalen. Lilly valde i st\u00f6rre utstr\u00e4ckning att spara sig till avslutningen.<\/p>\n<p class=\"isSelectedEnd\">Lilliana O\u2019Donnell, USA, vann loppet. Lilly Temar blev tv\u00e5a. Lilly slutade d\u00e4rmed tv\u00e5a totalt och Amanda Hoff sexa totalt. \u00d6vriga svenska U17-resultat totalt: Lisa Gyllensvaan 26, Tilde Lingmerth 41 och Joline Str\u00f6mblad 58.<\/p>\n<h2>\u00d6vrigt fr\u00e5n helgen<\/h2>\n<p class=\"isSelectedEnd\">V\u00e4ldigt v\u00e4larrangerade t\u00e4vlingar, bra s\u00e4kerhet och mycket trevligt bem\u00f6tande.<\/p>\n<p class=\"isSelectedEnd\">Arrang\u00f6rerna uppm\u00e4rksammade s\u00e4rskilt att Sverige kom med en grupp unga tjejer. Varken Norge eller Danmark fanns representerade, s\u00e5 det var kul att Sverige representerade Norden.<\/p>\n<p class=\"isSelectedEnd\">En bra detalj var ocks\u00e5 hur arrang\u00f6ren hanterade cyklister som tappade huvudklungan. P\u00e5 grund av polisens regler beh\u00f6vde de plockas av om avst\u00e5ndet blev f\u00f6r stort, men i U17 fick de sedan ansluta igen n\u00e4sta varv f\u00f6r att forts\u00e4tta samla erfarenhet. De fick d\u00e5 inte delta i spurtpriser eller avg\u00f6randet.<\/p>\n<p class=\"isSelectedEnd\">Helgen gav b\u00e5de tjejerna och oss ledare mycket erfarenhet och flera l\u00e4rdomar kring hur ett liknande uppl\u00e4gg skulle kunna utvecklas fram\u00f6ver.<\/p>\n<p class=\"isSelectedEnd\">Johanna Palmqvist och Ola Nilsson sammanfattar avslutningsvis helgen s\u00e5 h\u00e4r:<\/p>\n<blockquote><p>\u201dVi summerar helgen som en v\u00e4ldigt bra erfarenhet f\u00f6r tjejerna och en otroligt fin helg tillsammans. Det som kanske gjorde oss allra mest glada var att se hur de agerade som ett lag och visade att en lagprestation \u00e4r mycket mer \u00e4n det man g\u00f6r p\u00e5 cykeln.\u201d<\/p><\/blockquote>\n<p><em>Text: SCF<br \/>\nFoto: Privat och SCF<\/em><\/p>\n<p>&nbsp;<\/p>\n","protected":false},"excerpt":{"rendered":"<p>Svenska Cykelf\u00f6rbundet har genomf\u00f6rt ett pilotprojekt i Belgien d\u00e4r svenska U17- och U19-tjejer fick m\u00f6jlighet att t\u00e4vla internationellt och samla erfarenhet av st\u00f6rre klungor, h\u00f6gre fart, positionering och taktik. Resan genomf\u00f6rdes tillsammans med Svealand Cycling Team och gav b\u00e5de cyklister och ledare v\u00e4rdefulla l\u00e4rdomar inf\u00f6r framtida satsningar. H\u00e4r kommer en rapport. Resan genomf\u00f6rdes 22\u201323<a href=\"https:\/\/scf.se\/landsvag\/u17-och-u19-tjejer-samlade-vardefull-erfarenhet-i-belgien-i-scf-pilotprojekt\/\" class=\"news-card__more\"> &#8230;<\/a><\/p>\n","protected":false},"author":41,"featured_media":9037,"comment_status":"open","ping_status":"open","sticky":true,"template":"","format":"standard","meta":{"_acf_changed":false,"footnotes":""},"categories":[1],"tags":[],"class_list":["post-9034","post","type-post","status-publish","format-standard","hentry","category-landsvag"],"acf":[],"_links":{"self":[{"href":"https:\/\/scf.se\/landsvag\/wp-json\/wp\/v2\/posts\/9034","targetHints":{"allow":["GET"]}}],"collection":[{"href":"https:\/\/scf.se\/landsvag\/wp-json\/wp\/v2\/posts"}],"about":[{"href":"https:\/\/scf.se\/landsvag\/wp-json\/wp\/v2\/types\/post"}],"author":[{"embeddable":true,"href":"https:\/\/scf.se\/landsvag\/wp-json\/wp\/v2\/users\/41"}],"replies":[{"embeddable":true,"href":"https:\/\/scf.se\/landsvag\/wp-json\/wp\/v2\/comments?post=9034"}],"version-history":[{"count":3,"href":"https:\/\/scf.se\/landsvag\/wp-json\/wp\/v2\/posts\/9034\/revisions"}],"predecessor-version":[{"id":9043,"href":"https:\/\/scf.se\/landsvag\/wp-json\/wp\/v2\/posts\/9034\/revisions\/9043"}],"wp:featuredmedia":[{"embeddable":true,"href":"https:\/\/scf.se\/landsvag\/wp-json\/wp\/v2\/media\/9037"}],"wp:attachment":[{"href":"https:\/\/scf.se\/landsvag\/wp-json\/wp\/v2\/media?parent=9034"}],"wp:term":[{"taxonomy":"category","embeddable":true,"href":"https:\/\/scf.se\/landsvag\/wp-json\/wp\/v2\/categories?post=9034"},{"taxonomy":"post_tag","embeddable":true,"href":"https:\/\/scf.se\/landsvag\/wp-json\/wp\/v2\/tags?post=9034"}],"curies":[{"name":"wp","href":"https:\/\/api.w.org\/{rel}","templated":true}]}}