
{"id":8126,"date":"2026-03-11T09:33:29","date_gmt":"2026-03-11T08:33:29","guid":{"rendered":"https:\/\/scf.se\/landsvag\/?p=8126"},"modified":"2026-03-11T11:57:47","modified_gmt":"2026-03-11T10:57:47","slug":"anmalan-har-oppnat-till-swe-cup-premiarhelgen-i-landsvag","status":"publish","type":"post","link":"https:\/\/scf.se\/landsvag\/anmalan-har-oppnat-till-swe-cup-premiarhelgen-i-landsvag\/","title":{"rendered":"Anm\u00e4lan har \u00f6ppnat till SWE Cup-premi\u00e4rhelgen i landsv\u00e4g"},"content":{"rendered":"<p data-start=\"0\" data-end=\"271\"><strong>SWE Cup landsv\u00e4g f\u00e5r i \u00e5r en samlad premi\u00e4rhelg p\u00e5 tv\u00e5 orter med drygt tio mils reseavst\u00e5nd. L\u00f6rdag den 25 april avg\u00f6rs SWE Cup #1 i Kinnekulle och dagen d\u00e4rp\u00e5 forts\u00e4tter SWE Cup 2026 med den andra delt\u00e4vlingen i J\u00f6nk\u00f6ping. En annan nyhet inf\u00f6r \u00e5rets premi\u00e4rhelg \u00e4r att Kinnekulle testar att \u00e5terinf\u00f6ra mastersklasser i t\u00e4vlingsuppl\u00e4gget, utanf\u00f6r SWE Cup.<\/strong><\/p>\n<p data-start=\"273\" data-end=\"589\">\u00c5rets SWE Cup inleds allts\u00e5 i V\u00e4sterg\u00f6tland n\u00e4r den 21:a upplagan av Kinnekulle Energi-loppet k\u00f6rs p\u00e5 den klassiska banan runt Kinnekulle. T\u00e4vlingen genomf\u00f6rs inom ramen f\u00f6r ABC-systemet som inf\u00f6rdes i SWE Cup f\u00f6r tv\u00e5 \u00e5r sedan, d\u00e4r herrsidan delas in i klasserna A, B och C samt A och B f\u00f6r damer.<\/p>\n<p data-start=\"591\" data-end=\"1016\">En nyhet f\u00f6r \u00e5rets t\u00e4vling i Kinnekulle \u00e4r att arrang\u00f6ren CK U6 ut\u00f6ver ungdomsklasserna \u00e5terinf\u00f6r mastersklasser parallellt med ABC-systemet. Bakgrunden \u00e4r synpunkter fr\u00e5n cyklister som har saknat en egen start f\u00f6r masters i SWE Cup-sammanhang. Testet med mastersklasser blir den h\u00e4r g\u00e5ngen enbart p\u00e5 herrsidan f\u00f6r att f\u00e5 ihop tv\u00e5 tillr\u00e4ckligt stora klungor. Banan i Kinnekulle \u00e4r det vanliga, utmanande varvet p\u00e5 13,2 kilometer med m\u00e5l uppe p\u00e5 H\u00f6gkullen.<\/p>\n<p data-start=\"1018\" data-end=\"1333\">Dagen efter forts\u00e4tter premi\u00e4rhelgen i J\u00f6nk\u00f6ping. D\u00e4r k\u00f6rs de vanliga SWE Cup-klasserna p\u00e5 banan i omr\u00e5det kring Angerdshestra kyrka, Ek\u00e5sen och S\u00e4vdabo. J\u00f6nk\u00f6pings Cykelklubb-arrangemanget har start och m\u00e5l vid Angerdshestra kyrka f\u00f6r alla klasser utom Ungdom B. T\u00e4vlingsbanan g\u00e5r p\u00e5 asfalterade v\u00e4gar som slingrar sig upp och ned \u00f6ver landskapet.<\/p>\n<p data-start=\"1335\" data-end=\"1417\">H\u00e4r \u00e4r alla tider, klasser och banl\u00e4ngder under SWE Cup-premi\u00e4rhelgen p\u00e5 landsv\u00e4g.<\/p>\n<h3 data-start=\"1419\" data-end=\"1440\"><a href=\"https:\/\/scf.se\/landsvag\/wp-content\/uploads\/sites\/5\/2026\/03\/4G9A0747_JL_150p.jpg\"><img loading=\"lazy\" decoding=\"async\" class=\"alignnone size-full wp-image-8140\" src=\"https:\/\/scf.se\/landsvag\/wp-content\/uploads\/sites\/5\/2026\/03\/4G9A0747_JL_150p.jpg\" alt=\"\" width=\"2000\" height=\"1334\" srcset=\"https:\/\/scf.se\/landsvag\/wp-content\/uploads\/sites\/5\/2026\/03\/4G9A0747_JL_150p.jpg 2000w, https:\/\/scf.se\/landsvag\/wp-content\/uploads\/sites\/5\/2026\/03\/4G9A0747_JL_150p-300x200.jpg 300w, https:\/\/scf.se\/landsvag\/wp-content\/uploads\/sites\/5\/2026\/03\/4G9A0747_JL_150p-1024x683.jpg 1024w, https:\/\/scf.se\/landsvag\/wp-content\/uploads\/sites\/5\/2026\/03\/4G9A0747_JL_150p-768x512.jpg 768w, https:\/\/scf.se\/landsvag\/wp-content\/uploads\/sites\/5\/2026\/03\/4G9A0747_JL_150p-1536x1025.jpg 1536w\" sizes=\"auto, (max-width: 2000px) 100vw, 2000px\" \/><\/a><\/h3>\n<h3 data-start=\"1419\" data-end=\"1440\">SWE Cup #1 Kinnekulle<\/h3>\n<p data-start=\"1442\" data-end=\"1728\"><strong data-start=\"1442\" data-end=\"1451\">09.30<\/strong>: Herrar B, 108,6 km<br \/>\n<strong data-start=\"1472\" data-end=\"1481\">09.35<\/strong>: Herrar 30, 40, 50, 55, 82,6 km<strong data-start=\"1514\" data-end=\"1523\">09.37<\/strong>: Herrar 60, 65, 70, 75, 55,8 km<br \/>\n<strong data-start=\"1556\" data-end=\"1565\">13.00<\/strong>: Herrar C, 69,0 km<br \/>\n<strong data-start=\"1585\" data-end=\"1594\">13.00<\/strong>: Ungdom A, 29,4 km<br \/>\n<strong data-start=\"1614\" data-end=\"1623\">13.13<\/strong>: Ungdom B, 13,2 km<br \/>\n<strong data-start=\"1643\" data-end=\"1652\">13.30<\/strong>: Herrar A, 161,4 km<br \/>\n<strong data-start=\"1673\" data-end=\"1682\">15.30<\/strong>: Damer A, 82,2 km<br \/>\n<strong data-start=\"1701\" data-end=\"1710\">15.30<\/strong>: Damer B, 55,8 km<\/p>\n<ul>\n<li><em><strong><a href=\"https:\/\/www.sportstiming.se\/event\/17210\">Mer information och registrering till SWE Cup #1 i Kinnekulle finns h\u00e4r!\u00a0<\/a><\/strong><\/em><\/li>\n<\/ul>\n<h3 data-start=\"1730\" data-end=\"1750\"><a href=\"https:\/\/scf.se\/landsvag\/wp-content\/uploads\/sites\/5\/2026\/03\/Jonkopings-linjelopp-10.jpg\"><img loading=\"lazy\" decoding=\"async\" class=\"alignnone size-full wp-image-8141\" src=\"https:\/\/scf.se\/landsvag\/wp-content\/uploads\/sites\/5\/2026\/03\/Jonkopings-linjelopp-10.jpg\" alt=\"\" width=\"1663\" height=\"1035\" srcset=\"https:\/\/scf.se\/landsvag\/wp-content\/uploads\/sites\/5\/2026\/03\/Jonkopings-linjelopp-10.jpg 1663w, https:\/\/scf.se\/landsvag\/wp-content\/uploads\/sites\/5\/2026\/03\/Jonkopings-linjelopp-10-300x187.jpg 300w, https:\/\/scf.se\/landsvag\/wp-content\/uploads\/sites\/5\/2026\/03\/Jonkopings-linjelopp-10-1024x637.jpg 1024w, https:\/\/scf.se\/landsvag\/wp-content\/uploads\/sites\/5\/2026\/03\/Jonkopings-linjelopp-10-768x478.jpg 768w, https:\/\/scf.se\/landsvag\/wp-content\/uploads\/sites\/5\/2026\/03\/Jonkopings-linjelopp-10-1536x956.jpg 1536w, https:\/\/scf.se\/landsvag\/wp-content\/uploads\/sites\/5\/2026\/03\/Jonkopings-linjelopp-10-740x462.jpg 740w\" sizes=\"auto, (max-width: 1663px) 100vw, 1663px\" \/><\/a><\/h3>\n<h3 data-start=\"1730\" data-end=\"1750\">SWE Cup #2 J\u00f6nk\u00f6ping<\/h3>\n<p data-start=\"1752\" data-end=\"1954\"><strong data-start=\"1752\" data-end=\"1761\">09.00<\/strong>: Herrar B, 117,6 km<br \/>\n<strong data-start=\"1782\" data-end=\"1791\">09.10<\/strong>: Ungdom B, 14,1 km<br \/>\n<strong data-start=\"1811\" data-end=\"1820\">10.00<\/strong>: Ungdom A, 39,2 km<br \/>\n<strong data-start=\"1840\" data-end=\"1849\">10.00<\/strong>: Herrar C, 78,4 km<br \/>\n<strong data-start=\"1869\" data-end=\"1878\">12.15<\/strong>: Herrar A, 176,4 km<br \/>\n<strong data-start=\"1899\" data-end=\"1908\">14.25<\/strong>: Damer B, 58,8 km<br \/>\n<strong data-start=\"1927\" data-end=\"1936\">14.25<\/strong>: Damer A, 98,0 km<\/p>\n<ul>\n<li><a href=\"https:\/\/www.sportstiming.se\/event\/17663\"><em><strong>Mer information och registrering till SWE Cup #2 i J\u00f6nk\u00f6ping finns h\u00e4r!<\/strong><\/em><\/a><\/li>\n<\/ul>\n<h2>SWE Cup landsv\u00e4g 2026<\/h2>\n<ul>\n<li><strong>SWE Cup #1:<\/strong> Kinnekulle, 25 april.<\/li>\n<li><strong>SWE Cup #2:<\/strong> J\u00f6nk\u00f6ping, 26 april<\/li>\n<li><strong>SWE Cup #3:<\/strong> Lyngbyloppet 17 maj<\/li>\n<li><strong>SWE Cup #4:<\/strong> Nationaldagsloppet i Vallentuna, 6 juni<\/li>\n<li><strong>SWE Cup #5<\/strong>: Falun, 26 juli<\/li>\n<li><strong>SWE Cup #6<\/strong>: Svanesunds 3-dagars, 28\u201330 augusti<\/li>\n<\/ul>\n<h3><a href=\"https:\/\/scf.se\/landsvag\/swe-cup-landsvag-2026\/\"><em><strong>Anm\u00e4lningsl\u00e4nkar och annan info om SWE Cup uppdateras under \u00e5ret h\u00e4r, \u00e4ven t\u00e4vlingssregler.<\/strong><\/em><\/a><\/h3>\n<p><em>Text: SCF<br \/>\nFoto: Johan Linhart x 2 samt privat<\/em><\/p>\n<p>&nbsp;<\/p>\n","protected":false},"excerpt":{"rendered":"<p>SWE Cup landsv\u00e4g f\u00e5r i \u00e5r en samlad premi\u00e4rhelg p\u00e5 tv\u00e5 orter med drygt tio mils reseavst\u00e5nd. L\u00f6rdag den 25 april avg\u00f6rs SWE Cup #1 i Kinnekulle och dagen d\u00e4rp\u00e5 forts\u00e4tter SWE Cup 2026 med den andra delt\u00e4vlingen i J\u00f6nk\u00f6ping. En annan nyhet inf\u00f6r \u00e5rets premi\u00e4rhelg \u00e4r att Kinnekulle testar att \u00e5terinf\u00f6ra mastersklasser i<a href=\"https:\/\/scf.se\/landsvag\/anmalan-har-oppnat-till-swe-cup-premiarhelgen-i-landsvag\/\" class=\"news-card__more\"> &#8230;<\/a><\/p>\n","protected":false},"author":41,"featured_media":8137,"comment_status":"open","ping_status":"open","sticky":false,"template":"","format":"standard","meta":{"_acf_changed":false,"footnotes":""},"categories":[1],"tags":[],"class_list":["post-8126","post","type-post","status-publish","format-standard","hentry","category-landsvag"],"acf":[],"_links":{"self":[{"href":"https:\/\/scf.se\/landsvag\/wp-json\/wp\/v2\/posts\/8126","targetHints":{"allow":["GET"]}}],"collection":[{"href":"https:\/\/scf.se\/landsvag\/wp-json\/wp\/v2\/posts"}],"about":[{"href":"https:\/\/scf.se\/landsvag\/wp-json\/wp\/v2\/types\/post"}],"author":[{"embeddable":true,"href":"https:\/\/scf.se\/landsvag\/wp-json\/wp\/v2\/users\/41"}],"replies":[{"embeddable":true,"href":"https:\/\/scf.se\/landsvag\/wp-json\/wp\/v2\/comments?post=8126"}],"version-history":[{"count":12,"href":"https:\/\/scf.se\/landsvag\/wp-json\/wp\/v2\/posts\/8126\/revisions"}],"predecessor-version":[{"id":8158,"href":"https:\/\/scf.se\/landsvag\/wp-json\/wp\/v2\/posts\/8126\/revisions\/8158"}],"wp:featuredmedia":[{"embeddable":true,"href":"https:\/\/scf.se\/landsvag\/wp-json\/wp\/v2\/media\/8137"}],"wp:attachment":[{"href":"https:\/\/scf.se\/landsvag\/wp-json\/wp\/v2\/media?parent=8126"}],"wp:term":[{"taxonomy":"category","embeddable":true,"href":"https:\/\/scf.se\/landsvag\/wp-json\/wp\/v2\/categories?post=8126"},{"taxonomy":"post_tag","embeddable":true,"href":"https:\/\/scf.se\/landsvag\/wp-json\/wp\/v2\/tags?post=8126"}],"curies":[{"name":"wp","href":"https:\/\/api.w.org\/{rel}","templated":true}]}}