
{"id":7861,"date":"2025-09-30T18:09:59","date_gmt":"2025-09-30T16:09:59","guid":{"rendered":"https:\/\/scf.se\/landsvag\/?p=7861"},"modified":"2025-10-01T11:18:37","modified_gmt":"2025-10-01T09:18:37","slug":"jakob-soderqvist-ska-kora-em-trots-allt-och-testar-tempo-seniorelit","status":"publish","type":"post","link":"https:\/\/scf.se\/landsvag\/jakob-soderqvist-ska-kora-em-trots-allt-och-testar-tempo-seniorelit\/","title":{"rendered":"Jakob S\u00f6derqvist ska k\u00f6ra EM trots allt \u2013 och testar tempo i seniorelit"},"content":{"rendered":"<p data-pm-slice=\"1 1 []\"><strong>Nu n\u00e4r \u00e4ven den sista delen i EM-truppen till i franska Drome-Ardeche 1\u20135 oktober \u00e4r spikad st\u00e5r det klart att Jakob S\u00f6derqvist har ompr\u00f6vat det tidigare beslutet att avst\u00e5 Europam\u00e4sterskapen. VM-guldmedalj\u00f6ren i U23-tempoloppet i Rwanda kommer att st\u00e4lla upp i TT \u00e4ven p\u00e5 EM \u2013 och han g\u00f6r en mycket intressant start i seniorelit.<\/strong><em> (Uppdaterad version efter banrek tisdag.)<\/em><\/p>\n<blockquote>\n<p data-pm-slice=\"1 1 []\">\u201dJakob dr\u00f6mde att bli v\u00e4rldsm\u00e4stare i U23 och lyckades med det efter ett fantastiskt fint lopp. Men s\u00e5 ville han f\u00f6rl\u00e4nga tempos\u00e4songen och nu m\u00e4ta sig mot de allra b\u00e4sta i v\u00e4rlden f\u00f6r att se exakt var han st\u00e5r. Konkurrensen \u00e4r tuff men han dr\u00f6mmer om podiet s\u00e5 det ska bli v\u00e4ldigt kul att se \u00e4ven EM-loppet, s\u00e4ger f\u00f6rbundskaptenen Lucas Persson efter att delar av teamet har anv\u00e4nd varenda kubikcentimeter f\u00f6r att packa bussen och styra f\u00e4rden mot de syd\u00f6stra delarna av Frankrike.<\/p>\n<\/blockquote>\n<a href=\"https:\/\/scf.se\/landsvag\/wp-content\/uploads\/sites\/5\/2025\/09\/sprintcyclingagency_9092383_1_2000px.jpg\"><img loading=\"lazy\" decoding=\"async\" class=\"size-full wp-image-7663\" src=\"https:\/\/scf.se\/landsvag\/wp-content\/uploads\/sites\/5\/2025\/09\/sprintcyclingagency_9092383_1_2000px.jpg\" alt=\"\" width=\"2000\" height=\"1333\" srcset=\"https:\/\/scf.se\/landsvag\/wp-content\/uploads\/sites\/5\/2025\/09\/sprintcyclingagency_9092383_1_2000px.jpg 2000w, https:\/\/scf.se\/landsvag\/wp-content\/uploads\/sites\/5\/2025\/09\/sprintcyclingagency_9092383_1_2000px-300x200.jpg 300w, https:\/\/scf.se\/landsvag\/wp-content\/uploads\/sites\/5\/2025\/09\/sprintcyclingagency_9092383_1_2000px-1024x682.jpg 1024w, https:\/\/scf.se\/landsvag\/wp-content\/uploads\/sites\/5\/2025\/09\/sprintcyclingagency_9092383_1_2000px-768x512.jpg 768w, https:\/\/scf.se\/landsvag\/wp-content\/uploads\/sites\/5\/2025\/09\/sprintcyclingagency_9092383_1_2000px-1536x1024.jpg 1536w\" sizes=\"auto, (max-width: 2000px) 100vw, 2000px\" \/><\/a>\n<a href=\"https:\/\/scf.se\/landsvag\/wp-content\/uploads\/sites\/5\/2025\/09\/sprintcyclingagency_9092385_1_2000px-3-1.jpg\"><img loading=\"lazy\" decoding=\"async\" class=\"alignnone size-full wp-image-7740\" src=\"https:\/\/scf.se\/landsvag\/wp-content\/uploads\/sites\/5\/2025\/09\/sprintcyclingagency_9092385_1_2000px-3-1.jpg\" alt=\"\" width=\"1845\" height=\"1306\" srcset=\"https:\/\/scf.se\/landsvag\/wp-content\/uploads\/sites\/5\/2025\/09\/sprintcyclingagency_9092385_1_2000px-3-1.jpg 1845w, https:\/\/scf.se\/landsvag\/wp-content\/uploads\/sites\/5\/2025\/09\/sprintcyclingagency_9092385_1_2000px-3-1-300x212.jpg 300w, https:\/\/scf.se\/landsvag\/wp-content\/uploads\/sites\/5\/2025\/09\/sprintcyclingagency_9092385_1_2000px-3-1-1024x725.jpg 1024w, https:\/\/scf.se\/landsvag\/wp-content\/uploads\/sites\/5\/2025\/09\/sprintcyclingagency_9092385_1_2000px-3-1-768x544.jpg 768w, https:\/\/scf.se\/landsvag\/wp-content\/uploads\/sites\/5\/2025\/09\/sprintcyclingagency_9092385_1_2000px-3-1-1536x1087.jpg 1536w, https:\/\/scf.se\/landsvag\/wp-content\/uploads\/sites\/5\/2025\/09\/sprintcyclingagency_9092385_1_2000px-3-1-662x468.jpg 662w\" sizes=\"auto, (max-width: 1845px) 100vw, 1845px\" \/><\/a>\n<a href=\"https:\/\/scf.se\/landsvag\/wp-content\/uploads\/sites\/5\/2025\/09\/sprintcyclingagency_9092348_1_2000px-1.jpg\"><img loading=\"lazy\" decoding=\"async\" class=\"alignnone size-full wp-image-7662\" src=\"https:\/\/scf.se\/landsvag\/wp-content\/uploads\/sites\/5\/2025\/09\/sprintcyclingagency_9092348_1_2000px-1.jpg\" alt=\"\" width=\"1081\" height=\"1052\" srcset=\"https:\/\/scf.se\/landsvag\/wp-content\/uploads\/sites\/5\/2025\/09\/sprintcyclingagency_9092348_1_2000px-1.jpg 1081w, https:\/\/scf.se\/landsvag\/wp-content\/uploads\/sites\/5\/2025\/09\/sprintcyclingagency_9092348_1_2000px-1-300x292.jpg 300w, https:\/\/scf.se\/landsvag\/wp-content\/uploads\/sites\/5\/2025\/09\/sprintcyclingagency_9092348_1_2000px-1-1024x997.jpg 1024w, https:\/\/scf.se\/landsvag\/wp-content\/uploads\/sites\/5\/2025\/09\/sprintcyclingagency_9092348_1_2000px-1-768x747.jpg 768w\" sizes=\"auto, (max-width: 1081px) 100vw, 1081px\" \/><\/a>\n<div id=\"attachment_7741\" class=\"wp-caption alignnone\" ><a href=\"https:\/\/scf.se\/landsvag\/wp-content\/uploads\/sites\/5\/2025\/09\/sprintcyclingagency_9092379_1_2000px.jpg\"><img loading=\"lazy\" decoding=\"async\" class=\"size-full wp-image-7741\" src=\"https:\/\/scf.se\/landsvag\/wp-content\/uploads\/sites\/5\/2025\/09\/sprintcyclingagency_9092379_1_2000px.jpg\" alt=\"\" width=\"2000\" height=\"1333\" srcset=\"https:\/\/scf.se\/landsvag\/wp-content\/uploads\/sites\/5\/2025\/09\/sprintcyclingagency_9092379_1_2000px.jpg 2000w, https:\/\/scf.se\/landsvag\/wp-content\/uploads\/sites\/5\/2025\/09\/sprintcyclingagency_9092379_1_2000px-300x200.jpg 300w, https:\/\/scf.se\/landsvag\/wp-content\/uploads\/sites\/5\/2025\/09\/sprintcyclingagency_9092379_1_2000px-1024x682.jpg 1024w, https:\/\/scf.se\/landsvag\/wp-content\/uploads\/sites\/5\/2025\/09\/sprintcyclingagency_9092379_1_2000px-768x512.jpg 768w, https:\/\/scf.se\/landsvag\/wp-content\/uploads\/sites\/5\/2025\/09\/sprintcyclingagency_9092379_1_2000px-1536x1024.jpg 1536w\" sizes=\"auto, (max-width: 2000px) 100vw, 2000px\" \/><\/a><p class=\"wp-caption-text\"><em>Jakob S\u00f6derqvist finns med p\u00e5 EM i tempo i Frankrike och nu byter han fr\u00e5n U23 f\u00f6r att testa seniorelit. Foto: Luca Bettini\/ Sprintcycling Agency<\/em><\/p><\/div>\n<h2>Sveriges EM-lag tempo<\/h2>\n<h3>Herrar elit<\/h3>\n<ul>\n<li><strong>Jakob S\u00f6derqvist<\/strong>, Lidl-Trek<\/li>\n<\/ul>\n<h3>Damer U23<\/h3>\n<ul>\n<li><strong>Stina Kagevi<\/strong>, Team Coop &#8211; Repsol<\/li>\n<\/ul>\n<h3>Herrjunior<\/h3>\n<ul>\n<li><strong>Vilgot Reinhold<\/strong>, CK Ringen<\/li>\n<\/ul>\n<p>Det \u00e4r minst sagt lite tid f\u00f6r Jakob S\u00f6derqvist att ladda om n\u00e4r han nu testar seniorelitklassen p\u00e5 ett internationellt tempom\u00e4sterskap f\u00f6r f\u00f6rsta g\u00e5ngen. Detta efter EM- och VM-silver i U23 f\u00f6rra \u00e5ret och det fantastiska VM-guldloppet fr\u00e5n Rwanda h\u00e4rom veckan.<\/p>\n<p>Liksom i VM k\u00f6r junioren Vilgot Reinhold och U23-cyklisten Stina Kagevi, som b\u00e5da gjorde riktigt bra tempolopp i Kigali, b\u00e5de disciplinerna p\u00e5 EM. De k\u00f6r f\u00f6r \u00f6vrigt alla tre samma banstr\u00e4ckning \u00f6ver 24 kilometer. Vi bad assisterande f\u00f6rbundskaptenen och tempospecialisten Alexander Wetterhall analysera EM-banan i Frankrike i onsdagens tre svenska tempostarter.<\/p>\n<a href=\"https:\/\/scf.se\/landsvag\/wp-content\/uploads\/sites\/5\/2025\/09\/dc2c9e33c80419bc17afba1eb7650836.jpeg\"><img loading=\"lazy\" decoding=\"async\" class=\"alignnone size-full wp-image-7882\" src=\"https:\/\/scf.se\/landsvag\/wp-content\/uploads\/sites\/5\/2025\/09\/dc2c9e33c80419bc17afba1eb7650836.jpeg\" alt=\"\" width=\"1179\" height=\"884\" srcset=\"https:\/\/scf.se\/landsvag\/wp-content\/uploads\/sites\/5\/2025\/09\/dc2c9e33c80419bc17afba1eb7650836.jpeg 1179w, https:\/\/scf.se\/landsvag\/wp-content\/uploads\/sites\/5\/2025\/09\/dc2c9e33c80419bc17afba1eb7650836-300x225.jpeg 300w, https:\/\/scf.se\/landsvag\/wp-content\/uploads\/sites\/5\/2025\/09\/dc2c9e33c80419bc17afba1eb7650836-1024x768.jpeg 1024w, https:\/\/scf.se\/landsvag\/wp-content\/uploads\/sites\/5\/2025\/09\/dc2c9e33c80419bc17afba1eb7650836-768x576.jpeg 768w\" sizes=\"auto, (max-width: 1179px) 100vw, 1179px\" \/><\/a> <a href=\"https:\/\/scf.se\/landsvag\/wp-content\/uploads\/sites\/5\/2025\/09\/d48cd998e4a6a0d3c78f34b00bd6fb8c.jpg\"><img loading=\"lazy\" decoding=\"async\" class=\"alignnone size-full wp-image-7885\" src=\"https:\/\/scf.se\/landsvag\/wp-content\/uploads\/sites\/5\/2025\/09\/d48cd998e4a6a0d3c78f34b00bd6fb8c.jpg\" alt=\"\" width=\"1149\" height=\"764\" srcset=\"https:\/\/scf.se\/landsvag\/wp-content\/uploads\/sites\/5\/2025\/09\/d48cd998e4a6a0d3c78f34b00bd6fb8c.jpg 1149w, https:\/\/scf.se\/landsvag\/wp-content\/uploads\/sites\/5\/2025\/09\/d48cd998e4a6a0d3c78f34b00bd6fb8c-300x199.jpg 300w, https:\/\/scf.se\/landsvag\/wp-content\/uploads\/sites\/5\/2025\/09\/d48cd998e4a6a0d3c78f34b00bd6fb8c-1024x681.jpg 1024w, https:\/\/scf.se\/landsvag\/wp-content\/uploads\/sites\/5\/2025\/09\/d48cd998e4a6a0d3c78f34b00bd6fb8c-768x511.jpg 768w\" sizes=\"auto, (max-width: 1149px) 100vw, 1149px\" \/><\/a> <a href=\"https:\/\/scf.se\/landsvag\/wp-content\/uploads\/sites\/5\/2025\/09\/762cb626bd011f83c75675e4579ae7fd.jpg\"><img loading=\"lazy\" decoding=\"async\" class=\"alignnone size-full wp-image-7883\" src=\"https:\/\/scf.se\/landsvag\/wp-content\/uploads\/sites\/5\/2025\/09\/762cb626bd011f83c75675e4579ae7fd.jpg\" alt=\"\" width=\"1110\" height=\"1249\" srcset=\"https:\/\/scf.se\/landsvag\/wp-content\/uploads\/sites\/5\/2025\/09\/762cb626bd011f83c75675e4579ae7fd.jpg 1110w, https:\/\/scf.se\/landsvag\/wp-content\/uploads\/sites\/5\/2025\/09\/762cb626bd011f83c75675e4579ae7fd-267x300.jpg 267w, https:\/\/scf.se\/landsvag\/wp-content\/uploads\/sites\/5\/2025\/09\/762cb626bd011f83c75675e4579ae7fd-910x1024.jpg 910w, https:\/\/scf.se\/landsvag\/wp-content\/uploads\/sites\/5\/2025\/09\/762cb626bd011f83c75675e4579ae7fd-768x864.jpg 768w\" sizes=\"auto, (max-width: 1110px) 100vw, 1110px\" \/><\/a> <a href=\"https:\/\/scf.se\/landsvag\/wp-content\/uploads\/sites\/5\/2025\/09\/67849c96aa9eca173bc4a9794861db1c.jpg\"><img loading=\"lazy\" decoding=\"async\" class=\"alignnone size-full wp-image-7884\" src=\"https:\/\/scf.se\/landsvag\/wp-content\/uploads\/sites\/5\/2025\/09\/67849c96aa9eca173bc4a9794861db1c.jpg\" alt=\"\" width=\"1179\" height=\"1344\" srcset=\"https:\/\/scf.se\/landsvag\/wp-content\/uploads\/sites\/5\/2025\/09\/67849c96aa9eca173bc4a9794861db1c.jpg 1179w, https:\/\/scf.se\/landsvag\/wp-content\/uploads\/sites\/5\/2025\/09\/67849c96aa9eca173bc4a9794861db1c-263x300.jpg 263w, https:\/\/scf.se\/landsvag\/wp-content\/uploads\/sites\/5\/2025\/09\/67849c96aa9eca173bc4a9794861db1c-898x1024.jpg 898w, https:\/\/scf.se\/landsvag\/wp-content\/uploads\/sites\/5\/2025\/09\/67849c96aa9eca173bc4a9794861db1c-768x875.jpg 768w\" sizes=\"auto, (max-width: 1179px) 100vw, 1179px\" \/><\/a>\n<blockquote><p>&#8221;En ganska &#8217;rullande&#8217; bana med m\u00e5nga \u00f6ppna partier men det finns tv\u00e5 betydande backar kan man s\u00e4ga. Den f\u00f6rsta kommer efter tolv kilometer n\u00e4r man kommer in i byn Allex och s\u00e5 \u00e4r det ju m\u00e5lbacken. Den k\u00e4ndes v\u00e4ldigt rej\u00e4l n\u00e4r vi tittade p\u00e5 banprofilen men n\u00e4r vi k\u00f6rde den i dag upplevdes den inte lika illa. Den \u00e4r kommer med 1,2 kilometer kvar och \u00e4r 1,1 kilometer l\u00e5ng och har en snittlutning p\u00e5 4,4 procent, som brantast upp emot 8 procent. Det \u00e4r inte s\u00e5 mycket i sig men den kommer ju precis p\u00e5 slutet s\u00e5 det g\u00e4ller att spara lite krut till den&#8221;, s\u00e4ger Wetterhall.<\/p><\/blockquote>\n<p>Tempoloppet mellan Loriol-sur-Drome och \u00c9toile-sur-Rhone, inneh\u00e5ller 214 h\u00f6jdmeter.<\/p>\n<blockquote><p>&#8221;Sedan v\u00e4ntas det motvind \u00f6ver de \u00f6ppna partierna s\u00e5 det g\u00e4ller verkligen att f\u00e5 med sig farten fr\u00e5n nedf\u00f6rsbackarna f\u00f6r att f\u00e5 till ett s\u00e5 h\u00f6gt snitt som m\u00f6jligt p\u00e5 den h\u00e4r banan d\u00e4r vi ju startar i en ort och kommer i m\u00e5l i en annan.<\/p>\n<p>&#8221;Det ska bli en utmaning att se till att vi f\u00e5r till det h\u00e4r p\u00e5 ett bra s\u00e4tt. Det k\u00e4nns som att alla tre cyklisterna \u00e4r v\u00e4ldigt taggade. De har haft en t\u00e4tt inp\u00e5-resa fr\u00e5n Kigali men det har ju de flesta av deras motst\u00e5ndare ocks\u00e5 haft.&#8221;<\/p><\/blockquote>\n<p>Om man silar ner motst\u00e5ndarna i herrelit s\u00e4ger Alexander Wetterhall s\u00e5 h\u00e4r:<\/p>\n<blockquote><p>&#8221;F\u00f6rutom Remco Evenepoel (belgiske v\u00e4rldsm\u00e4staren de senaste tre \u00e5ren och regerande olympiam\u00e4staren i tempo) \u00e4r det Filippo Ganna som ju inte k\u00f6rde VM utan tydligen satsade allt p\u00e5 detta m\u00e4sterskap. Men det skulle kunna bli medalj f\u00f6r Jakob och det k\u00e4nns f\u00f6rst\u00e5s v\u00e4ldigt sp\u00e4nnande.&#8221;<\/p><\/blockquote>\n<p>Vi noterar att Jakob S\u00f6derqvists teamkompis i Lidl-Trek, danska storstj\u00e4rnan Mads Pedersen, k\u00f6r EM-tempot. Belgare nummer tv\u00e5 \u00e4r Alec Segaert. Vi har exempelvis tv\u00e5 p\u00e5 papperet vassa schweizare och britter, ja kolla sj\u00e4lva in startlistan som finns p\u00e5 <a href=\"https:\/\/www.uec.ch\/en\/event\/260\/2025-uec-road-european-championships\"><em><strong>UEC:s EM-sida<\/strong> <\/em><\/a>och <a href=\"https:\/\/www.procyclingstats.com\/race\/uec-road-european-championships-itt\/2025\/startlist\"><em><strong>Procyclingstats<\/strong><\/em>.<\/a><\/p>\n<h3>***<\/h3>\n<p>I damelitens linjelopp g\u00e5r Julia Borgstr\u00f6m in i EM-laget och d\u00e4rmed f\u00e5r Caroline Andersson, som var elva i VM-linjeloppet i Kigali, till skillnad fr\u00e5n i l\u00f6rdags en svensk lagkompis.<\/p>\n<p>I det i \u00e5r s\u00e5 sp\u00e4nnande juniorlaget tillkommer Vilmer Ekman, som nyligen skrev p\u00e5 f\u00f6r det svenska contilaget Lucky Sport Cycling Team till n\u00e4sta \u00e5r \u2013 \u00f6verg\u00e5ng 1 januari.<\/p>\n<div id=\"attachment_7843\" class=\"wp-caption alignnone\" ><a href=\"https:\/\/scf.se\/landsvag\/wp-content\/uploads\/sites\/5\/2025\/09\/sprintcyclingagency_9094111_1_2000px-1.jpg\"><img loading=\"lazy\" decoding=\"async\" class=\"size-full wp-image-7843\" src=\"https:\/\/scf.se\/landsvag\/wp-content\/uploads\/sites\/5\/2025\/09\/sprintcyclingagency_9094111_1_2000px-1.jpg\" alt=\"\" width=\"2000\" height=\"1333\" srcset=\"https:\/\/scf.se\/landsvag\/wp-content\/uploads\/sites\/5\/2025\/09\/sprintcyclingagency_9094111_1_2000px-1.jpg 2000w, https:\/\/scf.se\/landsvag\/wp-content\/uploads\/sites\/5\/2025\/09\/sprintcyclingagency_9094111_1_2000px-1-300x200.jpg 300w, https:\/\/scf.se\/landsvag\/wp-content\/uploads\/sites\/5\/2025\/09\/sprintcyclingagency_9094111_1_2000px-1-1024x682.jpg 1024w, https:\/\/scf.se\/landsvag\/wp-content\/uploads\/sites\/5\/2025\/09\/sprintcyclingagency_9094111_1_2000px-1-768x512.jpg 768w, https:\/\/scf.se\/landsvag\/wp-content\/uploads\/sites\/5\/2025\/09\/sprintcyclingagency_9094111_1_2000px-1-1536x1024.jpg 1536w\" sizes=\"auto, (max-width: 2000px) 100vw, 2000px\" \/><\/a><p class=\"wp-caption-text\"><em>VM-elvan Caroline Andersson k\u00f6r EM i ett tv\u00e5 cyklister stort lag nu n\u00e4r Julia Borgstr\u00f6m ansluter.\u00a0 Foto: Luca Bettini\/ Sprintcycling Agency<\/em><\/p><\/div>\n<h2>Sveriges EM-lag linjelopp<\/h2>\n<h3>Damer elit<\/h3>\n<ul>\n<li><strong>Caroline Andersson<\/strong>, Liv AlUla Jayco<\/li>\n<li><strong>Julia Borgstr\u00f6m,<\/strong> AG Insurance &#8211; Soudal Team<\/li>\n<\/ul>\n<h3>Damer U23<\/h3>\n<ul>\n<li><strong>Stina Kagevi<\/strong>, Team Coop &#8211; Repsol<\/li>\n<li><strong>Karin S\u00f6derqvist<\/strong>, Team Coop &#8211; Repsol<\/li>\n<\/ul>\n<h3>Herrjunior<\/h3>\n<ul>\n<li><strong>Elias W\u00e4ndel,<\/strong> M\u00f6lndals CK<\/li>\n<li><strong>Vilgot Reinhold<\/strong>, CK Ringen<\/li>\n<li><strong>Vilmer Ekman<\/strong>, Bauhaus, SK<\/li>\n<\/ul>\n<blockquote><p>&#8221;Ja, Julia tillkommer i damelit vilket \u00e4r bra. Vi kommer att ha nytta av tv\u00e5 \u00e5kare p\u00e5 den h\u00e4r banan. Den \u00e4r ganska tuff men det finns l\u00e4ttare partier d\u00e4r man tj\u00e4nar mycket p\u00e5 att inte bara ensam. Vilmer har k\u00f6rt bra under \u00e5ret i ett bra juniorlag, s\u00e5 n\u00e4r vi fick k\u00f6ra med tre herrjuniorer f\u00f6rtj\u00e4nade han den h\u00e4r chansen&#8221;, s\u00e4ger Lucas Persson, som\u00a0 har f\u00f6ljande ledarteam med sig p\u00e5 EM.<\/p><\/blockquote>\n<h3>Ledarteamet<\/h3>\n<ul>\n<li>Coacher: Lucas Persson, Alexander Wetterhall, Ola Nilsson<\/li>\n<li>Mass\u00f6r\/ soigneur: Ninna J\u00f6rgensen<\/li>\n<li>Mekaniker: Eric Herlitz, Simon Spiesz, Mattias Israelsson<\/li>\n<\/ul>\n<p>Herrelitens tempo streamas p\u00e5 HBO Max\/ Discovery+ onsdag 1 oktober fr\u00e5n kl 15.40. Damelitens linjelopp g\u00e5r l\u00f6rdag 4 oktober p\u00e5 Eurosport 1 fr\u00e5n kl 15.00 samt HBO Max\/ Discovery+ kl 13.50. Detta enligt tabl\u00e5er under m\u00e5ndagen. Mer info kommer och d\u00e5 \u00e4ven eventuella m\u00f6jligheter att se vissa av de \u00f6vriga EM-loppen p\u00e5 Youtube.<\/p>\n<p><em>Text: Tomas Larsson\/ SCF<\/em><br \/>\n<em>Foto: Luca Bettini\/ Sprintcycling Agency (fr\u00e5n VM) och SCF (fr\u00e5n EM-rek)<\/em><\/p>\n<p>&nbsp;<\/p>\n<p>&nbsp;<\/p>\n<p>&nbsp;<\/p>\n<p>&nbsp;<\/p>\n<p>&nbsp;<\/p>\n","protected":false},"excerpt":{"rendered":"<p>Nu n\u00e4r \u00e4ven den sista delen i EM-truppen till i franska Drome-Ardeche 1\u20135 oktober \u00e4r spikad st\u00e5r det klart att Jakob S\u00f6derqvist har ompr\u00f6vat det tidigare beslutet att avst\u00e5 Europam\u00e4sterskapen. VM-guldmedalj\u00f6ren i U23-tempoloppet i Rwanda kommer att st\u00e4lla upp i TT \u00e4ven p\u00e5 EM \u2013 och han g\u00f6r en mycket intressant start i seniorelit.<a href=\"https:\/\/scf.se\/landsvag\/jakob-soderqvist-ska-kora-em-trots-allt-och-testar-tempo-seniorelit\/\" class=\"news-card__more\"> &#8230;<\/a><\/p>\n","protected":false},"author":41,"featured_media":7663,"comment_status":"open","ping_status":"open","sticky":true,"template":"","format":"standard","meta":{"_acf_changed":false,"footnotes":""},"categories":[1],"tags":[],"class_list":["post-7861","post","type-post","status-publish","format-standard","hentry","category-landsvag"],"acf":[],"_links":{"self":[{"href":"https:\/\/scf.se\/landsvag\/wp-json\/wp\/v2\/posts\/7861","targetHints":{"allow":["GET"]}}],"collection":[{"href":"https:\/\/scf.se\/landsvag\/wp-json\/wp\/v2\/posts"}],"about":[{"href":"https:\/\/scf.se\/landsvag\/wp-json\/wp\/v2\/types\/post"}],"author":[{"embeddable":true,"href":"https:\/\/scf.se\/landsvag\/wp-json\/wp\/v2\/users\/41"}],"replies":[{"embeddable":true,"href":"https:\/\/scf.se\/landsvag\/wp-json\/wp\/v2\/comments?post=7861"}],"version-history":[{"count":25,"href":"https:\/\/scf.se\/landsvag\/wp-json\/wp\/v2\/posts\/7861\/revisions"}],"predecessor-version":[{"id":7868,"href":"https:\/\/scf.se\/landsvag\/wp-json\/wp\/v2\/posts\/7861\/revisions\/7868"}],"wp:featuredmedia":[{"embeddable":true,"href":"https:\/\/scf.se\/landsvag\/wp-json\/wp\/v2\/media\/7663"}],"wp:attachment":[{"href":"https:\/\/scf.se\/landsvag\/wp-json\/wp\/v2\/media?parent=7861"}],"wp:term":[{"taxonomy":"category","embeddable":true,"href":"https:\/\/scf.se\/landsvag\/wp-json\/wp\/v2\/categories?post=7861"},{"taxonomy":"post_tag","embeddable":true,"href":"https:\/\/scf.se\/landsvag\/wp-json\/wp\/v2\/tags?post=7861"}],"curies":[{"name":"wp","href":"https:\/\/api.w.org\/{rel}","templated":true}]}}