
{"id":7687,"date":"2025-09-24T08:26:50","date_gmt":"2025-09-24T06:26:50","guid":{"rendered":"https:\/\/scf.se\/landsvag\/?p=7687"},"modified":"2025-09-24T09:55:21","modified_gmt":"2025-09-24T07:55:21","slug":"vilgot-reinhold-korde-sa-ratt-och-slutade-atta-i-juniorernas-vm-tempo","status":"publish","type":"post","link":"https:\/\/scf.se\/landsvag\/vilgot-reinhold-korde-sa-ratt-och-slutade-atta-i-juniorernas-vm-tempo\/","title":{"rendered":"Vilgot Reinhold k\u00f6rde s\u00e5 r\u00e4tt och slutade \u00e5tta i juniorernas VM-tempo"},"content":{"rendered":"<p><strong>Vilgot Reinhold levererade ett mycket starkt tempolopp i juniorernas VM i Kigali, Rwanda. Vilgot fick sitta ganska l\u00e4nge i ledarstolen vid m\u00e5let och slutade till sist \u00e5tta. &#8221;V\u00e4ldigt bra k\u00f6rt och tekniskt r\u00e4tt&#8221;, s\u00e4ger assisterande f\u00f6rbundskaptenen Alexander Wetterhall.<\/strong><\/p>\n<a href=\"https:\/\/scf.se\/landsvag\/wp-content\/uploads\/sites\/5\/2025\/09\/Vilgot-innan-start.jpg\"><img loading=\"lazy\" decoding=\"async\" class=\"alignnone size-full wp-image-7706\" src=\"https:\/\/scf.se\/landsvag\/wp-content\/uploads\/sites\/5\/2025\/09\/Vilgot-innan-start.jpg\" alt=\"\" width=\"1316\" height=\"1397\" srcset=\"https:\/\/scf.se\/landsvag\/wp-content\/uploads\/sites\/5\/2025\/09\/Vilgot-innan-start.jpg 1316w, https:\/\/scf.se\/landsvag\/wp-content\/uploads\/sites\/5\/2025\/09\/Vilgot-innan-start-283x300.jpg 283w, https:\/\/scf.se\/landsvag\/wp-content\/uploads\/sites\/5\/2025\/09\/Vilgot-innan-start-965x1024.jpg 965w, https:\/\/scf.se\/landsvag\/wp-content\/uploads\/sites\/5\/2025\/09\/Vilgot-innan-start-768x815.jpg 768w\" sizes=\"auto, (max-width: 1316px) 100vw, 1316px\" \/><\/a>\n<p>Med en ganska tidig startposition var han snabbt uppe i t\u00e4tstriden och besegrade den spanjor som han tampades n\u00e4rmast med p\u00e5 mellantiderna. Efter den s\u00e5 tuffa kullerstensbacken uppe vid m\u00e5let gick han upp i ledning, till slut var det amerikanen Beckham Drake som lyckades sl\u00e5 tiden \u2013 och d\u00e5 med dryga halvminuten.<\/p>\n<div id=\"attachment_7691\" class=\"wp-caption alignnone\" ><a href=\"https:\/\/scf.se\/landsvag\/wp-content\/uploads\/sites\/5\/2025\/09\/sprintcyclingagency_9092601_1_2000px-1.jpg\"><img loading=\"lazy\" decoding=\"async\" class=\"size-full wp-image-7691\" src=\"https:\/\/scf.se\/landsvag\/wp-content\/uploads\/sites\/5\/2025\/09\/sprintcyclingagency_9092601_1_2000px-1.jpg\" alt=\"\" width=\"2000\" height=\"1333\" srcset=\"https:\/\/scf.se\/landsvag\/wp-content\/uploads\/sites\/5\/2025\/09\/sprintcyclingagency_9092601_1_2000px-1.jpg 2000w, https:\/\/scf.se\/landsvag\/wp-content\/uploads\/sites\/5\/2025\/09\/sprintcyclingagency_9092601_1_2000px-1-300x200.jpg 300w, https:\/\/scf.se\/landsvag\/wp-content\/uploads\/sites\/5\/2025\/09\/sprintcyclingagency_9092601_1_2000px-1-1024x682.jpg 1024w, https:\/\/scf.se\/landsvag\/wp-content\/uploads\/sites\/5\/2025\/09\/sprintcyclingagency_9092601_1_2000px-1-768x512.jpg 768w, https:\/\/scf.se\/landsvag\/wp-content\/uploads\/sites\/5\/2025\/09\/sprintcyclingagency_9092601_1_2000px-1-1536x1024.jpg 1536w\" sizes=\"auto, (max-width: 2000px) 100vw, 2000px\" \/><\/a><p class=\"wp-caption-text\"><em>Vilgot Reinhold gjorde ett v\u00e4ldigt bra tempolopp och slutade \u00e5tta p\u00e5 herrjuniorernas VM i Rwandas huvudstad Kigali.\u00a0 Foto: Luca Bettini\/Sprintcycling Agency\u00a0<\/em><\/p><\/div>\n<p>Men insatsen visade igen att tempo verkligen \u00e4r en gren som passar Reinhold, och att det svenska juniorlandslaget forts\u00e4tter sin fina s\u00e4song. S\u00e5 h\u00e4r summerar assisterande f\u00f6rbundskapten Alexander Wetterhall loppet:<\/p>\n<a href=\"https:\/\/scf.se\/landsvag\/wp-content\/uploads\/sites\/5\/2025\/09\/sprintcyclingagency_9092595_1_2000px-1.jpg\"><img loading=\"lazy\" decoding=\"async\" class=\"size-full wp-image-7693\" src=\"https:\/\/scf.se\/landsvag\/wp-content\/uploads\/sites\/5\/2025\/09\/sprintcyclingagency_9092595_1_2000px-1.jpg\" alt=\"\" width=\"1500\" height=\"2000\" srcset=\"https:\/\/scf.se\/landsvag\/wp-content\/uploads\/sites\/5\/2025\/09\/sprintcyclingagency_9092595_1_2000px-1.jpg 1500w, https:\/\/scf.se\/landsvag\/wp-content\/uploads\/sites\/5\/2025\/09\/sprintcyclingagency_9092595_1_2000px-1-225x300.jpg 225w, https:\/\/scf.se\/landsvag\/wp-content\/uploads\/sites\/5\/2025\/09\/sprintcyclingagency_9092595_1_2000px-1-768x1024.jpg 768w, https:\/\/scf.se\/landsvag\/wp-content\/uploads\/sites\/5\/2025\/09\/sprintcyclingagency_9092595_1_2000px-1-1152x1536.jpg 1152w\" sizes=\"auto, (max-width: 1500px) 100vw, 1500px\" \/><\/a>\n<blockquote><p>&#8221;Vilgot k\u00f6rde ett mycket bra tekniskt utf\u00f6rt tempolopp. Inte n\u00e5got att s\u00e4ga om det. Det var ett MYCKET BRA genomf\u00f6rt d\u00e4r han visar p\u00e5 att han kan k\u00f6ra tempo p\u00e5 en mycket h\u00f6g niv\u00e5 och han fick ju sitta i &#8221;hot seat&#8221; som ledare ganska l\u00e4nge innan en amerikan kom in och tog den platsen&#8221;, rapporterar Alexander Wetterhall.<\/p><\/blockquote>\n<a href=\"https:\/\/scf.se\/landsvag\/wp-content\/uploads\/sites\/5\/2025\/09\/sprintcyclingagency_9092598_1_2000px-1.jpg\"><img loading=\"lazy\" decoding=\"async\" class=\"size-full wp-image-7692\" src=\"https:\/\/scf.se\/landsvag\/wp-content\/uploads\/sites\/5\/2025\/09\/sprintcyclingagency_9092598_1_2000px-1.jpg\" alt=\"\" width=\"1333\" height=\"2000\" srcset=\"https:\/\/scf.se\/landsvag\/wp-content\/uploads\/sites\/5\/2025\/09\/sprintcyclingagency_9092598_1_2000px-1.jpg 1333w, https:\/\/scf.se\/landsvag\/wp-content\/uploads\/sites\/5\/2025\/09\/sprintcyclingagency_9092598_1_2000px-1-200x300.jpg 200w, https:\/\/scf.se\/landsvag\/wp-content\/uploads\/sites\/5\/2025\/09\/sprintcyclingagency_9092598_1_2000px-1-682x1024.jpg 682w, https:\/\/scf.se\/landsvag\/wp-content\/uploads\/sites\/5\/2025\/09\/sprintcyclingagency_9092598_1_2000px-1-768x1152.jpg 768w, https:\/\/scf.se\/landsvag\/wp-content\/uploads\/sites\/5\/2025\/09\/sprintcyclingagency_9092598_1_2000px-1-1024x1536.jpg 1024w\" sizes=\"auto, (max-width: 1333px) 100vw, 1333px\" \/><\/a>\n<p>Det var v\u00e4ldigt bra snittider i loppet med tanke p\u00e5 att \u00e4nd\u00e5 350 h\u00f6jdmeter skulle tas \u00f6ver de 22,6 kilometerna runt 1600 \u00f6ver havet, varav den sista med kullersten \u00e4r brutal som tidigare har noteras n\u00e4r nu den individuella tempodelen av VM har avslutats.<\/p>\n<a href=\"https:\/\/scf.se\/landsvag\/wp-content\/uploads\/sites\/5\/2025\/09\/sprintcyclingagency_9092594_1_2000px.jpg\"><img loading=\"lazy\" decoding=\"async\" class=\"alignnone size-full wp-image-7716\" src=\"https:\/\/scf.se\/landsvag\/wp-content\/uploads\/sites\/5\/2025\/09\/sprintcyclingagency_9092594_1_2000px.jpg\" alt=\"\" width=\"800\" height=\"533\" srcset=\"https:\/\/scf.se\/landsvag\/wp-content\/uploads\/sites\/5\/2025\/09\/sprintcyclingagency_9092594_1_2000px.jpg 800w, https:\/\/scf.se\/landsvag\/wp-content\/uploads\/sites\/5\/2025\/09\/sprintcyclingagency_9092594_1_2000px-300x200.jpg 300w, https:\/\/scf.se\/landsvag\/wp-content\/uploads\/sites\/5\/2025\/09\/sprintcyclingagency_9092594_1_2000px-768x512.jpg 768w\" sizes=\"auto, (max-width: 800px) 100vw, 800px\" \/><\/a>\n<p>S\u00e5 h\u00e4r slutade herrjuniorernas lopp med en mycket j\u00e4mn medaljstrid och s\u00e5 svenskt p\u00e5 \u00e5ttondeplats. Platssiffrorna f\u00f6r de tre svenska tempocyklisterna i VM Stina Kagevi, Jakob S\u00f6derqvist och Vilgot Reinhold imponerar: 13, 1 och s\u00e5 8.<\/p>\n<a href=\"https:\/\/scf.se\/landsvag\/wp-content\/uploads\/sites\/5\/2025\/09\/Vilgot-i-heta-stolen.jpeg\"><img loading=\"lazy\" decoding=\"async\" class=\"alignnone size-full wp-image-7703\" src=\"https:\/\/scf.se\/landsvag\/wp-content\/uploads\/sites\/5\/2025\/09\/Vilgot-i-heta-stolen.jpeg\" alt=\"\" width=\"1313\" height=\"1536\" srcset=\"https:\/\/scf.se\/landsvag\/wp-content\/uploads\/sites\/5\/2025\/09\/Vilgot-i-heta-stolen.jpeg 1313w, https:\/\/scf.se\/landsvag\/wp-content\/uploads\/sites\/5\/2025\/09\/Vilgot-i-heta-stolen-256x300.jpeg 256w, https:\/\/scf.se\/landsvag\/wp-content\/uploads\/sites\/5\/2025\/09\/Vilgot-i-heta-stolen-875x1024.jpeg 875w, https:\/\/scf.se\/landsvag\/wp-content\/uploads\/sites\/5\/2025\/09\/Vilgot-i-heta-stolen-768x898.jpeg 768w\" sizes=\"auto, (max-width: 1313px) 100vw, 1313px\" \/><\/a>\n<h3>VM tempo herrjunior<\/h3>\n<ol>\n<li data-start=\"577\" data-end=\"621\"><strong data-start=\"577\" data-end=\"595\">Michiel Mouris<\/strong>, Nederl\u00e4nderna 29.07,61<\/li>\n<li data-start=\"625\" data-end=\"654\"><strong data-start=\"625\" data-end=\"641\">Ashlin Barry<\/strong>, USA +6,84<\/li>\n<li data-start=\"658\" data-end=\"697\"><strong data-start=\"658\" data-end=\"680\">Seff van Kerckhove<\/strong>, Belgien +8,58<\/li>\n<li data-start=\"701\" data-end=\"731\"><strong data-start=\"701\" data-end=\"717\">Beckam Drake<\/strong>, USA +13,55<\/li>\n<li data-start=\"735\" data-end=\"773\"><strong data-start=\"735\" data-end=\"748\">Max Hinds<\/strong>, Storbritannien +18,91<\/li>\n<li data-start=\"777\" data-end=\"814\"><strong data-start=\"777\" data-end=\"796\">Roberto Capello<\/strong>, Italien +28,94<\/li>\n<li data-start=\"818\" data-end=\"851\"><strong data-start=\"818\" data-end=\"835\">Jan Jackowiak<\/strong>, Polen +29,80<\/li>\n<li data-start=\"855\" data-end=\"892\"><strong data-start=\"855\" data-end=\"874\">Vilgot Reinhold<\/strong>, Sverige +48,21<\/li>\n<li data-start=\"896\" data-end=\"938\"><strong data-start=\"896\" data-end=\"920\">Mattia Agostinacchio<\/strong>, Italien +50,96<\/li>\n<li data-start=\"943\" data-end=\"977\"><strong data-start=\"943\" data-end=\"956\">Max Goold<\/strong>, Australien +54,54<\/li>\n<\/ol>\n<ul>\n<li><strong><a href=\"https:\/\/scf.se\/landsvag\/jakob-soderqvist-vann-med-over-minuten-i-makalost-vm-tempolopp\/\"><em>KOLLA OCKS\u00c5 IN BILDEXTRA: Jakob S\u00f6derqvist vann med \u00f6ver minuten i makal\u00f6st VM-tempolopp!<\/em><\/a><\/strong><\/li>\n<\/ul>\n<h2>\u00c5terst\u00e5ende VM-lopp f\u00f6r svenska laget i Kigali<\/h2>\n<ul>\n<li><strong>25 september:<\/strong> Linjelopp U23 dam. Det \u00e4r tuffa banor i Kigali; 119,3 kilometer med 2435 h\u00f6jdmeter att klara av. Svenskar: Karin S\u00f6derqvist (\u00f6vre bilden till h\u00f6ger) och Stina Kagevi.<\/li>\n<li>Loppet startar 13.05.<\/li>\n<li><strong>26 september:<\/strong> Linjelopp herrjunior med Elias W\u00e4ndel, Vilgot Reinhold. Samma bana som damernas U23 119,3 kilometer med 2435 h\u00f6jdmeter.<\/li>\n<li><strong>26 september:<\/strong> Linjelopp U23 herr med Jakob S\u00f6derqvist. P\u00e5 de 164,6 kilometerna finns 3 350 h\u00f6jdmeter att klara av.<\/li>\n<li><strong>27 september:<\/strong> Linjelopp damer elit med Caroline Andersson. Samma bana som U23 herr; 164,6 kilometer med 3 350 h\u00f6jdmeter.<\/li>\n<li>U23 och seniorelit s\u00e4nds p\u00e5 Eurosport\/ HBO Max med svensk kommentator, d\u00e4r Roberto Vacchi kommenterar s\u00f6ndagens linjelopp i damelit. Loppen streamas ocks\u00e5 med engelsk kommentator p\u00e5 Discovery+ och de lopp som inte s\u00e4nds d\u00e4r finns p\u00e5 UCI:s Youtubekanal.<\/li>\n<\/ul>\n<p><em>Foto: Luca Bettini\/Sprintcycling Agency (\u00e5kbilderna, ej till\u00e5ten \u00e5terpublicering f\u00f6r andra \u00e4n SWE Cycling), SCF (f\u00f6re och efter loppet, fria f\u00f6r \u00e5terpublicering)<br \/>\nBildreportage: Tomas Larsson\/SCF<br \/>\n<\/em><\/p>\n","protected":false},"excerpt":{"rendered":"<p>Vilgot Reinhold levererade ett mycket starkt tempolopp i juniorernas VM i Kigali, Rwanda. Vilgot fick sitta ganska l\u00e4nge i ledarstolen vid m\u00e5let och slutade till sist \u00e5tta. &#8221;V\u00e4ldigt bra k\u00f6rt och tekniskt r\u00e4tt&#8221;, s\u00e4ger assisterande f\u00f6rbundskaptenen Alexander Wetterhall. Med en ganska tidig startposition var han snabbt uppe i t\u00e4tstriden och besegrade den spanjor som<a href=\"https:\/\/scf.se\/landsvag\/vilgot-reinhold-korde-sa-ratt-och-slutade-atta-i-juniorernas-vm-tempo\/\" class=\"news-card__more\"> &#8230;<\/a><\/p>\n","protected":false},"author":41,"featured_media":7691,"comment_status":"open","ping_status":"open","sticky":true,"template":"","format":"standard","meta":{"_acf_changed":false,"footnotes":""},"categories":[1],"tags":[],"class_list":["post-7687","post","type-post","status-publish","format-standard","hentry","category-landsvag"],"acf":[],"_links":{"self":[{"href":"https:\/\/scf.se\/landsvag\/wp-json\/wp\/v2\/posts\/7687","targetHints":{"allow":["GET"]}}],"collection":[{"href":"https:\/\/scf.se\/landsvag\/wp-json\/wp\/v2\/posts"}],"about":[{"href":"https:\/\/scf.se\/landsvag\/wp-json\/wp\/v2\/types\/post"}],"author":[{"embeddable":true,"href":"https:\/\/scf.se\/landsvag\/wp-json\/wp\/v2\/users\/41"}],"replies":[{"embeddable":true,"href":"https:\/\/scf.se\/landsvag\/wp-json\/wp\/v2\/comments?post=7687"}],"version-history":[{"count":14,"href":"https:\/\/scf.se\/landsvag\/wp-json\/wp\/v2\/posts\/7687\/revisions"}],"predecessor-version":[{"id":7717,"href":"https:\/\/scf.se\/landsvag\/wp-json\/wp\/v2\/posts\/7687\/revisions\/7717"}],"wp:featuredmedia":[{"embeddable":true,"href":"https:\/\/scf.se\/landsvag\/wp-json\/wp\/v2\/media\/7691"}],"wp:attachment":[{"href":"https:\/\/scf.se\/landsvag\/wp-json\/wp\/v2\/media?parent=7687"}],"wp:term":[{"taxonomy":"category","embeddable":true,"href":"https:\/\/scf.se\/landsvag\/wp-json\/wp\/v2\/categories?post=7687"},{"taxonomy":"post_tag","embeddable":true,"href":"https:\/\/scf.se\/landsvag\/wp-json\/wp\/v2\/tags?post=7687"}],"curies":[{"name":"wp","href":"https:\/\/api.w.org\/{rel}","templated":true}]}}