
{"id":7599,"date":"2025-09-13T09:18:08","date_gmt":"2025-09-13T07:18:08","guid":{"rendered":"https:\/\/scf.se\/landsvag\/?p=7599"},"modified":"2025-10-03T10:14:12","modified_gmt":"2025-10-03T08:14:12","slug":"vm-truppen-till-rwanda-ar-liten-men-med-manga-bra-chanser","status":"publish","type":"post","link":"https:\/\/scf.se\/landsvag\/vm-truppen-till-rwanda-ar-liten-men-med-manga-bra-chanser\/","title":{"rendered":"VM-truppen till Rwanda \u00e4r liten men med m\u00e5nga bra chanser&#8230;"},"content":{"rendered":"<p><strong>Sverige \u00e5ker till landsv\u00e4gs-VM VM i Rwandas huvudstad Kigali med en ganska liten men vass trupp med topp tio-chans i alla starter, allra mest sticker f\u00f6rra \u00e5rets VM-silvermedalj\u00f6r Jakob S\u00f6derqvist i U23-tempot ut. Det \u00e4r tre damcyklister och lika m\u00e5nga herrar. Caroline Andersson, (damelit), Jakob S\u00f6derqvist, Stina Kagevi och Karin S\u00f6derqvist (U23) samt juniorerna Elias W\u00e4ndel och Vilgot Reinhold.<\/strong><\/p>\n<p>Det har varit en del extra att t\u00e4nka p\u00e5 gentemot ett VM i Europa, som att antalet cyklat \u00e4r inte obegr\u00e4nsat och att det ing\u00e5r en del vaccinationer. Nu \u00e4r det klart med en ganska liten men nu \u00e4r det klart med en trupp p\u00e5 sex cyklister d\u00e4r h\u00e4lften dubblerar och \u00e4ven k\u00f6r tempo.<\/p>\n<p>St\u00f6rsta medaljhoppet \u00e4r Jakob S\u00f6derqvist i U23-herrarnas tempolopp. I VM-arrang\u00f6rernas presentation av grenen \u00e4r det bild p\u00e5 Jakob. En yttre f\u00f6ruts\u00e4ttning att jobba med \u00e4r att start och m\u00e5l ligger p\u00e5 n\u00e4ra 1600 meters h\u00f6jd, ungef\u00e4r samma som MTB-VM i Schweiz d\u00e4r det har varit mycket snack om den h\u00f6ga h\u00f6jden f\u00f6r att g\u00f6ra en j\u00e4mf\u00f6relse.<\/p>\n<blockquote><p>&#8221;Jakob laddar just nu p\u00e5 h\u00f6g h\u00f6jd f\u00f6r att anpassa sig lite och han \u00e4r p\u00e5 v\u00e4g till bra form igen. Vi hoppas till och med p\u00e5 guld i hans tempolopp men han k\u00f6rde riktigt bra i linje i Danmark runt och \u00e4ven linjeloppet i VM skulle kunna passa honom bra&#8221;, s\u00e4ger f\u00f6rbundskaptenen Lucas Persson som coachar p\u00e5 plats tillsammans med assisterande f\u00f6rbundskaptenen Alexander Wetterhall.<\/p><\/blockquote>\n<a href=\"https:\/\/scf.se\/landsvag\/wp-content\/uploads\/sites\/5\/2025\/05\/CarolineA11-1.jpg\"><img loading=\"lazy\" decoding=\"async\" class=\"alignnone size-full wp-image-7062\" src=\"https:\/\/scf.se\/landsvag\/wp-content\/uploads\/sites\/5\/2025\/05\/CarolineA11-1.jpg\" alt=\"\" width=\"1612\" height=\"1050\" srcset=\"https:\/\/scf.se\/landsvag\/wp-content\/uploads\/sites\/5\/2025\/05\/CarolineA11-1.jpg 1612w, https:\/\/scf.se\/landsvag\/wp-content\/uploads\/sites\/5\/2025\/05\/CarolineA11-1-300x195.jpg 300w, https:\/\/scf.se\/landsvag\/wp-content\/uploads\/sites\/5\/2025\/05\/CarolineA11-1-1024x667.jpg 1024w, https:\/\/scf.se\/landsvag\/wp-content\/uploads\/sites\/5\/2025\/05\/CarolineA11-1-768x500.jpg 768w, https:\/\/scf.se\/landsvag\/wp-content\/uploads\/sites\/5\/2025\/05\/CarolineA11-1-1536x1000.jpg 1536w\" sizes=\"auto, (max-width: 1612px) 100vw, 1612px\" \/><\/a>\n<p>Caroline Andersson har haft en v\u00e4ldigt stor roll i sitt WWT-team Liv AlUla Jayco under \u00e5ret och presterat m\u00e5nga fina ensiffriga resultat p\u00e5 h\u00f6gsta world tour-niv\u00e5.<\/p>\n<blockquote><p>&#8221;Vi har m\u00e5nga topp tio-chanser i detta VM och Caroline \u00e4r definitivt en av dem. Det ska ocks\u00e5 bli intressant att se vad Stina Kagevi och Karin S\u00f6derqvist kan g\u00f6ra nu n\u00e4r damernas U23 \u00e4ven har egen start. Sedan har vi med tv\u00e5 herrjuniorer som har k\u00f6rt bra i \u00e5r, Elias W\u00e4ndel och Vilgot Reinhold. De visade fin form och bra placeringar p\u00e5 etapper senast i GP R\u00fcebliland. Vi har chans till n\u00e5gon topp fem ocks\u00e5 p\u00e5 detta VM med en liten men v\u00e4ldigt intressant trupp&#8221;, s\u00e4ger Lucas Persson.&#8217;<\/p><\/blockquote>\n<h2>Sveriges trupp till landsv\u00e4gs-VM<\/h2>\n<h3>Damer elit<\/h3>\n<ul>\n<li><strong>Caroline Andersson<\/strong>, Liv AlUla Jayco<\/li>\n<\/ul>\n<h3>Damer U23<\/h3>\n<ul>\n<li><strong>Stina Kagevi<\/strong>, Team Coop &#8211; Repsol<\/li>\n<li><strong>Karin S\u00f6derqvist<\/strong>, Team Coop &#8211; Repsol<\/li>\n<\/ul>\n<h3>Herrar U23<\/h3>\n<ul>\n<li><strong>Jakob S\u00f6derqvist<\/strong>, Lidl-Trek Future Racing<\/li>\n<\/ul>\n<h3>Herrar junior<\/h3>\n<ul>\n<li><strong>Elias W\u00e4ndel,<\/strong> M\u00f6lndals CK<\/li>\n<li><strong>Vilgot Reinhold<\/strong>, CK Ringen<\/li>\n<\/ul>\n<h2>D\u00e5 k\u00f6r de svenska cyklisterna i VM<\/h2>\n<ul>\n<li><strong>22 september:<\/strong> Tempo U23 damer och herrar med Stina Kagevi och Jakob S\u00f6derqvist.<\/li>\n<li><strong>23 september:<\/strong> Tempo herrjunior med Vilgot Reinhold.<\/li>\n<li><strong>25 september:<\/strong> Linjelopp U23 dam med Stina Kagevi och Karin S\u00f6derqvist.<\/li>\n<li><strong>26 september:<\/strong> Linjelopp junior och U23 herr med Elias W\u00e4ndel, Vilgot Reinhold samt Jakob S\u00f6derqvist.<\/li>\n<li><strong>27 september:<\/strong> Linjelopp damer elit med Caroline Andersson.<\/li>\n<\/ul>\n<p><em>Text: SCF<\/em><br \/>\n<em>Foto: SCF och Sprintcycling<\/em><\/p>\n","protected":false},"excerpt":{"rendered":"<p>Sverige \u00e5ker till landsv\u00e4gs-VM VM i Rwandas huvudstad Kigali med en ganska liten men vass trupp med topp tio-chans i alla starter, allra mest sticker f\u00f6rra \u00e5rets VM-silvermedalj\u00f6r Jakob S\u00f6derqvist i U23-tempot ut. Det \u00e4r tre damcyklister och lika m\u00e5nga herrar. Caroline Andersson, (damelit), Jakob S\u00f6derqvist, Stina Kagevi och Karin S\u00f6derqvist (U23) samt juniorerna<a href=\"https:\/\/scf.se\/landsvag\/vm-truppen-till-rwanda-ar-liten-men-med-manga-bra-chanser\/\" class=\"news-card__more\"> &#8230;<\/a><\/p>\n","protected":false},"author":41,"featured_media":7447,"comment_status":"open","ping_status":"open","sticky":true,"template":"","format":"standard","meta":{"_acf_changed":false,"footnotes":""},"categories":[1],"tags":[],"class_list":["post-7599","post","type-post","status-publish","format-standard","hentry","category-landsvag"],"acf":[],"_links":{"self":[{"href":"https:\/\/scf.se\/landsvag\/wp-json\/wp\/v2\/posts\/7599","targetHints":{"allow":["GET"]}}],"collection":[{"href":"https:\/\/scf.se\/landsvag\/wp-json\/wp\/v2\/posts"}],"about":[{"href":"https:\/\/scf.se\/landsvag\/wp-json\/wp\/v2\/types\/post"}],"author":[{"embeddable":true,"href":"https:\/\/scf.se\/landsvag\/wp-json\/wp\/v2\/users\/41"}],"replies":[{"embeddable":true,"href":"https:\/\/scf.se\/landsvag\/wp-json\/wp\/v2\/comments?post=7599"}],"version-history":[{"count":10,"href":"https:\/\/scf.se\/landsvag\/wp-json\/wp\/v2\/posts\/7599\/revisions"}],"predecessor-version":[{"id":7915,"href":"https:\/\/scf.se\/landsvag\/wp-json\/wp\/v2\/posts\/7599\/revisions\/7915"}],"wp:featuredmedia":[{"embeddable":true,"href":"https:\/\/scf.se\/landsvag\/wp-json\/wp\/v2\/media\/7447"}],"wp:attachment":[{"href":"https:\/\/scf.se\/landsvag\/wp-json\/wp\/v2\/media?parent=7599"}],"wp:term":[{"taxonomy":"category","embeddable":true,"href":"https:\/\/scf.se\/landsvag\/wp-json\/wp\/v2\/categories?post=7599"},{"taxonomy":"post_tag","embeddable":true,"href":"https:\/\/scf.se\/landsvag\/wp-json\/wp\/v2\/tags?post=7599"}],"curies":[{"name":"wp","href":"https:\/\/api.w.org\/{rel}","templated":true}]}}