
{"id":7185,"date":"2025-06-10T07:22:31","date_gmt":"2025-06-10T05:22:31","guid":{"rendered":"https:\/\/scf.se\/landsvag\/?p=7185"},"modified":"2025-06-10T07:41:02","modified_gmt":"2025-06-10T05:41:02","slug":"bra-tavlingar-pa-nationaldagen-nar-swe-cup-abc-gastade-vallentuna","status":"publish","type":"post","link":"https:\/\/scf.se\/landsvag\/bra-tavlingar-pa-nationaldagen-nar-swe-cup-abc-gastade-vallentuna\/","title":{"rendered":"Bra t\u00e4vlingar p\u00e5 Nationaldagen n\u00e4r SWE Cup ABC g\u00e4stade Vallentuna"},"content":{"rendered":"<p><strong>Det var bra t\u00e4vlingar och m\u00e5nga vassa cyklister p\u00e5 plats under nationaldagsloppet i Vallentuna. CK Hymer Joel Rydergren var starkast i herrar A medan regerande svenska m\u00e4staren, Mika S\u00f6derstr\u00f6m, Stockholm CK, vann damernas A-klass.\u00a0<\/strong><\/p>\n<p>ABC-modellen p\u00e5 landsv\u00e4g b\u00f6rjar s\u00e4tta sig. Det \u00e4r fortsatt bra klunga i herrar B med aktiv cykel\u00e5kning. Damer B har f\u00e5tt en gl\u00e4djande tillstr\u00f6mning av cyklister. Och det \u00e4r ofta sp\u00e4nnande avslutningar i herrar C.<\/p>\n<p>Nationaldagsvinnarna i dessa klasser var Albin Karlsson, Hanna Ekdahl och Joel Borgstr\u00f6m.<\/p>\n<a href=\"https:\/\/scf.se\/landsvag\/wp-content\/uploads\/sites\/5\/2025\/06\/NL5.jpg\"><img loading=\"lazy\" decoding=\"async\" class=\"alignnone size-full wp-image-7188\" src=\"https:\/\/scf.se\/landsvag\/wp-content\/uploads\/sites\/5\/2025\/06\/NL5.jpg\" alt=\"\" width=\"1712\" height=\"1509\" srcset=\"https:\/\/scf.se\/landsvag\/wp-content\/uploads\/sites\/5\/2025\/06\/NL5.jpg 1712w, https:\/\/scf.se\/landsvag\/wp-content\/uploads\/sites\/5\/2025\/06\/NL5-300x264.jpg 300w, https:\/\/scf.se\/landsvag\/wp-content\/uploads\/sites\/5\/2025\/06\/NL5-1024x903.jpg 1024w, https:\/\/scf.se\/landsvag\/wp-content\/uploads\/sites\/5\/2025\/06\/NL5-768x677.jpg 768w, https:\/\/scf.se\/landsvag\/wp-content\/uploads\/sites\/5\/2025\/06\/NL5-1536x1354.jpg 1536w\" sizes=\"auto, (max-width: 1712px) 100vw, 1712px\" \/><\/a> <a href=\"https:\/\/scf.se\/landsvag\/wp-content\/uploads\/sites\/5\/2025\/06\/NL6.jpg\"><img loading=\"lazy\" decoding=\"async\" class=\"alignnone size-full wp-image-7187\" src=\"https:\/\/scf.se\/landsvag\/wp-content\/uploads\/sites\/5\/2025\/06\/NL6.jpg\" alt=\"\" width=\"1571\" height=\"1490\" srcset=\"https:\/\/scf.se\/landsvag\/wp-content\/uploads\/sites\/5\/2025\/06\/NL6.jpg 1571w, https:\/\/scf.se\/landsvag\/wp-content\/uploads\/sites\/5\/2025\/06\/NL6-300x285.jpg 300w, https:\/\/scf.se\/landsvag\/wp-content\/uploads\/sites\/5\/2025\/06\/NL6-1024x971.jpg 1024w, https:\/\/scf.se\/landsvag\/wp-content\/uploads\/sites\/5\/2025\/06\/NL6-768x728.jpg 768w, https:\/\/scf.se\/landsvag\/wp-content\/uploads\/sites\/5\/2025\/06\/NL6-1536x1457.jpg 1536w\" sizes=\"auto, (max-width: 1571px) 100vw, 1571px\" \/><\/a> <a href=\"https:\/\/scf.se\/landsvag\/wp-content\/uploads\/sites\/5\/2025\/06\/NL3.jpg\"><img loading=\"lazy\" decoding=\"async\" class=\"alignnone size-full wp-image-7190\" src=\"https:\/\/scf.se\/landsvag\/wp-content\/uploads\/sites\/5\/2025\/06\/NL3.jpg\" alt=\"\" width=\"719\" height=\"665\" srcset=\"https:\/\/scf.se\/landsvag\/wp-content\/uploads\/sites\/5\/2025\/06\/NL3.jpg 719w, https:\/\/scf.se\/landsvag\/wp-content\/uploads\/sites\/5\/2025\/06\/NL3-300x277.jpg 300w\" sizes=\"auto, (max-width: 719px) 100vw, 719px\" \/><\/a> <a href=\"https:\/\/scf.se\/landsvag\/wp-content\/uploads\/sites\/5\/2025\/06\/NL1.jpg\"><img loading=\"lazy\" decoding=\"async\" class=\"alignnone size-full wp-image-7192\" src=\"https:\/\/scf.se\/landsvag\/wp-content\/uploads\/sites\/5\/2025\/06\/NL1.jpg\" alt=\"\" width=\"944\" height=\"977\" srcset=\"https:\/\/scf.se\/landsvag\/wp-content\/uploads\/sites\/5\/2025\/06\/NL1.jpg 944w, https:\/\/scf.se\/landsvag\/wp-content\/uploads\/sites\/5\/2025\/06\/NL1-290x300.jpg 290w, https:\/\/scf.se\/landsvag\/wp-content\/uploads\/sites\/5\/2025\/06\/NL1-768x795.jpg 768w\" sizes=\"auto, (max-width: 944px) 100vw, 944px\" \/><\/a>\n<h3><a href=\"https:\/\/scf.se\/landsvag\/wp-content\/uploads\/sites\/5\/2025\/06\/SC1.jpg\"><img loading=\"lazy\" decoding=\"async\" class=\"alignnone size-full wp-image-7200\" src=\"https:\/\/scf.se\/landsvag\/wp-content\/uploads\/sites\/5\/2025\/06\/SC1.jpg\" alt=\"\" width=\"1578\" height=\"1032\" srcset=\"https:\/\/scf.se\/landsvag\/wp-content\/uploads\/sites\/5\/2025\/06\/SC1.jpg 1578w, https:\/\/scf.se\/landsvag\/wp-content\/uploads\/sites\/5\/2025\/06\/SC1-300x196.jpg 300w, https:\/\/scf.se\/landsvag\/wp-content\/uploads\/sites\/5\/2025\/06\/SC1-1024x670.jpg 1024w, https:\/\/scf.se\/landsvag\/wp-content\/uploads\/sites\/5\/2025\/06\/SC1-768x502.jpg 768w, https:\/\/scf.se\/landsvag\/wp-content\/uploads\/sites\/5\/2025\/06\/SC1-1536x1005.jpg 1536w\" sizes=\"auto, (max-width: 1578px) 100vw, 1578px\" \/><\/a><\/h3>\n<h3>Herrar A<\/h3>\n<ol>\n<li data-start=\"168\" data-end=\"208\"><strong data-start=\"168\" data-end=\"186\">Joel Rydergren<\/strong>, CK Hymer 4.22.16<\/li>\n<li data-start=\"212\" data-end=\"249\"><strong data-start=\"212\" data-end=\"230\">Jimmy Carlsson<\/strong>, B\u00e5lsta CK +0.09<\/li>\n<li data-start=\"253\" data-end=\"288\"><strong data-start=\"253\" data-end=\"270\">Hugo Forssell<\/strong>, CK Hymer +0.13<\/li>\n<li data-start=\"292\" data-end=\"334\"><strong data-start=\"292\" data-end=\"308\">Ville Merl\u00f6v<\/strong>, LRG Cycling Team +0.13<\/li>\n<li data-start=\"338\" data-end=\"370\"><strong data-start=\"338\" data-end=\"353\">Rasmus K\u00e4ll<\/strong>, Falu CK +0.13<\/li>\n<li data-start=\"374\" data-end=\"406\"><strong data-start=\"374\" data-end=\"388\">P\u00e4r Renman<\/strong>, \u00c4ngby CC +0.13<\/li>\n<\/ol>\n<h3>Damer A<\/h3>\n<ol>\n<li data-start=\"75\" data-end=\"120\"><strong data-start=\"75\" data-end=\"94\">Mika S\u00f6derstr\u00f6m<\/strong>, Stockholm CK 2.32.23<\/li>\n<li data-start=\"124\" data-end=\"164\"><strong data-start=\"124\" data-end=\"142\">Stina Hagstr\u00f6m<\/strong>, She Rides CK +0.02<\/li>\n<li data-start=\"168\" data-end=\"206\"><strong data-start=\"168\" data-end=\"189\">Mathilde Bengtson<\/strong>, IF Fr\u00f8y +0.02<\/li>\n<li data-start=\"210\" data-end=\"252\"><strong data-start=\"210\" data-end=\"233\">Caroline Andreasson<\/strong>, CK Master +0.15<\/li>\n<li data-start=\"256\" data-end=\"294\"><strong data-start=\"256\" data-end=\"274\">Ida Ossiansson<\/strong>, Kv\u00e4nums IF +4.21<\/li>\n<li data-start=\"298\" data-end=\"336\"><strong data-start=\"298\" data-end=\"317\">Martina Nilsson<\/strong>, Bistro CC +4.28<\/li>\n<\/ol>\n<h3>Herrar B<\/h3>\n<ol>\n<li data-start=\"170\" data-end=\"215\"><strong data-start=\"170\" data-end=\"188\">Albin Karlsson<\/strong>, Ringmurens CK \u2013 2.54.45<\/li>\n<li data-start=\"219\" data-end=\"256\"><strong data-start=\"219\" data-end=\"235\">Elias W\u00e4ndel<\/strong>, M\u00f6lndals CK +0.03<\/li>\n<li data-start=\"260\" data-end=\"296\"><strong data-start=\"260\" data-end=\"278\">Filip Pantzare<\/strong>, Bor\u00e5s CA +0.03<\/li>\n<li data-start=\"300\" data-end=\"346\"><strong data-start=\"300\" data-end=\"316\">Vilmer Ekman<\/strong>, Bauhaus Cycling Team +0.03<\/li>\n<li data-start=\"350\" data-end=\"389\"><strong data-start=\"350\" data-end=\"370\">Wilmer Kleibrant<\/strong>, CK Master +0.03<\/li>\n<li data-start=\"393\" data-end=\"430\"><strong data-start=\"393\" data-end=\"411\">Anton Karlsson<\/strong>, Upsala CK +0.03<\/li>\n<\/ol>\n<h3>Damer B<\/h3>\n<ol>\n<li data-start=\"66\" data-end=\"105\"><strong data-start=\"66\" data-end=\"82\">Hanna Ekdahl<\/strong>, CK Falken 1.47.58<\/li>\n<li data-start=\"109\" data-end=\"145\"><strong data-start=\"109\" data-end=\"128\">Hanna T\u00f6rnqvist<\/strong>, Sumo CC +0.00<\/li>\n<li data-start=\"149\" data-end=\"191\"><strong data-start=\"149\" data-end=\"172\">Jennifer Hillerberg<\/strong>, CK Falken +0.00<\/li>\n<\/ol>\n<h3 data-start=\"0\" data-end=\"60\"><strong data-start=\"26\" data-end=\"38\">Herrar C<\/strong><\/h3>\n<ol>\n<li><strong data-start=\"70\" data-end=\"88\">Joel Borgstr\u00f6m<\/strong>, CK Ringen 1.41.59<\/li>\n<li data-start=\"115\" data-end=\"150\"><strong data-start=\"115\" data-end=\"130\">Otto G\u00f6land<\/strong>, FK Trampen +0.00<\/li>\n<li data-start=\"154\" data-end=\"192\"><strong data-start=\"154\" data-end=\"173\">Sebastian Grass<\/strong>, CK Lunedi +0.00<\/li>\n<\/ol>\n<p>Med segern i A-klassen ser det ut att bli en CK Hymer-rysare mellan Joel Rydergren och Hugo Forssell om totalsegern. Rydergren gick upp i ledning \u2013 samma po\u00e4ng men med b\u00e4ttre senaste lopp \u00e4n klubbkompisen fr\u00e5n Link\u00f6pingsklubben Hugo Forssell.<\/p>\n<p>I damer A ser det ut att kunna bli norsk seger i totalen \u2013 om Mathilde Bengtson st\u00e4ller upp i SWE Cup-avslutningen Svanesund. Caroline Andreasson (CK Master) och Martina Nilsson jagar n\u00e4rmast.<\/p>\n<p>Ett av v\u00e5rens utropstecken, junioren Elias W\u00e4ndel, toppar herrar B medan flitigt deltagande Hanna Ekdahl toppar damer B. I herrar C utmanas nu Oliver Emanuelsson av Joel Borgstr\u00f6m.<\/p>\n<h3 data-start=\"126\" data-end=\"159\"><strong data-start=\"126\" data-end=\"159\">SWE Cup-totalen herrar A<\/strong><\/h3>\n<ol>\n<li data-start=\"126\" data-end=\"159\"><strong style=\"font-size: 16px\" data-start=\"164\" data-end=\"182\">Joel Rydergren<\/strong><span style=\"font-size: 16px\">, CK Hymer \u2013 53 po\u00e4ng<\/span><\/li>\n<li><strong data-start=\"209\" data-end=\"226\">Hugo Forssell<\/strong>, CK Hymer \u2013 53 po\u00e4ng<\/li>\n<li><strong data-start=\"253\" data-end=\"268\">Rasmus K\u00e4ll<\/strong>, Falu CK \u2013 40 po\u00e4ng<\/li>\n<li><strong data-start=\"294\" data-end=\"312\">Teodor De Luca<\/strong>, CK Ringen \u2013 37 po\u00e4ng<\/li>\n<li><strong data-start=\"340\" data-end=\"361\">Peder Dahl Strand<\/strong>, Norge \u2013 37 po\u00e4ng<\/li>\n<li><strong data-start=\"408\" data-end=\"423\">Joel Mellby<\/strong>, M\u00f6lndals CK \u2013 34 po\u00e4ng<\/li>\n<\/ol>\n<h3 data-start=\"126\" data-end=\"159\"><strong data-start=\"126\" data-end=\"159\">SWE Cup-totalen damer A<\/strong><\/h3>\n<ol>\n<li data-start=\"166\" data-end=\"216\"><strong data-start=\"166\" data-end=\"187\">Mathilde Bengtson<\/strong>, Norge, IF Fr\u00f8y \u2013 66 po\u00e4ng<\/li>\n<li data-start=\"220\" data-end=\"267\"><strong data-start=\"220\" data-end=\"243\">Caroline Andreasson<\/strong>, CK Master \u2013 57 po\u00e4ng<\/li>\n<li data-start=\"271\" data-end=\"314\"><strong data-start=\"271\" data-end=\"290\">Martina Nilsson<\/strong>, Bistro CC \u2013 57 po\u00e4ng<\/li>\n<li data-start=\"318\" data-end=\"361\"><strong data-start=\"318\" data-end=\"336\">Ida Ossiansson<\/strong>, Kv\u00e4nums IF \u2013 46 po\u00e4ng<\/li>\n<li data-start=\"365\" data-end=\"411\"><strong data-start=\"365\" data-end=\"384\">Mika S\u00f6derstr\u00f6m<\/strong>, Stockholm CK \u2013 45 po\u00e4ng<\/li>\n<li data-start=\"415\" data-end=\"465\"><strong data-start=\"415\" data-end=\"435\">Therese Fjord\u00e4ng<\/strong>, \u00d6rebrocyklisterna \u2013 44 po\u00e4ng<\/li>\n<\/ol>\n<h3 data-start=\"126\" data-end=\"159\"><strong data-start=\"126\" data-end=\"159\">SWE Cup-totalen herrar B<\/strong><\/h3>\n<ol>\n<li data-start=\"157\" data-end=\"199\"><strong data-start=\"157\" data-end=\"173\">Elias W\u00e4ndel<\/strong>, M\u00f6lndals CK \u2013 76 po\u00e4ng<\/li>\n<li data-start=\"203\" data-end=\"244\"><strong data-start=\"203\" data-end=\"221\">Filip Pantzare<\/strong>, Bor\u00e5s CA \u2013 60 po\u00e4ng<\/li>\n<li data-start=\"248\" data-end=\"292\"><strong data-start=\"248\" data-end=\"268\">Wilmer Kleibrant<\/strong>, CK Master \u2013 56 po\u00e4ng<\/li>\n<li data-start=\"296\" data-end=\"347\"><strong data-start=\"296\" data-end=\"315\">Vilgot Reinhold<\/strong>, CK Ringen juniors \u2013 50 po\u00e4ng<\/li>\n<li data-start=\"351\" data-end=\"397\"><strong data-start=\"351\" data-end=\"369\">Albin Karlsson<\/strong>, Ringmurens CK \u2013 49 po\u00e4ng<\/li>\n<li data-start=\"401\" data-end=\"450\"><strong data-start=\"401\" data-end=\"417\">Vilmer Ekman<\/strong>, Bauhaus Cycling Team \u2013 48 po\u00e4ng<\/li>\n<\/ol>\n<h3 data-start=\"126\" data-end=\"159\"><strong data-start=\"126\" data-end=\"159\">SWE Cup-totalen damer B<\/strong><\/h3>\n<ol>\n<li data-start=\"154\" data-end=\"194\"><strong data-start=\"154\" data-end=\"170\">Hanna Ekdahl<\/strong>, CK Falken \u2013 90 po\u00e4ng<\/li>\n<li data-start=\"198\" data-end=\"245\"><strong data-start=\"198\" data-end=\"221\">Jennifer Hillerberg<\/strong>, CK Falken \u2013 71 po\u00e4ng<\/li>\n<li data-start=\"249\" data-end=\"292\"><strong data-start=\"249\" data-end=\"264\">Lilly Temar<\/strong>, J\u00f6nk\u00f6pings CK \u2013 50 po\u00e4ng<\/li>\n<li data-start=\"296\" data-end=\"334\"><strong data-start=\"296\" data-end=\"311\">Elsa Widell<\/strong>, Bor\u00e5s CA \u2013 32 po\u00e4ng<\/li>\n<li data-start=\"338\" data-end=\"379\"><strong data-start=\"338\" data-end=\"355\">Lieke Daniels<\/strong>, Upsala CK \u2013 26 po\u00e4ng<\/li>\n<li data-start=\"383\" data-end=\"424\"><strong data-start=\"383\" data-end=\"398\">Amanda Hoff<\/strong>, J\u00f6nk\u00f6pings CK \u2013 25 po\u00e4ng<\/li>\n<\/ol>\n<h3 data-start=\"126\" data-end=\"159\"><strong data-start=\"126\" data-end=\"159\">SWE Cup-totalen herrar C<\/strong><\/h3>\n<ol>\n<li data-start=\"161\" data-end=\"210\"><strong data-start=\"161\" data-end=\"183\">Oliver Emanuelsson<\/strong>, CK W\u00e4nershof \u2013 76 po\u00e4ng<\/li>\n<li data-start=\"214\" data-end=\"256\"><strong data-start=\"214\" data-end=\"232\">Joel Borgstr\u00f6m<\/strong>, CK Ringen \u2013 66 po\u00e4ng<\/li>\n<li data-start=\"260\" data-end=\"304\"><strong data-start=\"260\" data-end=\"276\">Vilgot Rubin<\/strong>, Olofstr\u00f6ms CK \u2013 55 po\u00e4ng<\/li>\n<li data-start=\"308\" data-end=\"350\"><strong data-start=\"308\" data-end=\"325\">Olle Sundberg<\/strong>, FK Trampen \u2013 54 po\u00e4ng<\/li>\n<li data-start=\"354\" data-end=\"394\"><strong data-start=\"354\" data-end=\"369\">Otto G\u00f6land<\/strong>, FK Trampen \u2013 45 po\u00e4ng<\/li>\n<li data-start=\"398\" data-end=\"440\"><strong data-start=\"398\" data-end=\"416\">Kalle Nordborg<\/strong>, Elmhults SC \u2013 40 po\u00e4ng<\/li>\n<\/ol>\n<h3>* * *<\/h3>\n<a href=\"https:\/\/scf.se\/landsvag\/wp-content\/uploads\/sites\/5\/2025\/06\/NL2.jpg\"><img loading=\"lazy\" decoding=\"async\" class=\"alignnone size-full wp-image-7191\" src=\"https:\/\/scf.se\/landsvag\/wp-content\/uploads\/sites\/5\/2025\/06\/NL2.jpg\" alt=\"\" width=\"656\" height=\"600\" srcset=\"https:\/\/scf.se\/landsvag\/wp-content\/uploads\/sites\/5\/2025\/06\/NL2.jpg 656w, https:\/\/scf.se\/landsvag\/wp-content\/uploads\/sites\/5\/2025\/06\/NL2-300x274.jpg 300w\" sizes=\"auto, (max-width: 656px) 100vw, 656px\" \/><\/a>\n<p data-start=\"0\" data-end=\"59\">Det t\u00e4vlades ocks\u00e5 i SWE Cup paracykel i Vallentuna. Vi noterar gl\u00e4djande nya namn i en resultatlista som s\u00e5g ut s\u00e5 h\u00e4r.<\/p>\n<h3 data-start=\"0\" data-end=\"59\"><strong data-start=\"26\" data-end=\"40\">Para racer<\/strong><\/h3>\n<ol>\n<li data-start=\"69\" data-end=\"116\"><strong data-start=\"69\" data-end=\"85\">Emma Wickman<\/strong>, 58&amp;fam Cycling Club 28.01<\/li>\n<li data-start=\"120\" data-end=\"163\"><strong data-start=\"120\" data-end=\"144\">Catharina Rutgersson<\/strong>, CK Sundet +4.21<\/li>\n<li data-start=\"167\" data-end=\"207\"><strong data-start=\"167\" data-end=\"185\">Mats Blomstedt<\/strong>, Finsp\u00e5ngs CA +5.53<\/li>\n<\/ol>\n<h3 data-start=\"0\" data-end=\"37\"><strong data-start=\"26\" data-end=\"36\">Para tandem<\/strong><\/h3>\n<ol>\n<li data-start=\"44\" data-end=\"99\">\n<p data-start=\"47\" data-end=\"99\"><strong data-start=\"47\" data-end=\"75\">Mia Johansson Garavaglia<\/strong>, Uddevalla CK 39.24<\/p>\n<\/li>\n<\/ol>\n<h3>Para handcykel<\/h3>\n<ol>\n<li data-start=\"111\" data-end=\"156\"><strong data-start=\"111\" data-end=\"130\">Louise Winckler<\/strong>, Heleneholms IF 44.27<\/li>\n<li data-start=\"160\" data-end=\"213\"><strong data-start=\"160\" data-end=\"177\">Edvard Jonson<\/strong>, Tjust Bike o Running Club +19.33<\/li>\n<\/ol>\n<h3>* * *<\/h3>\n<h2>SWE Cup ABC landsv\u00e4g 2025<\/h2>\n<h3>April<\/h3>\n<ul>\n<li><strong>Delt\u00e4vling 1:<\/strong> Kinnekulle Energiloppet, 26 april. <a href=\"https:\/\/www.sportstiming.se\/event\/15612\"><em><strong>Resultat<\/strong><\/em><\/a><\/li>\n<li><strong>Delt\u00e4vling 2:<\/strong> G\u00f6tenetempot, 27 april. <a href=\"https:\/\/www.sportstiming.se\/event\/15613\"><em><strong>Resultat<\/strong><\/em><\/a><\/li>\n<\/ul>\n<h3>Maj<\/h3>\n<ul>\n<li><strong>Delt\u00e4vling 3<\/strong>: J\u00f6nk\u00f6ping linjelopp, 4 maj. <em><strong><a href=\"https:\/\/www.sportstiming.se\/event\/15255\">Resultat<\/a><\/strong><\/em><\/li>\n<li><strong>Delt\u00e4vling 4:<\/strong> Lyngbyloppet, 11 maj. Anm\u00e4lan. <a href=\"https:\/\/www.sportstiming.se\/event\/16049\"><em><strong>Resultat<\/strong><\/em><\/a><\/li>\n<\/ul>\n<h3>Juni<\/h3>\n<ul>\n<li><strong>Delt\u00e4vling 5<\/strong>: Nationaldagslinjet, 6 juni (bilden ovan). <a href=\"https:\/\/www.sportstiming.se\/event\/16210\"><em><strong>Resultat.<\/strong><\/em><\/a><\/li>\n<\/ul>\n<h3>Augusti<\/h3>\n<ul>\n<li><strong>Delt\u00e4vling 6:<\/strong> Svanesund 3-dagars, 29\u201331 augusti. <a href=\"https:\/\/scf.se\/landsvag\/swe-cup-abc-landsvag-2025\/\"><em><strong>Mera info och anm\u00e4lan!<\/strong><\/em><\/a><\/li>\n<\/ul>\n<p><em>Text och foto: SCF<\/em><\/p>\n<hr \/>\n<a href=\"https:\/\/scf.se\/forbundet\/hjalp-oss-sprida-ny-digital-broschyr-om-motionslicensens-fordelar\/\"><img loading=\"lazy\" decoding=\"async\" class=\"alignnone size-full wp-image-7197\" src=\"https:\/\/scf.se\/forbundet\/wp-content\/uploads\/sites\/9\/2024\/03\/Kop-licens-cykelmagasinet4.jpg\" alt=\"\" width=\"2000\" height=\"655\" \/><\/a>\n","protected":false},"excerpt":{"rendered":"<p>Det var bra t\u00e4vlingar och m\u00e5nga vassa cyklister p\u00e5 plats under nationaldagsloppet i Vallentuna. CK Hymer Joel Rydergren var starkast i herrar A medan regerande svenska m\u00e4staren, Mika S\u00f6derstr\u00f6m, Stockholm CK, vann damernas A-klass.\u00a0 ABC-modellen p\u00e5 landsv\u00e4g b\u00f6rjar s\u00e4tta sig. Det \u00e4r fortsatt bra klunga i herrar B med aktiv cykel\u00e5kning. Damer B har<a href=\"https:\/\/scf.se\/landsvag\/bra-tavlingar-pa-nationaldagen-nar-swe-cup-abc-gastade-vallentuna\/\" class=\"news-card__more\"> &#8230;<\/a><\/p>\n","protected":false},"author":41,"featured_media":7196,"comment_status":"open","ping_status":"open","sticky":false,"template":"","format":"standard","meta":{"_acf_changed":false,"footnotes":""},"categories":[1],"tags":[],"class_list":["post-7185","post","type-post","status-publish","format-standard","hentry","category-landsvag"],"acf":[],"_links":{"self":[{"href":"https:\/\/scf.se\/landsvag\/wp-json\/wp\/v2\/posts\/7185","targetHints":{"allow":["GET"]}}],"collection":[{"href":"https:\/\/scf.se\/landsvag\/wp-json\/wp\/v2\/posts"}],"about":[{"href":"https:\/\/scf.se\/landsvag\/wp-json\/wp\/v2\/types\/post"}],"author":[{"embeddable":true,"href":"https:\/\/scf.se\/landsvag\/wp-json\/wp\/v2\/users\/41"}],"replies":[{"embeddable":true,"href":"https:\/\/scf.se\/landsvag\/wp-json\/wp\/v2\/comments?post=7185"}],"version-history":[{"count":7,"href":"https:\/\/scf.se\/landsvag\/wp-json\/wp\/v2\/posts\/7185\/revisions"}],"predecessor-version":[{"id":7201,"href":"https:\/\/scf.se\/landsvag\/wp-json\/wp\/v2\/posts\/7185\/revisions\/7201"}],"wp:featuredmedia":[{"embeddable":true,"href":"https:\/\/scf.se\/landsvag\/wp-json\/wp\/v2\/media\/7196"}],"wp:attachment":[{"href":"https:\/\/scf.se\/landsvag\/wp-json\/wp\/v2\/media?parent=7185"}],"wp:term":[{"taxonomy":"category","embeddable":true,"href":"https:\/\/scf.se\/landsvag\/wp-json\/wp\/v2\/categories?post=7185"},{"taxonomy":"post_tag","embeddable":true,"href":"https:\/\/scf.se\/landsvag\/wp-json\/wp\/v2\/tags?post=7185"}],"curies":[{"name":"wp","href":"https:\/\/api.w.org\/{rel}","templated":true}]}}