
{"id":6361,"date":"2025-03-24T10:42:12","date_gmt":"2025-03-24T09:42:12","guid":{"rendered":"https:\/\/scf.se\/landsvag\/?p=6361"},"modified":"2025-03-24T14:03:57","modified_gmt":"2025-03-24T13:03:57","slug":"ck-u6-arrangerar-nm-i-landsvag-for-masters-pa-fina-vagar-i-hokensas","status":"publish","type":"post","link":"https:\/\/scf.se\/landsvag\/ck-u6-arrangerar-nm-i-landsvag-for-masters-pa-fina-vagar-i-hokensas\/","title":{"rendered":"CK U6 arrangerar NM i landsv\u00e4g f\u00f6r masters \u2013 nu \u00e4ven U23 och senior"},"content":{"rendered":"<p><strong>Cykelklubben U6 har tilldelats v\u00e4rdskapet f\u00f6r Nordiska M\u00e4sterskapen i landsv\u00e4g f\u00f6r masters 2025. M\u00e4sterskapet avg\u00f6rs i H\u00f6kens\u00e5s den 23\u201324 augusti, med b\u00e5de tempolopp och linjelopp p\u00e5 en v\u00e4lbepr\u00f6vad bana. CK U6 har l\u00e5ng erfarenhet av att arrangera stora t\u00e4vlingar och st\u00e5r redo att v\u00e4lkomna Nordens b\u00e4sta masterscyklister. Nytt f\u00f6r i \u00e5r \u00e4r att det \u00e4ven \u00e4r \u00f6ppet f\u00f6r U23- och seniorcyklister med vissa premisser.<\/strong> (Uppdaterad version 24\/3.)<\/p>\n<a href=\"https:\/\/scf.se\/landsvag\/wp-content\/uploads\/sites\/5\/2024\/06\/Damklungan-1.jpeg\"><img loading=\"lazy\" decoding=\"async\" class=\"alignnone size-full wp-image-5527\" src=\"https:\/\/scf.se\/landsvag\/wp-content\/uploads\/sites\/5\/2024\/06\/Damklungan-1.jpeg\" alt=\"\" width=\"1280\" height=\"789\" srcset=\"https:\/\/scf.se\/landsvag\/wp-content\/uploads\/sites\/5\/2024\/06\/Damklungan-1.jpeg 1280w, https:\/\/scf.se\/landsvag\/wp-content\/uploads\/sites\/5\/2024\/06\/Damklungan-1-300x185.jpeg 300w, https:\/\/scf.se\/landsvag\/wp-content\/uploads\/sites\/5\/2024\/06\/Damklungan-1-1024x631.jpeg 1024w, https:\/\/scf.se\/landsvag\/wp-content\/uploads\/sites\/5\/2024\/06\/Damklungan-1-768x473.jpeg 768w\" sizes=\"auto, (max-width: 1280px) 100vw, 1280px\" \/><\/a>\n<p>Fr\u00e5n i \u00e5r \u00e4r det inte bara Nordiska m\u00e4sterskapen f\u00f6r masters, utan \u00e4ven en klass f\u00f6r 19 \u00e5r och \u00e4ldre \u2013 allts\u00e5 \u00e4ven U23- och elitcyklister som inte er\u00f6vrat UCI-po\u00e4ng i \u00e5r.<\/p>\n<p>Cykelklubben U6 har f\u00e5tt f\u00f6rtroendet att arrangera Nordiska M\u00e4sterskapen i landsv\u00e4g f\u00f6r mastersklasserna 2025. T\u00e4vlingarna kommer att genomf\u00f6ras i H\u00f6kens\u00e5s, mellan Tidaholm och Fagerhult, den 23\u201324 augusti.<\/p>\n<p>M\u00e4sterskapet omfattar b\u00e5de tempolopp \u00f6ver 30 kilometer och linjelopp p\u00e5 en 31 kilometer l\u00e5ng varvbana med start och m\u00e5l vid First Camp H\u00f6kens\u00e5s.<\/p>\n<p>Klubben har stor erfarenhet av att arrangera cykelt\u00e4vlingar, med U6 Cycle Tour och delt\u00e4vlingar i SWE Cup p\u00e5 meritlistan. De har \u00e4ven varit v\u00e4rd f\u00f6r svenska m\u00e4sterskapen tre g\u00e5nger. M\u00e4sterskapsbanan anv\u00e4nds \u00e5rligen i U6 Cycle Tour och har f\u00e5tt positiva omd\u00f6men fr\u00e5n b\u00e5de svenska och internationella cyklister.<\/p>\n<p>CK U6 kommer ocks\u00e5 arrangera juniorklasser (damer och herrar), utan m\u00e4sterskapsstatus \u2013 men ytterligare ett sk\u00e4l att tro att det kan bli en riktigt h\u00f6jdart\u00e4vling.<\/p>\n<p>F\u00f6rberedelserna \u00e4r i full g\u00e5ng, och klubben har haft god dialog med Tidaholms kommun, polisen, Trafikverket och mark\u00e4gare, meddelar t\u00e4vlingsledaren Thomas Rehn.<\/p>\n<ul>\n<li><em><strong>Mycket mera info om anm\u00e4lan och klasser kommer fram\u00f6ver!<\/strong><\/em><\/li>\n<\/ul>\n<p><em>Text: SCF<\/em><\/p>\n","protected":false},"excerpt":{"rendered":"<p>Cykelklubben U6 har tilldelats v\u00e4rdskapet f\u00f6r Nordiska M\u00e4sterskapen i landsv\u00e4g f\u00f6r masters 2025. M\u00e4sterskapet avg\u00f6rs i H\u00f6kens\u00e5s den 23\u201324 augusti, med b\u00e5de tempolopp och linjelopp p\u00e5 en v\u00e4lbepr\u00f6vad bana. CK U6 har l\u00e5ng erfarenhet av att arrangera stora t\u00e4vlingar och st\u00e5r redo att v\u00e4lkomna Nordens b\u00e4sta masterscyklister. Nytt f\u00f6r i \u00e5r \u00e4r att det<a href=\"https:\/\/scf.se\/landsvag\/ck-u6-arrangerar-nm-i-landsvag-for-masters-pa-fina-vagar-i-hokensas\/\" class=\"news-card__more\"> &#8230;<\/a><\/p>\n","protected":false},"author":41,"featured_media":2119,"comment_status":"open","ping_status":"open","sticky":false,"template":"","format":"standard","meta":{"_acf_changed":false,"footnotes":""},"categories":[1],"tags":[],"class_list":["post-6361","post","type-post","status-publish","format-standard","hentry","category-landsvag"],"acf":[],"_links":{"self":[{"href":"https:\/\/scf.se\/landsvag\/wp-json\/wp\/v2\/posts\/6361","targetHints":{"allow":["GET"]}}],"collection":[{"href":"https:\/\/scf.se\/landsvag\/wp-json\/wp\/v2\/posts"}],"about":[{"href":"https:\/\/scf.se\/landsvag\/wp-json\/wp\/v2\/types\/post"}],"author":[{"embeddable":true,"href":"https:\/\/scf.se\/landsvag\/wp-json\/wp\/v2\/users\/41"}],"replies":[{"embeddable":true,"href":"https:\/\/scf.se\/landsvag\/wp-json\/wp\/v2\/comments?post=6361"}],"version-history":[{"count":6,"href":"https:\/\/scf.se\/landsvag\/wp-json\/wp\/v2\/posts\/6361\/revisions"}],"predecessor-version":[{"id":6367,"href":"https:\/\/scf.se\/landsvag\/wp-json\/wp\/v2\/posts\/6361\/revisions\/6367"}],"wp:featuredmedia":[{"embeddable":true,"href":"https:\/\/scf.se\/landsvag\/wp-json\/wp\/v2\/media\/2119"}],"wp:attachment":[{"href":"https:\/\/scf.se\/landsvag\/wp-json\/wp\/v2\/media?parent=6361"}],"wp:term":[{"taxonomy":"category","embeddable":true,"href":"https:\/\/scf.se\/landsvag\/wp-json\/wp\/v2\/categories?post=6361"},{"taxonomy":"post_tag","embeddable":true,"href":"https:\/\/scf.se\/landsvag\/wp-json\/wp\/v2\/tags?post=6361"}],"curies":[{"name":"wp","href":"https:\/\/api.w.org\/{rel}","templated":true}]}}