
{"id":6353,"date":"2025-03-08T07:30:17","date_gmt":"2025-03-08T06:30:17","guid":{"rendered":"https:\/\/scf.se\/landsvag\/?p=6353"},"modified":"2025-05-15T21:06:33","modified_gmt":"2025-05-15T19:06:33","slug":"cykelstudion-by-scf-har-traffat-caroline-andersson","status":"publish","type":"post","link":"https:\/\/scf.se\/landsvag\/cykelstudion-by-scf-har-traffat-caroline-andersson\/","title":{"rendered":"Cykelstudion by SCF har tr\u00e4ffat heta proffscyklisten Caroline Andersson"},"content":{"rendered":"<p><strong>Caroline Andersson \u00e4r en av v\u00e5ra vassaste damcyklister just nu. 2024 hamnade hon p\u00e5 en 14:e plats p\u00e5 OS och 16:e p\u00e5 VM. Nu tr\u00e4ffar ni henne i det senaste avsnittet av Cykelstudion by SCF!<\/strong><\/p>\n<h3><a href=\"https:\/\/www.youtube.com\/watch?v=h1hRWDHQjJ8\"><em>Se intervjun h\u00e4r p\u00e5 Cykelstudions Youtube-plattform!<\/em><\/a><\/h3>\n<p><div class=\"video-wrapper\"><iframe loading=\"lazy\" title=\"Caroline Andersson i Liv AlUla Jayco cycling team\" width=\"500\" height=\"281\" src=\"https:\/\/www.youtube.com\/embed\/h1hRWDHQjJ8?feature=oembed\" frameborder=\"0\" allow=\"accelerometer; autoplay; clipboard-write; encrypted-media; gyroscope; picture-in-picture; web-share\" referrerpolicy=\"strict-origin-when-cross-origin\" allowfullscreen><\/iframe><\/div><\/p>\n<p>S\u00e4songen 2025 har startat riktigt bra. Vi m\u00f6tte upp Caroline, som till vardags \u00e4r proffs i stallet Liv AlUla Jayco, under en blixtvisit p\u00e5 hemmaplan utanf\u00f6r Halmstad f\u00f6r en l\u00e4gescheck.<\/p>\n<p>Under l\u00f6rdagen \u00e4r hon enda svensk i klassikern Strade Bianche Donne, med start och m\u00e5l i italienska Siena. Det \u00e4r 136 kilometer och 2300 h\u00f6jdmeter att avverka \u2013 p\u00e5 den internationella kvinnodagen.<\/p>\n<ul>\n<li><strong><a href=\"https:\/\/scf.se\/landsvag\/starka-sasongsstarter-caroline-fyra-i-spanien-och-jakob-tia-pa-tufft-tempo\/\"><em>L\u00e4s ocks\u00e5: BRA s\u00e4songsstart f\u00f6r Caroline och Jakob med nya starka lopp.<\/em><\/a><\/strong><\/li>\n<\/ul>\n<p><em>Text: SCF<br \/>\nFoto: Sprintcycling<br \/>\n<\/em><\/p>\n","protected":false},"excerpt":{"rendered":"<p>Caroline Andersson \u00e4r en av v\u00e5ra vassaste damcyklister just nu. 2024 hamnade hon p\u00e5 en 14:e plats p\u00e5 OS och 16:e p\u00e5 VM. Nu tr\u00e4ffar ni henne i det senaste avsnittet av Cykelstudion by SCF! Se intervjun h\u00e4r p\u00e5 Cykelstudions Youtube-plattform! S\u00e4songen 2025 har startat riktigt bra. Vi m\u00f6tte upp Caroline, som till vardags<a href=\"https:\/\/scf.se\/landsvag\/cykelstudion-by-scf-har-traffat-caroline-andersson\/\" class=\"news-card__more\"> &#8230;<\/a><\/p>\n","protected":false},"author":41,"featured_media":6355,"comment_status":"open","ping_status":"open","sticky":false,"template":"","format":"standard","meta":{"_acf_changed":false,"footnotes":""},"categories":[1],"tags":[],"class_list":["post-6353","post","type-post","status-publish","format-standard","hentry","category-landsvag"],"acf":[],"_links":{"self":[{"href":"https:\/\/scf.se\/landsvag\/wp-json\/wp\/v2\/posts\/6353","targetHints":{"allow":["GET"]}}],"collection":[{"href":"https:\/\/scf.se\/landsvag\/wp-json\/wp\/v2\/posts"}],"about":[{"href":"https:\/\/scf.se\/landsvag\/wp-json\/wp\/v2\/types\/post"}],"author":[{"embeddable":true,"href":"https:\/\/scf.se\/landsvag\/wp-json\/wp\/v2\/users\/41"}],"replies":[{"embeddable":true,"href":"https:\/\/scf.se\/landsvag\/wp-json\/wp\/v2\/comments?post=6353"}],"version-history":[{"count":6,"href":"https:\/\/scf.se\/landsvag\/wp-json\/wp\/v2\/posts\/6353\/revisions"}],"predecessor-version":[{"id":7017,"href":"https:\/\/scf.se\/landsvag\/wp-json\/wp\/v2\/posts\/6353\/revisions\/7017"}],"wp:featuredmedia":[{"embeddable":true,"href":"https:\/\/scf.se\/landsvag\/wp-json\/wp\/v2\/media\/6355"}],"wp:attachment":[{"href":"https:\/\/scf.se\/landsvag\/wp-json\/wp\/v2\/media?parent=6353"}],"wp:term":[{"taxonomy":"category","embeddable":true,"href":"https:\/\/scf.se\/landsvag\/wp-json\/wp\/v2\/categories?post=6353"},{"taxonomy":"post_tag","embeddable":true,"href":"https:\/\/scf.se\/landsvag\/wp-json\/wp\/v2\/tags?post=6353"}],"curies":[{"name":"wp","href":"https:\/\/api.w.org\/{rel}","templated":true}]}}