
{"id":6327,"date":"2025-02-24T12:48:13","date_gmt":"2025-02-24T11:48:13","guid":{"rendered":"https:\/\/scf.se\/landsvag\/?p=6327"},"modified":"2025-02-24T14:50:51","modified_gmt":"2025-02-24T13:50:51","slug":"starka-sasongsstarter-caroline-fyra-i-spanien-och-jakob-tia-pa-tufft-tempo","status":"publish","type":"post","link":"https:\/\/scf.se\/landsvag\/starka-sasongsstarter-caroline-fyra-i-spanien-och-jakob-tia-pa-tufft-tempo\/","title":{"rendered":"BRA s\u00e4songsstart f\u00f6r Caroline och Jakob med nya starka lopp i helgen"},"content":{"rendered":"<p><strong>Det har varit en j\u00e4ttebra s\u00e4songsstart f\u00f6r v\u00e5ra b\u00e4gge OS-cyklister Caroline Andersson, som k\u00f6r f\u00f6r Liv AlUla Jayco, och Jakob S\u00f6derqvist i Lidl-Trek.\u00a0 Senast i helgen slutade Caroline fyra efter en klungspurt i Clasica de Almeria. Jakob var tia p\u00e5 det avslutande tempoloppet i Volta ao Algarve em Bicicleta med m\u00e5nga v\u00e4rldsstj\u00e4rnor p\u00e5 plats.<\/strong><\/p>\n<p>Caroline Andersson gick in i 2025 med en fraktur i svanskotan efter en v\u00e5dlig masskrasch i starten p\u00e5 Superprestige i\u00a0Diegem kring ny\u00e5r.<\/p>\n<a href=\"https:\/\/scf.se\/landsvag\/wp-content\/uploads\/sites\/5\/2025\/02\/CarolineAn5.jpg\"><img loading=\"lazy\" decoding=\"async\" class=\"alignnone size-full wp-image-6333\" src=\"https:\/\/scf.se\/landsvag\/wp-content\/uploads\/sites\/5\/2025\/02\/CarolineAn5.jpg\" alt=\"\" width=\"2000\" height=\"1333\" srcset=\"https:\/\/scf.se\/landsvag\/wp-content\/uploads\/sites\/5\/2025\/02\/CarolineAn5.jpg 2000w, https:\/\/scf.se\/landsvag\/wp-content\/uploads\/sites\/5\/2025\/02\/CarolineAn5-300x200.jpg 300w, https:\/\/scf.se\/landsvag\/wp-content\/uploads\/sites\/5\/2025\/02\/CarolineAn5-1024x682.jpg 1024w, https:\/\/scf.se\/landsvag\/wp-content\/uploads\/sites\/5\/2025\/02\/CarolineAn5-768x512.jpg 768w, https:\/\/scf.se\/landsvag\/wp-content\/uploads\/sites\/5\/2025\/02\/CarolineAn5-1536x1024.jpg 1536w\" sizes=\"auto, (max-width: 2000px) 100vw, 2000px\" \/><\/a>\n<p><strong>Hur kan formen vara s\u00e5\u00a0stark redan i de inledande loppen med tanke p\u00e5 den brutna svanskotan?<\/strong><\/p>\n<blockquote><p>&#8221;Jag vet inte hur jag ska f\u00f6rklara det mer \u00e4n att jag har tr\u00e4nat bra innan det och jag har tr\u00e4nat bra efter det. Det k\u00e4ndes givetvis inte bra att \u00e5ka p\u00e5 den skadan d\u00e5 i CX-loppet. Det blev s\u00e5klart ett litet uppeh\u00e5ll och en del problem med ryggen efter det n\u00e4r jag startade ig\u00e5ng tr\u00e4ningen igen ganska snart. Jag har fortfarande lite problem med ryggen men bastr\u00e4ningen har k\u00e4nts bra s\u00e5 det \u00e4r nog d\u00e4rf\u00f6r det har g\u00e5tt s\u00e5 pass bra \u00e4nd\u00e5.<\/p><\/blockquote>\n<p>Caroline Andersson slutade elva i totalen med idel stabila etapplaceringar p\u00e5 det spanska etapploppet Setmana Ciclista Volta Femenina de la Comunitat Valenciana. Hon inledde med att bli sexa p\u00e5 f\u00f6rsta etappen, trea i en klungspurt om fj\u00e4rdeplatsen.<\/p>\n<p>Sedan blev det en fj\u00e4rdeplats i endagarsloppet Clasica de Almeria d\u00e4r det g\u00e4ller att f\u00e5 med sig lagets spurtare \u00f6ver loppets enda stora stigning inf\u00f6r den l\u00e4tta sista tredjedelen av de 133 kilometerna. Caroline vann ocks\u00e5 spurtprist\u00e4vlingen totalt.<\/p>\n<a href=\"https:\/\/scf.se\/landsvag\/wp-content\/uploads\/sites\/5\/2025\/02\/CarolineAn3.jpg\"><img loading=\"lazy\" decoding=\"async\" class=\"alignnone size-full wp-image-6335\" src=\"https:\/\/scf.se\/landsvag\/wp-content\/uploads\/sites\/5\/2025\/02\/CarolineAn3.jpg\" alt=\"\" width=\"943\" height=\"747\" srcset=\"https:\/\/scf.se\/landsvag\/wp-content\/uploads\/sites\/5\/2025\/02\/CarolineAn3.jpg 943w, https:\/\/scf.se\/landsvag\/wp-content\/uploads\/sites\/5\/2025\/02\/CarolineAn3-300x238.jpg 300w, https:\/\/scf.se\/landsvag\/wp-content\/uploads\/sites\/5\/2025\/02\/CarolineAn3-768x608.jpg 768w\" sizes=\"auto, (max-width: 943px) 100vw, 943px\" \/><\/a>\n<blockquote><p>&#8221;N\u00e4r det g\u00e4ller Valencia \u00e4r det m\u00e5nga starka lag som tar det som en bra grundt\u00e4vling inf\u00f6r s\u00e4songen. I Almeria \u00e4r det ju en l\u00e4ttare bana d\u00e4r lagen har m\u00e5nga spurtare med f\u00f6r att f\u00e5 k\u00f6ra en rej\u00e4l klungspurt. Det \u00e4r s\u00e5klart tufft i stora klungspurter som den h\u00e4r. Men jag tycker att b\u00e5da de inledande loppen passar mig ganska bra, att f\u00f6rst ha en ganska tuff bana och sedan att det \u00e4nd\u00e5 avg\u00f6rs i en klungspurt&#8221;, s\u00e4ger Caroline Andersson n\u00e4r det g\u00e4ller den fina s\u00e4songsstarten.<\/p><\/blockquote>\n<p>De egenskaperna har gjort att Caroline just nu har en st\u00f6rre roll i laget \u00e4n vid samma tid f\u00f6rra \u00e5ret.<\/p>\n<a href=\"https:\/\/scf.se\/landsvag\/wp-content\/uploads\/sites\/5\/2025\/02\/CarolineAn2.jpg\"><img loading=\"lazy\" decoding=\"async\" class=\"alignnone size-full wp-image-6336\" src=\"https:\/\/scf.se\/landsvag\/wp-content\/uploads\/sites\/5\/2025\/02\/CarolineAn2.jpg\" alt=\"\" width=\"1420\" height=\"1333\" srcset=\"https:\/\/scf.se\/landsvag\/wp-content\/uploads\/sites\/5\/2025\/02\/CarolineAn2.jpg 1420w, https:\/\/scf.se\/landsvag\/wp-content\/uploads\/sites\/5\/2025\/02\/CarolineAn2-300x282.jpg 300w, https:\/\/scf.se\/landsvag\/wp-content\/uploads\/sites\/5\/2025\/02\/CarolineAn2-1024x961.jpg 1024w, https:\/\/scf.se\/landsvag\/wp-content\/uploads\/sites\/5\/2025\/02\/CarolineAn2-768x721.jpg 768w\" sizes=\"auto, (max-width: 1420px) 100vw, 1420px\" \/><\/a>\n<blockquote><p>&#8221;Just att jag har den kombon att jag ofta klarar av att vara med i f\u00f6rstagruppen \u00f6ver bergen och fortfarande kan spurta om det har gjort att jag har f\u00e5tt mer ansvar i laget i \u00e5r, och det \u00e4r ocks\u00e5 d\u00e4rf\u00f6r jag har en st\u00f6rre roll \u2013 att jag har den allroundf\u00f6rm\u00e5gan.<\/p><\/blockquote>\n<p><strong>Hur ser det ut med storlopp de n\u00e4rmaste m\u00e5naderna, blir det m\u00e5nga v\u00e5rklassiker f\u00f6r din del?<\/strong><\/p>\n<blockquote><p>&#8221;Det blir v\u00e4l inte s\u00e5d\u00e4r j\u00e4ttem\u00e5nga v\u00e5rklassiker nu n\u00e4rmast. Jag kommer att k\u00f6ra Strade Bianche och ytterligare tv\u00e5 t\u00e4vlingar i Italien. Sedan blir det h\u00f6gh\u00f6jdsl\u00e4ger f\u00f6r att f\u00f6rbereda f\u00f6r Ardennerklassikerna som \u00e4r viktigt s\u00e4songsm\u00e5l f\u00f6r b\u00e5de mig och laget.<\/p><\/blockquote>\n<p>Ardennerklassikerna \u00e4r de tre endagars cykellopp som avg\u00f6rs i den nederl\u00e4ndska provinsen Limburg och Ardennerna i Belgien med start 20 april i \u00e5r; Amstel Gold Race, Vallonska pilen och Li\u00e8ge\u2013Bastogne\u2013Li\u00e8ge.<\/p>\n<h3><strong>* * *<\/strong><\/h3>\n<a href=\"https:\/\/scf.se\/landsvag\/wp-content\/uploads\/sites\/5\/2025\/02\/JakobSo1.jpg\"><img loading=\"lazy\" decoding=\"async\" class=\"alignnone size-full wp-image-6334\" src=\"https:\/\/scf.se\/landsvag\/wp-content\/uploads\/sites\/5\/2025\/02\/JakobSo1.jpg\" alt=\"\" width=\"875\" height=\"901\" srcset=\"https:\/\/scf.se\/landsvag\/wp-content\/uploads\/sites\/5\/2025\/02\/JakobSo1.jpg 875w, https:\/\/scf.se\/landsvag\/wp-content\/uploads\/sites\/5\/2025\/02\/JakobSo1-291x300.jpg 291w, https:\/\/scf.se\/landsvag\/wp-content\/uploads\/sites\/5\/2025\/02\/JakobSo1-768x791.jpg 768w\" sizes=\"auto, (max-width: 875px) 100vw, 875px\" \/><\/a>\n<h2>Jakob S\u00f6derqvist tio p\u00e5 tempo med m\u00e5nga v\u00e4rldsstj\u00e4rnor<\/h2>\n<p>Jakob S\u00f6derqvist, som tillh\u00f6r Lidl-Trek Future racing men ocks\u00e5 lyfts upp i World Tour-teamet, har ocks\u00e5 gjort det str\u00e5lande med tuff konkurrens i s\u00e4songsstarten.<\/p>\n<p>I Volta ao Algarve em Bicicleta, d\u00e4r Jonas Vingegaard segrade i totalen, fanns det m\u00e5nga v\u00e4rldsstj\u00e4rnor som hade mycket att k\u00f6ra f\u00f6r med n\u00e4r det portugisiska etapploppet skulle avg\u00f6ras med en tempoetapp.<\/p>\n<p>Jakob var slagen med 39 sekunder p\u00e5 ett tempolopp \u00f6ver 19,6 kilometer d\u00e4r superdansken var snabbast. Vingegaard passerade exempelvis totaltv\u00e5an portugisen Jo\u00e3o Almeida s\u00e5 det var fullt bl\u00e5s.<\/p>\n<p>S\u00f6derqvist hade s\u00e5dana som Primoz Roglic och Filippo Ganna efter sig och satte ytterligare ett avtryck i tempodisciplinen. Det var femton cyklister inom en minut. Vi skickar med hela listan s\u00e5 f\u00e5r ni kolla sj\u00e4lva:<\/p>\n<ol>\n<li data-start=\"36\" data-end=\"88\"><strong data-start=\"39\" data-end=\"59\">Jonas Vingegaard<\/strong>, Team Visma &#8211; Lease a Bike<\/li>\n<li data-start=\"89\" data-end=\"145\"><strong data-start=\"92\" data-end=\"109\">Wout Van Aert<\/strong>, Team Visma &#8211; Lease a Bike, +0.11<\/li>\n<li data-start=\"146\" data-end=\"198\"><strong data-start=\"149\" data-end=\"167\">Antonio Tiberi<\/strong>, Bahrain &#8211; Victorious, +0.15<\/li>\n<li data-start=\"199\" data-end=\"246\"><strong data-start=\"202\" data-end=\"221\">Romain Gr\u00e9goire<\/strong>, Groupama &#8211; FDJ, +0.30<\/li>\n<li data-start=\"247\" data-end=\"303\"><strong data-start=\"250\" data-end=\"275\">Maximilian Schachmann<\/strong>, Soudal Quick-Step, +0.31<\/li>\n<li data-start=\"304\" data-end=\"357\"><strong data-start=\"307\" data-end=\"323\">Jo\u00e3o Almeida<\/strong>, UAE Team Emirates &#8211; XRG, +0.31<\/li>\n<li data-start=\"358\" data-end=\"414\"><strong data-start=\"361\" data-end=\"380\">Neilson Powless<\/strong>, EF Education &#8211; EasyPost, +0.37<\/li>\n<li data-start=\"415\" data-end=\"464\"><strong data-start=\"418\" data-end=\"437\">Laurens De Plus<\/strong>, INEOS Grenadiers, +0.37<\/li>\n<li data-start=\"465\" data-end=\"515\"><strong data-start=\"468\" data-end=\"487\">Ilan Van Wilder<\/strong>, Soudal Quick-Step, +0.39<\/li>\n<li data-start=\"516\" data-end=\"562\"><strong data-start=\"520\" data-end=\"540\">Jakob S\u00f6derqvist<\/strong>, Lidl &#8211; Trek, +0.39<\/li>\n<li data-start=\"563\" data-end=\"609\"><strong data-start=\"567\" data-end=\"580\">Max Poole<\/strong>, Team Picnic PostNL, +0.44<\/li>\n<li data-start=\"610\" data-end=\"669\"><strong data-start=\"614\" data-end=\"631\">Primo\u017e Rogli\u010d<\/strong>, Red Bull &#8211; BORA &#8211; hansgrohe, +0.50<\/li>\n<li data-start=\"670\" data-end=\"718\"><strong data-start=\"674\" data-end=\"696\">Tao Geoghegan Hart<\/strong>, Lidl &#8211; Trek, +0.51<\/li>\n<li data-start=\"719\" data-end=\"767\"><strong data-start=\"723\" data-end=\"740\">Filippo Ganna<\/strong>, INEOS Grenadiers, +0.52<\/li>\n<li data-start=\"768\" data-end=\"822\" data-is-last-node=\"\"><strong data-start=\"772\" data-end=\"786\">Ben Tulett<\/strong>, Team Visma &#8211; Lease a Bike, +0.57<\/li>\n<\/ol>\n<p>Ungdomst\u00e4vlingen \u00e4r ingen prio n\u00e4r man h\u00f6r f\u00f6r laget\u00a0 men det ska noteras att Jakob ocks\u00e5 var sjua. I Volta a la Comunitat Valenciana var Jakob minst sagt med i hetluften. F\u00f6rst en av de fyra som fanns med \u00e4nda in N\u00e4r Lidl-Trek vann lagtempot. Sedan tredjeplats p\u00e5 n\u00e4st sista etappen och s\u00e5 med och bidrog n\u00e4r italienaren Jonathan Milan vann den sista.<\/p>\n<p>Stark inledning p\u00e5 s\u00e4songen var ordet.<\/p>\n<ul>\n<li><a href=\"https:\/\/scf.se\/landsvag\/svenska-idrottsgalan-jakob-soderqvist-nominerad-som-arets-nykomling\/\"><em><strong>Intervju med Jakob inf\u00f6r 2025 samt inslag i Cykelstudion h\u00e4r!<\/strong><\/em><\/a><\/li>\n<\/ul>\n<p><em>Text: Tomas Larsson\/SCF<\/em><br \/>\n<em>Foto: Sprintcycling (Caroline) samt @lidltrek<\/em><\/p>\n<p>&nbsp;<\/p>\n<p>&nbsp;<\/p>\n<p>&nbsp;<\/p>\n<p>&nbsp;<\/p>\n<p>&nbsp;<\/p>\n<p>&nbsp;<\/p>\n<p>&nbsp;<\/p>\n","protected":false},"excerpt":{"rendered":"<p>Det har varit en j\u00e4ttebra s\u00e4songsstart f\u00f6r v\u00e5ra b\u00e4gge OS-cyklister Caroline Andersson, som k\u00f6r f\u00f6r Liv AlUla Jayco, och Jakob S\u00f6derqvist i Lidl-Trek.\u00a0 Senast i helgen slutade Caroline fyra efter en klungspurt i Clasica de Almeria. Jakob var tia p\u00e5 det avslutande tempoloppet i Volta ao Algarve em Bicicleta med m\u00e5nga v\u00e4rldsstj\u00e4rnor p\u00e5 plats.<a href=\"https:\/\/scf.se\/landsvag\/starka-sasongsstarter-caroline-fyra-i-spanien-och-jakob-tia-pa-tufft-tempo\/\" class=\"news-card__more\"> &#8230;<\/a><\/p>\n","protected":false},"author":41,"featured_media":6337,"comment_status":"open","ping_status":"open","sticky":false,"template":"","format":"standard","meta":{"_acf_changed":false,"footnotes":""},"categories":[1],"tags":[],"class_list":["post-6327","post","type-post","status-publish","format-standard","hentry","category-landsvag"],"acf":[],"_links":{"self":[{"href":"https:\/\/scf.se\/landsvag\/wp-json\/wp\/v2\/posts\/6327","targetHints":{"allow":["GET"]}}],"collection":[{"href":"https:\/\/scf.se\/landsvag\/wp-json\/wp\/v2\/posts"}],"about":[{"href":"https:\/\/scf.se\/landsvag\/wp-json\/wp\/v2\/types\/post"}],"author":[{"embeddable":true,"href":"https:\/\/scf.se\/landsvag\/wp-json\/wp\/v2\/users\/41"}],"replies":[{"embeddable":true,"href":"https:\/\/scf.se\/landsvag\/wp-json\/wp\/v2\/comments?post=6327"}],"version-history":[{"count":16,"href":"https:\/\/scf.se\/landsvag\/wp-json\/wp\/v2\/posts\/6327\/revisions"}],"predecessor-version":[{"id":6348,"href":"https:\/\/scf.se\/landsvag\/wp-json\/wp\/v2\/posts\/6327\/revisions\/6348"}],"wp:featuredmedia":[{"embeddable":true,"href":"https:\/\/scf.se\/landsvag\/wp-json\/wp\/v2\/media\/6337"}],"wp:attachment":[{"href":"https:\/\/scf.se\/landsvag\/wp-json\/wp\/v2\/media?parent=6327"}],"wp:term":[{"taxonomy":"category","embeddable":true,"href":"https:\/\/scf.se\/landsvag\/wp-json\/wp\/v2\/categories?post=6327"},{"taxonomy":"post_tag","embeddable":true,"href":"https:\/\/scf.se\/landsvag\/wp-json\/wp\/v2\/tags?post=6327"}],"curies":[{"name":"wp","href":"https:\/\/api.w.org\/{rel}","templated":true}]}}