
{"id":6299,"date":"2025-01-16T13:24:11","date_gmt":"2025-01-16T12:24:11","guid":{"rendered":"https:\/\/scf.se\/landsvag\/?p=6299"},"modified":"2025-01-16T13:25:54","modified_gmt":"2025-01-16T12:25:54","slug":"vi-soker-arrangor-till-nm-i-landsvag-som-introducerar-attraktiv-klass-19-34","status":"publish","type":"post","link":"https:\/\/scf.se\/landsvag\/vi-soker-arrangor-till-nm-i-landsvag-som-introducerar-attraktiv-klass-19-34\/","title":{"rendered":"Vi s\u00f6ker arrang\u00f6r till NM i landsv\u00e4g som breddas med klassen +19\u201334"},"content":{"rendered":"<p><strong>Svenska Cykelf\u00f6rbundet s\u00f6ker nu en arrang\u00f6r f\u00f6r \u00e5rets t\u00e4vling, som kommer att \u00e4ga rum f\u00f6rsta eller fj\u00e4rde helgen i augusti, antingen 2\u20133 augusti eller 23\u201324 augusti. I \u00e5rets NM i cykling masters introduceras en ny klass f\u00f6r \u00e5ldersgruppen 19\u201334 \u00e5r, vilket breddar t\u00e4vlingens deltagarbas. M\u00e4sterskapet samlar cyklister fr\u00e5n de nordiska och baltiska l\u00e4nderna f\u00f6r att t\u00e4vla om medaljer i b\u00e5de linjelopp och tempo.\u00a0<\/strong><\/p>\n<p>N\u00e4r NM i cykling masters g\u00e5r av stapeln i \u00e5r tar t\u00e4vlingen ett stort steg fram\u00e5t med introduktionen av en ny klass f\u00f6r cyklister i \u00e5ldern 19\u201334 \u00e5r. Detta initiativ syftar till att skapa en brygga mellan elit och amat\u00f6r och ger yngre cyklister m\u00f6jlighet att t\u00e4vla p\u00e5 en h\u00f6g niv\u00e5 inom en organiserad m\u00e4sterskapsram.<\/p>\n<p>M\u00e4sterskapet, som \u00e4r \u00f6ppet f\u00f6r deltagare fr\u00e5n Danmark, Estland, Finland, Island, F\u00e4r\u00f6arna, Lettland, Litauen, Norge och Sverige, \u00e4r en \u00e5rlig h\u00f6jdpunkt inom den nordiska cykelscenen. Under helgen m\u00e4ts krafter i b\u00e5de tempo och linjelopp \u00f6ver flera \u00e5ldersklasser, fr\u00e5n 19 \u00e5r upp till 80+. Loppens l\u00e4ngder anpassas efter \u00e5lderskategori, med de \u00e4ldsta cyklisterna p\u00e5 kortare distanser medan de yngre f\u00e5r ta sig an upp till 150 kilometer i linjeloppet.<\/p>\n<p>SCF s\u00f6ker nu en arrang\u00f6r till t\u00e4vlingen, som planeras till antingen 2\u20133 augusti eller 23\u201324 augusti.<\/p>\n<h3><em>\u00c4r DIN f\u00f6rening intresserad av att arrangera \u00e5rets NM p\u00e5 landsv\u00e4g? Kontakta d\u00e5 v\u00e5r t\u00e4vlingsansvarige Jonas Haglund via mejl p\u00e5 <a href=\"mailto:jonas.haglund@scf.se\">jonas.haglund@scf.se<\/a> s\u00e5 tar vi det fr\u00e5n d\u00e4r!<\/em><\/h3>\n<p>F\u00f6rutom sp\u00e4nningen p\u00e5 v\u00e4garna \u00e4r arrangemanget ocks\u00e5 en social m\u00f6tesplats. En bankett p\u00e5 l\u00f6rdagskv\u00e4llen och prisceremonier f\u00f6r respektive t\u00e4vlingsdag ger tillf\u00e4lle att fira framg\u00e5ngar och knyta band \u00f6ver nationsgr\u00e4nserna. Med s\u00e4kra v\u00e4gar, tydligt markerade banor och internationella regler lovar \u00e5rets NM en of\u00f6rgl\u00f6mlig cykelupplevelse f\u00f6r alla deltagare \u2013 och ett s\u00e4tt att svetsa samman arrang\u00f6rsklubben.<\/p>\n<h3>Program och klasser NM i landsv\u00e4g masters<\/h3>\n<ul>\n<li>Dagsprogram 2\u20133 augusti eller 23\u201324 augusti inklusive lagledarm\u00f6te inf\u00f6r tempoloppet p\u00e5 fredagskv\u00e4llen innan:<br \/>\n<strong>L\u00f6rdag:<\/strong> Tempo, f\u00f6ljt av lagledarm\u00f6te inf\u00f6r linjeloppet och sedan bankett.<br \/>\n<strong>S\u00f6ndag:<\/strong> Linjelopp, med avslutande prisceremoni senast kl. 16.00<\/li>\n<li>Klasser och banl\u00e4ngder f\u00f6r Nordiska m\u00e4sterskapen i landsv\u00e4g 2025:<br \/>\n<strong>Tempo:<\/strong> 30 km f\u00f6r alla \u00e5ldersklasser.<br \/>\n<strong>Linjelopp:<\/strong> Damer: 60\u201380 km, herrar 19\u201349 \u00e5r: 120\u2013150 km, herrar 50\u201359 \u00e5r: 90\u2013110 km, herrar 60+ \u00e5r: 60\u2013100 km.<\/li>\n<\/ul>\n<p>En helg som f\u00f6renar t\u00e4vling, gemenskap och passion f\u00f6r cykling med andra ord. Missa inte att mejla en intresseanm\u00e4lan redan nu!<\/p>\n<ul>\n<li><a href=\"https:\/\/scf.se\/landsvag\/wp-content\/uploads\/sites\/5\/2025\/01\/Nordic-Masters-Road-Championships-2024.pdf\"><em><strong>L\u00e4s mycket mera om alla klasser och f\u00f6ruts\u00e4ttningarna f\u00f6r NM-arrangemanget h\u00e4r!<\/strong><\/em><\/a><\/li>\n<\/ul>\n<p><em>Text och foto: SCF<\/em><\/p>\n","protected":false},"excerpt":{"rendered":"<p>Svenska Cykelf\u00f6rbundet s\u00f6ker nu en arrang\u00f6r f\u00f6r \u00e5rets t\u00e4vling, som kommer att \u00e4ga rum f\u00f6rsta eller fj\u00e4rde helgen i augusti, antingen 2\u20133 augusti eller 23\u201324 augusti. I \u00e5rets NM i cykling masters introduceras en ny klass f\u00f6r \u00e5ldersgruppen 19\u201334 \u00e5r, vilket breddar t\u00e4vlingens deltagarbas. M\u00e4sterskapet samlar cyklister fr\u00e5n de nordiska och baltiska l\u00e4nderna f\u00f6r<a href=\"https:\/\/scf.se\/landsvag\/vi-soker-arrangor-till-nm-i-landsvag-som-introducerar-attraktiv-klass-19-34\/\" class=\"news-card__more\"> &#8230;<\/a><\/p>\n","protected":false},"author":41,"featured_media":6302,"comment_status":"open","ping_status":"open","sticky":false,"template":"","format":"standard","meta":{"_acf_changed":false,"footnotes":""},"categories":[1],"tags":[],"class_list":["post-6299","post","type-post","status-publish","format-standard","hentry","category-landsvag"],"acf":[],"_links":{"self":[{"href":"https:\/\/scf.se\/landsvag\/wp-json\/wp\/v2\/posts\/6299","targetHints":{"allow":["GET"]}}],"collection":[{"href":"https:\/\/scf.se\/landsvag\/wp-json\/wp\/v2\/posts"}],"about":[{"href":"https:\/\/scf.se\/landsvag\/wp-json\/wp\/v2\/types\/post"}],"author":[{"embeddable":true,"href":"https:\/\/scf.se\/landsvag\/wp-json\/wp\/v2\/users\/41"}],"replies":[{"embeddable":true,"href":"https:\/\/scf.se\/landsvag\/wp-json\/wp\/v2\/comments?post=6299"}],"version-history":[{"count":4,"href":"https:\/\/scf.se\/landsvag\/wp-json\/wp\/v2\/posts\/6299\/revisions"}],"predecessor-version":[{"id":6305,"href":"https:\/\/scf.se\/landsvag\/wp-json\/wp\/v2\/posts\/6299\/revisions\/6305"}],"wp:featuredmedia":[{"embeddable":true,"href":"https:\/\/scf.se\/landsvag\/wp-json\/wp\/v2\/media\/6302"}],"wp:attachment":[{"href":"https:\/\/scf.se\/landsvag\/wp-json\/wp\/v2\/media?parent=6299"}],"wp:term":[{"taxonomy":"category","embeddable":true,"href":"https:\/\/scf.se\/landsvag\/wp-json\/wp\/v2\/categories?post=6299"},{"taxonomy":"post_tag","embeddable":true,"href":"https:\/\/scf.se\/landsvag\/wp-json\/wp\/v2\/tags?post=6299"}],"curies":[{"name":"wp","href":"https:\/\/api.w.org\/{rel}","templated":true}]}}