
{"id":6264,"date":"2025-01-13T18:15:51","date_gmt":"2025-01-13T17:15:51","guid":{"rendered":"https:\/\/scf.se\/landsvag\/?p=6264"},"modified":"2025-01-13T18:23:52","modified_gmt":"2025-01-13T17:23:52","slug":"caroline-andersson-och-jakob-soderqvist-tar-plats-i-soks-topp-och-talang","status":"publish","type":"post","link":"https:\/\/scf.se\/landsvag\/caroline-andersson-och-jakob-soderqvist-tar-plats-i-soks-topp-och-talang\/","title":{"rendered":"Nu f\u00e5r Andersson och S\u00f6derqvist ta del av SOK:s Topp och talang-st\u00f6d"},"content":{"rendered":"<p><strong>Sveriges Olympiska Kommitt\u00e9 har valt ut sju lovande idrottare till st\u00f6dprogrammet Topp och talang. Cyklisterna Jakob S\u00f6derqvist och Caroline Andersson f\u00e5r s\u00e4llskap av fem andra nya idrottare i Topp och talang med sikte p\u00e5 OS i Los Angeles 2028 och Brisbane 2032. Med detta st\u00f6d hoppas SOK hj\u00e4lpa talangerna att ta det sista steget till v\u00e4rldseliten.<\/strong><\/p>\n<p>De b\u00e4gge cyklisterna \u00e4r redan proffs utomlands, Caroline p\u00e5 World Tour-niv\u00e5 i Liv AlUla Jayco. Jakob har f\u00e5tt besked om att han \u00e4r \u00e4mnad att f\u00e5 flera chanser p\u00e5 st\u00f6rre t\u00e4vlingar med Lidl-Treks World Tour-team \u00e4ven om han \u00e4r kvar i utvecklingslaget p\u00e5 papperet.<\/p>\n<p>Men trots den uppbackning som redan finns kan st\u00f6det verkligen komma v\u00e4l till pass.<\/p>\n<p>&#8221;Ja, f\u00f6r att ta det till n\u00e4sta niv\u00e5 \u00e4r SOK:s Topp och talang ett j\u00e4ttebra st\u00f6d. Med tanke p\u00e5 det st\u00f6d som Caroline och Jakob redan f\u00e5r av deras team \u00e4r den st\u00f6rsta vinningen att SOK kommer in med ett g\u00e4ng med kompetens p\u00e5 olika niv\u00e5er i olika sporter d\u00e4r Sverige \u00e4r framg\u00e5ngsrika. Det kan vara allt fr\u00e5n tr\u00e4ning p\u00e5 h\u00f6g h\u00f6jd eller v\u00e4rmetr\u00e4ning till att f\u00f6rebygga skador. Det finns en spetskompetens och utvecklingsplan f\u00f6r varje idrottare&#8221;, s\u00e4ger Lucas Persson, f\u00f6rbundskapten f\u00f6r landsv\u00e4g.<\/p>\n<a href=\"https:\/\/scf.se\/landsvag\/wp-content\/uploads\/sites\/5\/2025\/01\/Jakob-portratt-1.jpg\"><img loading=\"lazy\" decoding=\"async\" class=\"alignnone size-full wp-image-6266\" src=\"https:\/\/scf.se\/landsvag\/wp-content\/uploads\/sites\/5\/2025\/01\/Jakob-portratt-1.jpg\" alt=\"\" width=\"1870\" height=\"1334\" srcset=\"https:\/\/scf.se\/landsvag\/wp-content\/uploads\/sites\/5\/2025\/01\/Jakob-portratt-1.jpg 1870w, https:\/\/scf.se\/landsvag\/wp-content\/uploads\/sites\/5\/2025\/01\/Jakob-portratt-1-300x214.jpg 300w, https:\/\/scf.se\/landsvag\/wp-content\/uploads\/sites\/5\/2025\/01\/Jakob-portratt-1-1024x730.jpg 1024w, https:\/\/scf.se\/landsvag\/wp-content\/uploads\/sites\/5\/2025\/01\/Jakob-portratt-1-768x548.jpg 768w, https:\/\/scf.se\/landsvag\/wp-content\/uploads\/sites\/5\/2025\/01\/Jakob-portratt-1-1536x1096.jpg 1536w\" sizes=\"auto, (max-width: 1870px) 100vw, 1870px\" \/><\/a>\n<p>Jakob S\u00f6derqvist, 21 \u00e5r, har haft ett fantastiskt f\u00f6rsta \u00e5r i Lidl-Trek Future Racing och etablerat sig som en av de b\u00e4sta landsv\u00e4gscyklisterna i sitt \u00e5ldersspann, inte minst i tempo. Han tog silver i b\u00e5de U23-EM och U23-VM i tempolopp och vann en etapp i Giro d\u2019Italia f\u00f6r U23 samt hela Tour de Bretagne. Jakob satte \u00e4ven f\u00e4rg p\u00e5 linjeloppet under OS i Paris 2024 och \u00e4r nominerad till \u00c5rets nykomling p\u00e5 Idrottsgalan.<\/p>\n<a href=\"https:\/\/scf.se\/landsvag\/wp-content\/uploads\/sites\/5\/2025\/01\/Carloine-1.jpg\"><img loading=\"lazy\" decoding=\"async\" class=\"alignnone size-full wp-image-6265\" src=\"https:\/\/scf.se\/landsvag\/wp-content\/uploads\/sites\/5\/2025\/01\/Carloine-1.jpg\" alt=\"\" width=\"1280\" height=\"1272\" srcset=\"https:\/\/scf.se\/landsvag\/wp-content\/uploads\/sites\/5\/2025\/01\/Carloine-1.jpg 1280w, https:\/\/scf.se\/landsvag\/wp-content\/uploads\/sites\/5\/2025\/01\/Carloine-1-300x298.jpg 300w, https:\/\/scf.se\/landsvag\/wp-content\/uploads\/sites\/5\/2025\/01\/Carloine-1-1024x1018.jpg 1024w, https:\/\/scf.se\/landsvag\/wp-content\/uploads\/sites\/5\/2025\/01\/Carloine-1-150x150.jpg 150w, https:\/\/scf.se\/landsvag\/wp-content\/uploads\/sites\/5\/2025\/01\/Carloine-1-768x763.jpg 768w\" sizes=\"auto, (max-width: 1280px) 100vw, 1280px\" \/><\/a>\n<p>23-\u00e5riga Caroline Andersson, h\u00e4r p\u00e5 v\u00e4g mot guldet p\u00e5 CX-SM i Ullared, t\u00e4vlar f\u00f6r Liv AlUla Jayco och forts\u00e4tter att leverera starka resultat p\u00e5 h\u00f6g niv\u00e5. I OS i Paris slutade hon 14:e i linjeloppet. Hon f\u00f6ljde upp det med att k\u00f6ra bra i Tour de France och en stark prestation p\u00e5 \u00e5rets VM. Caroline har tydligt siktet inst\u00e4llt p\u00e5 att forts\u00e4tta utvecklas och utmana v\u00e4rldseliten d\u00e5 hon har en god vana att h\u00f6ja sina prestationer med konkurrensen.<\/p>\n<p>De \u00f6vriga nya idrottarna Topp och talang-programmet \u00e4r:<\/p>\n<ul>\n<li>Frida Anders\u00e9n, 34 \u00e5r, f\u00e4ltt\u00e4vlan, som t\u00e4vlat i tre OS och var med i laget som slutade femma i Paris 2024.<\/li>\n<li>Sofia Sj\u00f6borg, 26 \u00e5r, f\u00e4ltt\u00e4vlan, lagmedlem med Frida i Paris.<\/li>\n<li>Thea L\u00f6fman, 21 \u00e5r, sl\u00e4gga, som satte nytt svenskt rekord med 73,31 och t\u00e4vlade i OS i somras.<\/li>\n<li>Jennifer Williams, 19 \u00e5r, gymnastik, med flera NM-titlar och internationella framg\u00e5ngar som senior redan som junior.<\/li>\n<li>Joen Vikingsson Sj\u00f6blom, 21 \u00e5r, tyngdlyftning, femma p\u00e5 U23-EM i 109-kilosklassen och med imponerande resultat p\u00e5 200 kg i st\u00f6t.<\/li>\n<\/ul>\n<blockquote><p>&#8221;Sju stora talanger som vi vill ge extra st\u00f6d mot spelen i Los Angeles 2028 och fram\u00e5t&#8221;, s\u00e4ger SOK:s sportdirekt\u00f6r Fredrik Joulamo.<\/p><\/blockquote>\n<p>Programmet finansieras av SOK:s partners, som Svenska Spel och UNIQLO, och erbjuder skr\u00e4ddarsytt st\u00f6d baserat p\u00e5 individuella utvecklingsplaner. M\u00e5let \u00e4r att deltagarna ska n\u00e5 den absoluta v\u00e4rldstoppen inom tre till sex \u00e5r.<\/p>\n<blockquote><p>&#8221;St\u00f6det till Topp och Talang \u00e4r skr\u00e4ddarsytt och behovspr\u00f6vat f\u00f6r varje aktiv. Syftet \u00e4r att ge st\u00f6d till sista steget i satsningen mot v\u00e4rldstoppen. St\u00f6det baseras p\u00e5 en individuell utvecklingsplan d\u00e4r den aktive inom tre till sex \u00e5r ska n\u00e5 eller finnas i v\u00e4rldstoppen i sin idrott&#8221;, s\u00e4ger SOK:s sportdirekt\u00f6r Fredrik Joulamo.<\/p><\/blockquote>\n<p>I SOK:s Topp och talang finns redan MTB-stj\u00e4rnan Jenny Rissveds och landsv\u00e4gscyklisten Julia Borgstr\u00f6m. Tre landsv\u00e4gscyklister \u00e4r n\u00e5got som sticker om man ser till de f\u00f6reg\u00e5ende tio \u00e5ren.<\/p>\n<blockquote><p>&#8221;Kul och bra att vi har med s\u00e5 m\u00e5nga cyklister i Topp och talang och har ett s\u00e5 bra samarbete med SOK&#8221;, s\u00e4ger Lucas Persson.<\/p><\/blockquote>\n<p><a href=\"https:\/\/sok.se\/idrottsstod---topp-och-talang\/topp-och-talang.html\"><em><strong>H\u00e4r \u00e4r alla de f\u00f6rdelar som de aktiva kan ha av att finnas med i Topp och talang och dra nytta av SOK:s samlade resurser.<\/strong><\/em><\/a><\/p>\n<h3>Sju nya i Topp och Talang<\/h3>\n<ul>\n<li><em><strong>Frida Anders\u00e9n:<\/strong> F\u00e4ltt\u00e4vlan<\/em><\/li>\n<li><em><strong>Caroline Andersson:<\/strong> Landsv\u00e4gscykel<\/em><\/li>\n<li><em><strong>Thea L\u00f6fman<\/strong>: Sl\u00e4gga<\/em><\/li>\n<li><em><strong>Sofia Sj\u00f6borg:<\/strong> F\u00e4ltt\u00e4vlan<\/em><\/li>\n<li><em><strong>Jakob S\u00f6derqvist:<\/strong> Landsv\u00e4gscykel<\/em><\/li>\n<li><em><strong>Jennifer Williams:<\/strong> Gymnastik<\/em><\/li>\n<li><em><strong>Joen Vikingsson Sj\u00f6blom:<\/strong> Tyngdlyftning<\/em><\/li>\n<\/ul>\n<p><em>Text: SOK och SCF<\/em><br \/>\n<em>Foto: SCF<\/em><\/p>\n","protected":false},"excerpt":{"rendered":"<p>Sveriges Olympiska Kommitt\u00e9 har valt ut sju lovande idrottare till st\u00f6dprogrammet Topp och talang. Cyklisterna Jakob S\u00f6derqvist och Caroline Andersson f\u00e5r s\u00e4llskap av fem andra nya idrottare i Topp och talang med sikte p\u00e5 OS i Los Angeles 2028 och Brisbane 2032. Med detta st\u00f6d hoppas SOK hj\u00e4lpa talangerna att ta det sista steget<a href=\"https:\/\/scf.se\/landsvag\/caroline-andersson-och-jakob-soderqvist-tar-plats-i-soks-topp-och-talang\/\" class=\"news-card__more\"> &#8230;<\/a><\/p>\n","protected":false},"author":41,"featured_media":6267,"comment_status":"open","ping_status":"open","sticky":false,"template":"","format":"standard","meta":{"_acf_changed":false,"footnotes":""},"categories":[1],"tags":[],"class_list":["post-6264","post","type-post","status-publish","format-standard","hentry","category-landsvag"],"acf":[],"_links":{"self":[{"href":"https:\/\/scf.se\/landsvag\/wp-json\/wp\/v2\/posts\/6264","targetHints":{"allow":["GET"]}}],"collection":[{"href":"https:\/\/scf.se\/landsvag\/wp-json\/wp\/v2\/posts"}],"about":[{"href":"https:\/\/scf.se\/landsvag\/wp-json\/wp\/v2\/types\/post"}],"author":[{"embeddable":true,"href":"https:\/\/scf.se\/landsvag\/wp-json\/wp\/v2\/users\/41"}],"replies":[{"embeddable":true,"href":"https:\/\/scf.se\/landsvag\/wp-json\/wp\/v2\/comments?post=6264"}],"version-history":[{"count":10,"href":"https:\/\/scf.se\/landsvag\/wp-json\/wp\/v2\/posts\/6264\/revisions"}],"predecessor-version":[{"id":6277,"href":"https:\/\/scf.se\/landsvag\/wp-json\/wp\/v2\/posts\/6264\/revisions\/6277"}],"wp:featuredmedia":[{"embeddable":true,"href":"https:\/\/scf.se\/landsvag\/wp-json\/wp\/v2\/media\/6267"}],"wp:attachment":[{"href":"https:\/\/scf.se\/landsvag\/wp-json\/wp\/v2\/media?parent=6264"}],"wp:term":[{"taxonomy":"category","embeddable":true,"href":"https:\/\/scf.se\/landsvag\/wp-json\/wp\/v2\/categories?post=6264"},{"taxonomy":"post_tag","embeddable":true,"href":"https:\/\/scf.se\/landsvag\/wp-json\/wp\/v2\/tags?post=6264"}],"curies":[{"name":"wp","href":"https:\/\/api.w.org\/{rel}","templated":true}]}}