
{"id":6246,"date":"2025-01-15T18:59:52","date_gmt":"2025-01-15T17:59:52","guid":{"rendered":"https:\/\/scf.se\/landsvag\/?p=6246"},"modified":"2025-01-16T11:22:55","modified_gmt":"2025-01-16T10:22:55","slug":"lovidius-tror-gladjen-i-lucky-sport-kommer-ge-en-ny-bra-sasong","status":"publish","type":"post","link":"https:\/\/scf.se\/landsvag\/lovidius-tror-gladjen-i-lucky-sport-kommer-ge-en-ny-bra-sasong\/","title":{"rendered":"Lovidius tror gl\u00e4djen i Lucky Sports contilag kommer ge ny bra s\u00e4song"},"content":{"rendered":"<p><strong>Vi har tidigare kollat l\u00e4get med ett stabilt Motala AIF Continental, som g\u00f6r sin fj\u00e4rde s\u00e4song. F\u00f6r sk\u00f6nt kaxiga nykomlingen p\u00e5 contiscenen Lucky Sport Cycling Team, som har satt upp Tour de France som sitt l\u00e5ngsiktiga m\u00e5l, \u00e4r l\u00e4get ocks\u00e5 bra. En av de b\u00e4rande cyklisterna, Edvin Lovidius, ber\u00e4ttar om hur det k\u00e4nns att byta h\u00f6stsejouren som l\u00e4rling i amerikanska World Tour-teamet EF Education &#8211; EasyPost till svenska contilaget Lucky Sport.<\/strong><\/p>\n<p>Edvin Lovidius \u00e4r om man ser till hela 2024 den hetaste cyklisten i Lucky Sport d\u00e5 han fanns med i toppen i flera internationella etapplopp, b\u00e5de i sitt d\u00e5varande franska klubblag CC \u00c9tupes och svenska U23-landslaget.<\/p>\n<p>Lovidius k\u00f6rde VM i Z\u00fcrich. Men n\u00e4r det g\u00e4ller landslagsinsatserna 2024 slutade han framf\u00f6r allt femma i Tour du Loir et Cher efter att ha haft ledartr\u00f6jan och var s\u00e5 n\u00e4ra att ta hem en stor klungspurt. Jakob S\u00f6derqvist fanns ocks\u00e5 med uppe i toppen i kampen i totalen.<\/p>\n<a href=\"https:\/\/scf.se\/landsvag\/wp-content\/uploads\/sites\/5\/2024\/05\/EdvinL2-1.jpg\"><img loading=\"lazy\" decoding=\"async\" class=\"alignnone size-full wp-image-5218\" src=\"https:\/\/scf.se\/landsvag\/wp-content\/uploads\/sites\/5\/2024\/05\/EdvinL2-1.jpg\" alt=\"\" width=\"850\" height=\"608\" srcset=\"https:\/\/scf.se\/landsvag\/wp-content\/uploads\/sites\/5\/2024\/05\/EdvinL2-1.jpg 850w, https:\/\/scf.se\/landsvag\/wp-content\/uploads\/sites\/5\/2024\/05\/EdvinL2-1-300x215.jpg 300w, https:\/\/scf.se\/landsvag\/wp-content\/uploads\/sites\/5\/2024\/05\/EdvinL2-1-768x549.jpg 768w\" sizes=\"auto, (max-width: 850px) 100vw, 850px\" \/><\/a>\n<blockquote><p>&#8221;Jag var ganska bra \u00e4ven i Frankrike innan f\u00f6rsta landslagsuppeh\u00e5llet som var Loir et Cher och ett stort delm\u00e5l f\u00f6r mig. Jag hade en riktigt bra period rent mentalt d\u00e4r; riktigt kul med samarbetet och snacket med Jakob och d\u00e5 \u00e4r det l\u00e4ttare att prestera. \u00c4ven om jag missade etappsegern i den d\u00e4r spurten med n\u00e5gon centimeter k\u00e4ndes det mesta bra.<\/p><\/blockquote>\n<p>Det var n\u00e5gra veckor d\u00e4r som var RIKTIGT bra. Det mesta k\u00e4ndes liksom s\u00e5 l\u00e4tt och sj\u00e4lvklart.<\/p>\n<blockquote><p>&#8221;N\u00e4r jag och Jakob snackade med varandra efter\u00e5t var vi kaxiga p\u00e5 skoj och jag sa att jag skulle ta en etappseger i n\u00e4sta lopp i Frankrike (Ronde de l&#8217;Isard) och s\u00e5 vann jag ju f\u00f6rsta etappen d\u00e4r \u2013 och han vann hela Tour de Bretagne. Det blev som vi sa och jag red p\u00e5 en sj\u00e4lvf\u00f6rtroendeboost d\u00e4r n\u00e5gra veckor till&#8221;, s\u00e4ger Edvin Lovidius.<\/p><\/blockquote>\n<p>Det gav eko utanf\u00f6r landets gr\u00e4nser. Just n\u00e4r det inte fanns n\u00e5gra gr\u00e4nser s\u00e5 kom det lite sjukdomsproblem och Lovidius var sliten med alla lopp b\u00e5de i landslag och franska klubblaget in mot sommarens SM-t\u00e4vlingar.<\/p>\n<blockquote><p>&#8221;Jag skulle beh\u00f6vt en paus och f\u00f6rs\u00f6kte d\u00f6lja den d\u00e5liga formen b\u00e4st jag kunde p\u00e5 SM (\u00e4nd\u00e5 tv\u00e5a p\u00e5 kortdistansen i V\u00e4ster\u00e5s, v\u00e5r anm\u00e4rkning) men kom tillbaka n\u00e4r jag fick min beh\u00f6vliga tr\u00e4ningsperiod och det k\u00e4ndes b\u00e4ttre redan p\u00e5 U6.&#8221;<\/p><\/blockquote>\n<p>Det var givetvis en j\u00e4ttechans med l\u00e4rlingskontraktet med EF Education fr\u00e5n augusti.<\/p>\n<blockquote><p>&#8221;Och inte alls bortkastat \u00e4ven om jag inte var i tillr\u00e4ckligt bra slag f\u00f6r den otroligt h\u00f6ga niv\u00e5n. Men jag fick bita ihop och bidra till laget som alla andra hade gjort f\u00f6r mig tidigare under s\u00e4songen. Men jag fik bra erfarenheter och inspiration inf\u00f6r framtiden p\u00e5 en s\u00e5dan niv\u00e5. Jag vet hur det funkar och beh\u00f6ver inte vara s\u00e5 nerv\u00f6s inf\u00f6r en st\u00f6rre t\u00e4vling.&#8221;<\/p><\/blockquote>\n<p>Det fanns diskussioner om att k\u00f6ra i EF:s utvecklingslag. Men det drog ut p\u00e5 tiden och till sist blev det ingen detta.<\/p>\n<p>&#8221;I det l\u00e4get k\u00e4nde jag att jag var ganska attraktiv f\u00f6r flera team men det fanns inga platser \u00f6ver.&#8221;<\/p>\n<p>I det l\u00e4get d\u00f6k Edvin upp p\u00e5 Lucky Sports stora presstr\u00e4ff i b\u00f6rjan av december.<\/p>\n<blockquote><p>&#8221;Ja, i det l\u00e4get ringde Oskar (Ekman) och sa att han hade ett projekt p\u00e5 g\u00e5ng. Och n\u00e4r jag fick h\u00f6ra lite mera om det sa jag direkt: &#8217;Det h\u00e4r jag k\u00f6r p\u00e5 om det blir av \u2013 oavsett om jag f\u00e5r n\u00e5got annat som poppar upp efter\u00e5t&#8217;. Det k\u00e4ndes som ett kul projekt som jag kan g\u00e5 in i ganska avslappnad d\u00e5 jag k\u00e4nner i stort sett alla. Och det har jag l\u00e4rt mig av \u00e5rets s\u00e4song. N\u00e4r det \u00e4r kul s\u00e5 \u00e4r det s\u00e5 mycket l\u00e4ttare att g\u00f6ra en bra s\u00e4song&#8230;&#8221;<\/p><\/blockquote>\n<p>Men det finns fler som har t\u00e4vlat p\u00e5 ungef\u00e4r samma niv\u00e5 som Edvin i Lucky Sport. Axel K\u00e4llberg \u00e4r exempelvis en finl\u00e4ndsk cyklist som k\u00f6rde U23-VM och kommer fr\u00e5n ett nederl\u00e4ndskt utvecklingslag senast. Laget har inte f\u00f6r\u00e4ndrats i sammans\u00e4ttningen p\u00e5 den m\u00e5nad som teamet har funnits officiellt.<\/p>\n<h2>Lucky Sport Cycling Team 2025<\/h2>\n<ul>\n<li><em><strong>Edvin Lovidius<\/strong><\/em><\/li>\n<li><em><strong>Axel K\u00e4llberg<\/strong><\/em><\/li>\n<li><em><strong>Carl Kagevi<\/strong><\/em><\/li>\n<li><em><strong>Hjalmar Klyver<\/strong><\/em><\/li>\n<li><em><strong>Viktor Lychou<\/strong><\/em><\/li>\n<li><em><strong>Amir Ansari<\/strong><\/em><\/li>\n<li><em><strong>Gustav Thompson<\/strong><\/em><\/li>\n<li><em><strong>Johan Borgstr\u00f6m<\/strong><\/em><\/li>\n<li><em><strong>Max Nielsen<\/strong><\/em><\/li>\n<li><em><strong>Wilhelm Wallinder<\/strong><\/em><\/li>\n<li><em><strong>Wincent Wallinder<\/strong><\/em><\/li>\n<\/ul>\n<a href=\"https:\/\/scf.se\/landsvag\/wp-content\/uploads\/sites\/5\/2025\/01\/Ekman1.jpg\"><img loading=\"lazy\" decoding=\"async\" class=\"alignnone size-full wp-image-6285\" src=\"https:\/\/scf.se\/landsvag\/wp-content\/uploads\/sites\/5\/2025\/01\/Ekman1.jpg\" alt=\"\" width=\"1833\" height=\"1458\" srcset=\"https:\/\/scf.se\/landsvag\/wp-content\/uploads\/sites\/5\/2025\/01\/Ekman1.jpg 1833w, https:\/\/scf.se\/landsvag\/wp-content\/uploads\/sites\/5\/2025\/01\/Ekman1-300x239.jpg 300w, https:\/\/scf.se\/landsvag\/wp-content\/uploads\/sites\/5\/2025\/01\/Ekman1-1024x815.jpg 1024w, https:\/\/scf.se\/landsvag\/wp-content\/uploads\/sites\/5\/2025\/01\/Ekman1-768x611.jpg 768w, https:\/\/scf.se\/landsvag\/wp-content\/uploads\/sites\/5\/2025\/01\/Ekman1-1536x1222.jpg 1536w\" sizes=\"auto, (max-width: 1833px) 100vw, 1833px\" \/><\/a>\n<p>Oskar Ekman \u00e4r team manager och kommer nu jobba heltid med Lucky Sport, vilket s\u00e4ger en del om projektets storlek. Ekman s\u00e4ger s\u00e5 h\u00e4r ang\u00e5ende om det kan tillkomma ytterligare n\u00e5gon cyklist den n\u00e4rmaste tiden och hur t\u00e4vlingsprogrammet ser ut:<\/p>\n<blockquote><p>&#8221;Vi k\u00f6r med de elva killar som vi har och som vi presenterar en via Instagram och Facebook just nu. Det \u00e4r klart att vi kommer att \u00e5ka p\u00e5 tr\u00e4ningsl\u00e4ger till Kanarie\u00f6arna under februari. T\u00e4vlingsprogrammet byggs p\u00e5 just nu, men det som man kan s\u00e4ga \u00e4r v\u00e4l att s\u00e4songsstarten utomlands blir 8 mars.&#8221;<\/p><\/blockquote>\n<p><em>Text och foto: Tomas Larson\/SCF<\/em><\/p>\n","protected":false},"excerpt":{"rendered":"<p>Vi har tidigare kollat l\u00e4get med ett stabilt Motala AIF Continental, som g\u00f6r sin fj\u00e4rde s\u00e4song. F\u00f6r sk\u00f6nt kaxiga nykomlingen p\u00e5 contiscenen Lucky Sport Cycling Team, som har satt upp Tour de France som sitt l\u00e5ngsiktiga m\u00e5l, \u00e4r l\u00e4get ocks\u00e5 bra. En av de b\u00e4rande cyklisterna, Edvin Lovidius, ber\u00e4ttar om hur det k\u00e4nns att<a href=\"https:\/\/scf.se\/landsvag\/lovidius-tror-gladjen-i-lucky-sport-kommer-ge-en-ny-bra-sasong\/\" class=\"news-card__more\"> &#8230;<\/a><\/p>\n","protected":false},"author":41,"featured_media":6287,"comment_status":"open","ping_status":"open","sticky":false,"template":"","format":"standard","meta":{"_acf_changed":false,"footnotes":""},"categories":[1],"tags":[],"class_list":["post-6246","post","type-post","status-publish","format-standard","hentry","category-landsvag"],"acf":[],"_links":{"self":[{"href":"https:\/\/scf.se\/landsvag\/wp-json\/wp\/v2\/posts\/6246","targetHints":{"allow":["GET"]}}],"collection":[{"href":"https:\/\/scf.se\/landsvag\/wp-json\/wp\/v2\/posts"}],"about":[{"href":"https:\/\/scf.se\/landsvag\/wp-json\/wp\/v2\/types\/post"}],"author":[{"embeddable":true,"href":"https:\/\/scf.se\/landsvag\/wp-json\/wp\/v2\/users\/41"}],"replies":[{"embeddable":true,"href":"https:\/\/scf.se\/landsvag\/wp-json\/wp\/v2\/comments?post=6246"}],"version-history":[{"count":14,"href":"https:\/\/scf.se\/landsvag\/wp-json\/wp\/v2\/posts\/6246\/revisions"}],"predecessor-version":[{"id":6298,"href":"https:\/\/scf.se\/landsvag\/wp-json\/wp\/v2\/posts\/6246\/revisions\/6298"}],"wp:featuredmedia":[{"embeddable":true,"href":"https:\/\/scf.se\/landsvag\/wp-json\/wp\/v2\/media\/6287"}],"wp:attachment":[{"href":"https:\/\/scf.se\/landsvag\/wp-json\/wp\/v2\/media?parent=6246"}],"wp:term":[{"taxonomy":"category","embeddable":true,"href":"https:\/\/scf.se\/landsvag\/wp-json\/wp\/v2\/categories?post=6246"},{"taxonomy":"post_tag","embeddable":true,"href":"https:\/\/scf.se\/landsvag\/wp-json\/wp\/v2\/tags?post=6246"}],"curies":[{"name":"wp","href":"https:\/\/api.w.org\/{rel}","templated":true}]}}