
{"id":6180,"date":"2024-12-05T18:37:39","date_gmt":"2024-12-05T17:37:39","guid":{"rendered":"https:\/\/scf.se\/landsvag\/?p=6180"},"modified":"2024-12-05T18:48:02","modified_gmt":"2024-12-05T17:48:02","slug":"nya-contilaget-lucky-sport-gor-langsiktig-storsatsning-mot-tour-de-france","status":"publish","type":"post","link":"https:\/\/scf.se\/landsvag\/nya-contilaget-lucky-sport-gor-langsiktig-storsatsning-mot-tour-de-france\/","title":{"rendered":"Nytt continentalteam g\u00f6r l\u00e5ngsiktig storsatsning \u2013 mot Tour de France"},"content":{"rendered":"<p><strong>Under torsdagen presenterades Lucky Sport Cycling Team. Det \u00e4r en ambiti\u00f6s och v\u00e4ldigt l\u00e5ngsiktig satsning med det skyh\u00f6ga m\u00e5let att f\u00f6rst etablera ett proffslag p\u00e5 continiv\u00e5, sedan avancera till &#8221;andraligan&#8221; \u2013 och l\u00e5ngt d\u00e4rframme kvalificera sig f\u00f6r Tour de France. Ni h\u00f6r!<\/strong><\/p>\n<p>Bland de ledare och cyklister som ing\u00e5r i laget finns som spindeln i n\u00e4tet Oskar Ekman. Han \u00e4r Team manager och kommer nu jobba heltid med Lucky Sport.<\/p>\n<a href=\"https:\/\/scf.se\/landsvag\/wp-content\/uploads\/sites\/5\/2024\/12\/Lucky4.jpg\"><img loading=\"lazy\" decoding=\"async\" class=\"alignnone size-full wp-image-6186\" src=\"https:\/\/scf.se\/landsvag\/wp-content\/uploads\/sites\/5\/2024\/12\/Lucky4.jpg\" alt=\"\" width=\"1114\" height=\"1512\" srcset=\"https:\/\/scf.se\/landsvag\/wp-content\/uploads\/sites\/5\/2024\/12\/Lucky4.jpg 1114w, https:\/\/scf.se\/landsvag\/wp-content\/uploads\/sites\/5\/2024\/12\/Lucky4-221x300.jpg 221w, https:\/\/scf.se\/landsvag\/wp-content\/uploads\/sites\/5\/2024\/12\/Lucky4-754x1024.jpg 754w, https:\/\/scf.se\/landsvag\/wp-content\/uploads\/sites\/5\/2024\/12\/Lucky4-768x1042.jpg 768w\" sizes=\"auto, (max-width: 1114px) 100vw, 1114px\" \/><\/a>\n<blockquote><p>&#8221;Ja, vi kommer att resa runt i hela Europa och t\u00e4vla. Det \u00e4r ett j\u00e4ttestort commitment f\u00f6r oss ledare \u2013 och \u00e4ven cyklisterna&#8221;, s\u00e4ger Oskar Ekman.<\/p><\/blockquote>\n<a href=\"https:\/\/scf.se\/landsvag\/wp-content\/uploads\/sites\/5\/2024\/12\/Lucky3.jpg\"><img loading=\"lazy\" decoding=\"async\" class=\"alignnone size-full wp-image-6187\" src=\"https:\/\/scf.se\/landsvag\/wp-content\/uploads\/sites\/5\/2024\/12\/Lucky3.jpg\" alt=\"\" width=\"1633\" height=\"1512\" srcset=\"https:\/\/scf.se\/landsvag\/wp-content\/uploads\/sites\/5\/2024\/12\/Lucky3.jpg 1633w, https:\/\/scf.se\/landsvag\/wp-content\/uploads\/sites\/5\/2024\/12\/Lucky3-300x278.jpg 300w, https:\/\/scf.se\/landsvag\/wp-content\/uploads\/sites\/5\/2024\/12\/Lucky3-1024x948.jpg 1024w, https:\/\/scf.se\/landsvag\/wp-content\/uploads\/sites\/5\/2024\/12\/Lucky3-768x711.jpg 768w, https:\/\/scf.se\/landsvag\/wp-content\/uploads\/sites\/5\/2024\/12\/Lucky3-1536x1422.jpg 1536w\" sizes=\"auto, (max-width: 1633px) 100vw, 1633px\" \/><\/a>\n<p>Vissa jobbar en del eller som Amir Ansari pluggar. Ni har tidigare f\u00e5tt en liten inblick i Amirs fantastiska resa som ensamkommande flyktning fr\u00e5n Afghanistan och hur han i ett sk\u00f6rt tillst\u00e5nd hittade ett sammanhang med cyklingen i Stockholm CK. Den h\u00e4r s\u00e4songen har Amir k\u00f6rt b\u00e5de OS f\u00f6r IOC:s flyktinglag och VM f\u00f6r UCI:s motsvarighet.<\/p>\n<blockquote><p>&#8221;Ja, det \u00e4r verkligen en fantastisk resa och en s\u00e5 bra kille. Amir var den av s\u00e5 m\u00e5nga sk\u00e4l som jag ringde till f\u00f6rst av alla n\u00e4r vi skulle b\u00f6rja bygga ett lag&#8221;, s\u00e4ger Oskar Ekman.<\/p><\/blockquote>\n<a href=\"https:\/\/scf.se\/landsvag\/wp-content\/uploads\/sites\/5\/2024\/12\/Lucky6.jpg\"><img loading=\"lazy\" decoding=\"async\" class=\"alignnone size-full wp-image-6184\" src=\"https:\/\/scf.se\/landsvag\/wp-content\/uploads\/sites\/5\/2024\/12\/Lucky6.jpg\" alt=\"\" width=\"1236\" height=\"1280\" srcset=\"https:\/\/scf.se\/landsvag\/wp-content\/uploads\/sites\/5\/2024\/12\/Lucky6.jpg 1236w, https:\/\/scf.se\/landsvag\/wp-content\/uploads\/sites\/5\/2024\/12\/Lucky6-290x300.jpg 290w, https:\/\/scf.se\/landsvag\/wp-content\/uploads\/sites\/5\/2024\/12\/Lucky6-989x1024.jpg 989w, https:\/\/scf.se\/landsvag\/wp-content\/uploads\/sites\/5\/2024\/12\/Lucky6-768x795.jpg 768w\" sizes=\"auto, (max-width: 1236px) 100vw, 1236px\" \/><\/a>\n<p>Den under \u00e5ret hetaste cyklisten som var p\u00e5 plats vid torsdagens v\u00e4lbes\u00f6kta presskonferens var Edvin Lovidius; VM-cyklist med flera framskjutna placeringar internationellt och l\u00e4nge en extremt vass s\u00e4song. P\u00e5 h\u00f6sten hade han l\u00e4rlingskontrakt med World Tour-laget EF Education-EasyPost.<\/p>\n<a href=\"https:\/\/scf.se\/landsvag\/wp-content\/uploads\/sites\/5\/2024\/12\/Lucky5.jpg\"><img loading=\"lazy\" decoding=\"async\" class=\"alignnone size-full wp-image-6185\" src=\"https:\/\/scf.se\/landsvag\/wp-content\/uploads\/sites\/5\/2024\/12\/Lucky5.jpg\" alt=\"\" width=\"2015\" height=\"1468\" srcset=\"https:\/\/scf.se\/landsvag\/wp-content\/uploads\/sites\/5\/2024\/12\/Lucky5.jpg 2015w, https:\/\/scf.se\/landsvag\/wp-content\/uploads\/sites\/5\/2024\/12\/Lucky5-300x219.jpg 300w, https:\/\/scf.se\/landsvag\/wp-content\/uploads\/sites\/5\/2024\/12\/Lucky5-1024x746.jpg 1024w, https:\/\/scf.se\/landsvag\/wp-content\/uploads\/sites\/5\/2024\/12\/Lucky5-768x560.jpg 768w, https:\/\/scf.se\/landsvag\/wp-content\/uploads\/sites\/5\/2024\/12\/Lucky5-1536x1119.jpg 1536w\" sizes=\"auto, (max-width: 2015px) 100vw, 2015px\" \/><\/a>\n<p>Axel K\u00e4llberg \u00e4r en finl\u00e4ndsk cyklist som k\u00f6rde U23-VM och kommer fr\u00e5n ett nederl\u00e4ndskt utvecklingslag senast. \u00c4nd\u00e5 ett stort beslut att hoppa p\u00e5 ett helt nytt svenskt team.<\/p>\n<blockquote><p>&#8221;Kombinationen att jag f\u00e5r ett bra tr\u00e4ningsuppl\u00e4gg i ett team som \u00e4ven vill upp\u00e5t och fram\u00e5t sj\u00e4lva i en sportslig utveckling med v\u00e4ldigt h\u00f6ga l\u00e5ngsiktiga m\u00e5l var helt avg\u00f6rande f\u00f6r att vilja g\u00e5 till det h\u00e4r teamet&#8221;, s\u00e4ger Axel K\u00e4llberg.<\/p><\/blockquote>\n<p>Carl Kagevi har kamperat mycket med K\u00e4llberg p\u00e5 Hagstr\u00f6mska i Falun och \u00e4ven med Lovidius i s\u00e5v\u00e4l S\u00f6dert\u00e4lje som U23-landslaget.<\/p>\n<p><strong><a href=\"https:\/\/scf.se\/landsvag\/wp-content\/uploads\/sites\/5\/2024\/12\/LuckyVimmel.jpg\"><img loading=\"lazy\" decoding=\"async\" class=\"alignnone size-full wp-image-6202\" src=\"https:\/\/scf.se\/landsvag\/wp-content\/uploads\/sites\/5\/2024\/12\/LuckyVimmel.jpg\" alt=\"\" width=\"1720\" height=\"1404\" srcset=\"https:\/\/scf.se\/landsvag\/wp-content\/uploads\/sites\/5\/2024\/12\/LuckyVimmel.jpg 1720w, https:\/\/scf.se\/landsvag\/wp-content\/uploads\/sites\/5\/2024\/12\/LuckyVimmel-300x245.jpg 300w, https:\/\/scf.se\/landsvag\/wp-content\/uploads\/sites\/5\/2024\/12\/LuckyVimmel-1024x836.jpg 1024w, https:\/\/scf.se\/landsvag\/wp-content\/uploads\/sites\/5\/2024\/12\/LuckyVimmel-768x627.jpg 768w, https:\/\/scf.se\/landsvag\/wp-content\/uploads\/sites\/5\/2024\/12\/LuckyVimmel-1536x1254.jpg 1536w\" sizes=\"auto, (max-width: 1720px) 100vw, 1720px\" \/><\/a><\/strong><\/p>\n<blockquote><p>&#8221;Carl \u00e4r en cyklist som tenderar att vara i bra form under v\u00e4ldigt l\u00e5nga perioder, vilket \u00e4r en liten brist inom svensk cykel d\u00e4r man ofta kommer i form ganska tidigt och f\u00e5r en tuffare h\u00f6st. D\u00e4r har vi lite att jobba med. Annars kommer det inte att bli n\u00e5gra st\u00f6rre problem att vara tr\u00e4nare f\u00f6r just nu \u00e5tta av de h\u00e4r cyklisterna d\u00e5 vi k\u00e4nner varandra sedan tidigare. D\u00e5 \u00e4r det ocks\u00e5 l\u00e4ttare att ha h\u00f6gt till tak i gruppen vilket jag gillar. Det h\u00e4r kan bli riktigt bra&#8221;, s\u00e4ger Martin S\u00f6derholm, som ocks\u00e5 blir sportchef.<\/p><\/blockquote>\n<p>Med devisen \u201dkan andra nordiska team s\u00e5 kan vi\u201d presenterade Oskar Ekman f\u00f6ljande plan \u00f6ver tio \u00e5r. F\u00f6rst UCI Continental Team i tre till fem \u00e5r d\u00e4r f\u00f6ljande punkter \u00e4r viktiga.<\/p>\n<ul>\n<li>Bidra till ett positivt cykelklimat i Sverige.<\/li>\n<li>Etablera Lucky Sport Cycling Team som en utmanare i internationella t\u00e4vlingar.<\/li>\n<li>Vinna SM-guld i b\u00e5de linje- och tempolopp, inte minst det senare \u00e4r ett v\u00e4ldigt h\u00f6gt uppsatt m\u00e5l med avseende p\u00e5 konkurrensen.<\/li>\n<\/ul>\n<p>Sedan \u00e4r det en h\u00e5rd gallring till de team som erbjuds plats p\u00e5 andraniv\u00e5n, UCI Pro Continental d\u00e4r vi snackar ytterligare fem till sju \u00e5r innan det d\u00e4r wild card-erbjudandet till Touren dimper ner. H\u00e4r \u00e4r ocks\u00e5 de tidigt satta m\u00e5len mycket mera konkreta:<\/p>\n<ul>\n<li>Vara ett draglok f\u00f6r cykling i Sverige.<\/li>\n<li>Utmana internationella storlag i de stora loppen och etapploppen.<\/li>\n<\/ul>\n<p>Han tycker att tajmingen \u00e4r perfekt med stora framg\u00e5ngar i flera olika cykelgrenarna under 2024, \u00e5terkomst av UCI-lopp p\u00e5 hemmaplan n\u00e4r det g\u00e4ller landsv\u00e4g 2025 och s\u00e5 Svenska Cykelf\u00f6rbundets projekt Tour of Sweden f\u00f6r U23-lag om ytterligare ett \u00e5r.<\/p>\n<blockquote><p>&#8221;Jag tycker att niv\u00e5n som s\u00e5 m\u00e5nga unga MTB-cyklister h\u00e5ller g\u00f6r framtiden extra intressant. D\u00e4r har vi n\u00e5got inom svensk cykel, titta bara p\u00e5 Jakob S\u00f6derqvist. I laget finns ocks\u00e5 flera cyklister med stor potential som just har l\u00e4mnat U23-klassen och f\u00f6r dom kan det h\u00e4r teamet n\u00e4rmast bli r\u00e4ddningen f\u00f6r karri\u00e4ren samtidigt som vi f\u00e5r in duktiga cyklister&#8221;, s\u00e4ger Oskar Ekman.<\/p><\/blockquote>\n<a href=\"https:\/\/scf.se\/landsvag\/wp-content\/uploads\/sites\/5\/2024\/12\/Lucky2.jpg\"><img loading=\"lazy\" decoding=\"async\" class=\"alignnone size-full wp-image-6188\" src=\"https:\/\/scf.se\/landsvag\/wp-content\/uploads\/sites\/5\/2024\/12\/Lucky2.jpg\" alt=\"\" width=\"1790\" height=\"1847\" srcset=\"https:\/\/scf.se\/landsvag\/wp-content\/uploads\/sites\/5\/2024\/12\/Lucky2.jpg 1790w, https:\/\/scf.se\/landsvag\/wp-content\/uploads\/sites\/5\/2024\/12\/Lucky2-291x300.jpg 291w, https:\/\/scf.se\/landsvag\/wp-content\/uploads\/sites\/5\/2024\/12\/Lucky2-992x1024.jpg 992w, https:\/\/scf.se\/landsvag\/wp-content\/uploads\/sites\/5\/2024\/12\/Lucky2-768x792.jpg 768w, https:\/\/scf.se\/landsvag\/wp-content\/uploads\/sites\/5\/2024\/12\/Lucky2-1489x1536.jpg 1489w\" sizes=\"auto, (max-width: 1790px) 100vw, 1790px\" \/><\/a>\n<p>P\u00e5 l\u00f6rdag ska hela g\u00e4nget tr\u00e4ffas och f\u00e5 k\u00e4nna lite p\u00e5 de nya cyklarna och hela laguppst\u00e4llningen ser ut enligt f\u00f6ljande, ett ungt lag med andra ord.<\/p>\n<h2>Lucky Sport Cycling Team 2025<\/h2>\n<ul>\n<li><strong>Edvin Lovidius<\/strong>, 2002<\/li>\n<li><strong>Amir Ansari<\/strong>, 1999<\/li>\n<li><strong>Axel K\u00e4llberg,<\/strong> 2003<\/li>\n<li><strong>Carl Kagevi<\/strong>, 2002<\/li>\n<li><strong>Gustav Thompson,<\/strong> 2002<\/li>\n<li><strong>Hjalmar Klyver,<\/strong> 2001<\/li>\n<li><strong>Johan Borgstr\u00f6m<\/strong>, 2004<\/li>\n<li><strong>Max Nielsen,<\/strong> 2004<\/li>\n<li><strong>Viktor Lychou<\/strong>, 2001<\/li>\n<li><strong>Wilhelm Wallinder,<\/strong> 2001<\/li>\n<li><strong>Wincent Wallinder<\/strong>, 2001<\/li>\n<\/ul>\n<p>Lucky Sport Cycling Team blir det andra svenska contilaget i n\u00e4rtid.\u00a0 Motala AIF Serneke Allebike k\u00f6rde 2024 f\u00f6r andra \u00e5ret i rad ett continentallag \u2013 samma niv\u00e5 som Lucky Sport Cycling Team nu ska etablera sig p\u00e5. Det ser ut att bli ett tredje \u00e5r s\u00e5 vi kan definitivt f\u00e5 m\u00e5nga prestigekamper mellan tv\u00e5 svenska contilag 2025.<\/p>\n<p>Contilagen och tidigare ocks\u00e5 Oskar Ekmans Team Svealand-projekt \u00e4r viktigt f\u00f6r att f\u00f6r svenska unga cyklister som beh\u00f6ver internationell erfarenhet. P\u00e5 damsidan \u00e4r det procentuellt sett mycket vanligare att unga cyklister f\u00e5r kontrakt med utl\u00e4ndska proffsteam.<\/p>\n<ul>\n<li><em><strong>\u00a0SCF.se n\u00e4sta vecka: Edvin Lovidius i en intervju om en l\u00e4nge extremt bra s\u00e4song och tankarna inf\u00f6r n\u00e4sta \u00e5r med Lucky Sport Cycling Team<\/strong>.<\/em><\/li>\n<\/ul>\n<p><em>Text och foto: Tomas Larson\/SCF<\/em><\/p>\n","protected":false},"excerpt":{"rendered":"<p>Under torsdagen presenterades Lucky Sport Cycling Team. Det \u00e4r en ambiti\u00f6s och v\u00e4ldigt l\u00e5ngsiktig satsning med det skyh\u00f6ga m\u00e5let att f\u00f6rst etablera ett proffslag p\u00e5 continiv\u00e5, sedan avancera till &#8221;andraligan&#8221; \u2013 och l\u00e5ngt d\u00e4rframme kvalificera sig f\u00f6r Tour de France. Ni h\u00f6r! Bland de ledare och cyklister som ing\u00e5r i laget finns som spindeln<a href=\"https:\/\/scf.se\/landsvag\/nya-contilaget-lucky-sport-gor-langsiktig-storsatsning-mot-tour-de-france\/\" class=\"news-card__more\"> &#8230;<\/a><\/p>\n","protected":false},"author":41,"featured_media":6200,"comment_status":"open","ping_status":"open","sticky":false,"template":"","format":"standard","meta":{"_acf_changed":false,"footnotes":""},"categories":[1],"tags":[],"class_list":["post-6180","post","type-post","status-publish","format-standard","hentry","category-landsvag"],"acf":[],"_links":{"self":[{"href":"https:\/\/scf.se\/landsvag\/wp-json\/wp\/v2\/posts\/6180","targetHints":{"allow":["GET"]}}],"collection":[{"href":"https:\/\/scf.se\/landsvag\/wp-json\/wp\/v2\/posts"}],"about":[{"href":"https:\/\/scf.se\/landsvag\/wp-json\/wp\/v2\/types\/post"}],"author":[{"embeddable":true,"href":"https:\/\/scf.se\/landsvag\/wp-json\/wp\/v2\/users\/41"}],"replies":[{"embeddable":true,"href":"https:\/\/scf.se\/landsvag\/wp-json\/wp\/v2\/comments?post=6180"}],"version-history":[{"count":15,"href":"https:\/\/scf.se\/landsvag\/wp-json\/wp\/v2\/posts\/6180\/revisions"}],"predecessor-version":[{"id":6204,"href":"https:\/\/scf.se\/landsvag\/wp-json\/wp\/v2\/posts\/6180\/revisions\/6204"}],"wp:featuredmedia":[{"embeddable":true,"href":"https:\/\/scf.se\/landsvag\/wp-json\/wp\/v2\/media\/6200"}],"wp:attachment":[{"href":"https:\/\/scf.se\/landsvag\/wp-json\/wp\/v2\/media?parent=6180"}],"wp:term":[{"taxonomy":"category","embeddable":true,"href":"https:\/\/scf.se\/landsvag\/wp-json\/wp\/v2\/categories?post=6180"},{"taxonomy":"post_tag","embeddable":true,"href":"https:\/\/scf.se\/landsvag\/wp-json\/wp\/v2\/tags?post=6180"}],"curies":[{"name":"wp","href":"https:\/\/api.w.org\/{rel}","templated":true}]}}