
{"id":6164,"date":"2024-11-17T12:50:54","date_gmt":"2024-11-17T11:50:54","guid":{"rendered":"https:\/\/scf.se\/landsvag\/?p=6164"},"modified":"2024-12-05T16:40:08","modified_gmt":"2024-12-05T15:40:08","slug":"svenska-idrottsgalan-jakob-soderqvist-nominerad-som-arets-nykomling","status":"publish","type":"post","link":"https:\/\/scf.se\/landsvag\/svenska-idrottsgalan-jakob-soderqvist-nominerad-som-arets-nykomling\/","title":{"rendered":"Idrottsgalan: Jakob S\u00f6derqvist \u00e4r nominerad som \u00c5rets nykomling"},"content":{"rendered":"<p><strong>Jakob S\u00f6derqvist har haft ett sensationellt bra \u00e5r p\u00e5 cykelscenen. Nu \u00e4r Jakob nominerad i kategorin \u00c5rets nykomling p\u00e5 stora Svenska idrottsgalan. Med flera internationella framg\u00e5ngar i tempolopp och en b\u00e4rande roll i Lidl-Trek Future Racing, har han etablerat sig i v\u00e4rldseliten p\u00e5 landsv\u00e4g i sitt \u00e5ldersspann \u2013 inte minst i tempo.<\/strong><\/p>\n<h3><a href=\"https:\/\/www.youtube.com\/watch?v=OlFSBgZ_OBg\"><em>Vi tr\u00e4ffade Jakob S\u00f6derqvist i velodromen hemma i Falun.<\/em><\/a><\/h3>\n<blockquote><p>\u201dDet h\u00e4r k\u00e4nns s\u00e5klart riktigt stort, Idrottsgalan \u00e4r ju det st\u00f6rsta sammanhanget i Sverige d\u00e4r man kan bli uppm\u00e4rksammad som cyklist,\u201d s\u00e4ger Jakob.<\/p><\/blockquote>\n<p>Svenska Idrottsakademins nomineringsjury har sammantr\u00e4tt och kommit fram till f\u00f6ljande nominerade inf\u00f6r Idrottsgalan 2025, som direkts\u00e4nds i SVT den 20 januari 2025 fr\u00e5n Strawberry arena.<\/p>\n<a href=\"https:\/\/scf.se\/landsvag\/wp-content\/uploads\/sites\/5\/2024\/11\/Nykomling.avif\"><img loading=\"lazy\" decoding=\"async\" class=\"alignnone size-full wp-image-6175\" src=\"https:\/\/scf.se\/landsvag\/wp-content\/uploads\/sites\/5\/2024\/11\/Nykomling.avif\" alt=\"\" width=\"1782\" height=\"1002\" srcset=\"https:\/\/scf.se\/landsvag\/wp-content\/uploads\/sites\/5\/2024\/11\/Nykomling.avif 1782w, https:\/\/scf.se\/landsvag\/wp-content\/uploads\/sites\/5\/2024\/11\/Nykomling-300x169.avif 300w, https:\/\/scf.se\/landsvag\/wp-content\/uploads\/sites\/5\/2024\/11\/Nykomling-1024x576.avif 1024w, https:\/\/scf.se\/landsvag\/wp-content\/uploads\/sites\/5\/2024\/11\/Nykomling-768x432.avif 768w, https:\/\/scf.se\/landsvag\/wp-content\/uploads\/sites\/5\/2024\/11\/Nykomling-1536x864.avif 1536w\" sizes=\"auto, (max-width: 1782px) 100vw, 1782px\" \/><\/a>\n<h3>De nominerade i kategorin \u00c5rets nykomling<\/h3>\n<ul>\n<li><strong>Tara Babulfath<\/strong>,\u00a0Judo<\/li>\n<li><strong>Lucas Bergvall<\/strong>, Fotboll<\/li>\n<li><strong>Vanessa Kamga<\/strong>, Friidrott<\/li>\n<li><strong>Jakob S\u00f6derqvist<\/strong>, cykel<\/li>\n<\/ul>\n<p>En som synes stark kvartett. Och det har ocks\u00e5 g\u00e5tt fort f\u00f6r Jakob. F\u00f6r ett och ett halvt \u00e5r sedan var MTB-cyklisten en ny bekantskap f\u00f6r de som enbart f\u00f6ljer landsv\u00e4gscykling. Det blev ett ov\u00e4ntat silver under tempo-SM i Bj\u00f6rklinge d\u00e5 han var under tv\u00e5 sekunder efter den internationellt g\u00e5ngbare tempocyklisten Jacob Ahlsson. P\u00e5 en l\u00e5nad cykel.<\/p>\n<p>Efter sitt genombrott p\u00e5 hemmaplan har han i \u00e5r s\u00e4krat silvermedaljer p\u00e5 b\u00e5de EM och VM i U23-klassen i tempo \u2013 hans favoritdisciplin som han har lagt stort fokus p\u00e5.<\/p>\n<p>P\u00e5 fr\u00e5gan om vad han hade f\u00f6r tankar efter beskedet om nomineringen till \u00c5rets Nykomling svarar Jakob s\u00e5 h\u00e4r:<\/p>\n<blockquote><p>\u201dJag blev f\u00f6rst v\u00e4ldigt \u00f6verraskad. Det h\u00e4r var ingenting jag alls hade t\u00e4nkt p\u00e5. Men n\u00e4r jag b\u00f6rjade fundera p\u00e5 vad som faktiskt har h\u00e4nt under det senaste \u00e5ret, s\u00e5 kan jag \u00e4nd\u00e5 k\u00f6pa att jag har blivit nominerad. Det \u00e4r b\u00e5de smickrande och kul, och sedan k\u00e4nns det som att det \u00e4r bra f\u00f6r svensk cykelsport. Jag blev j\u00e4tteglad n\u00e4r jag fick beskedet mitt i ett tr\u00e4ningspass \u2013 valde att stanna och svara i telefonen.\u201d<\/p><\/blockquote>\n<a href=\"https:\/\/scf.se\/landsvag\/wp-content\/uploads\/sites\/5\/2024\/08\/Jakob122222.jpg\"><img loading=\"lazy\" decoding=\"async\" class=\"alignnone size-full wp-image-5623\" src=\"https:\/\/scf.se\/landsvag\/wp-content\/uploads\/sites\/5\/2024\/08\/Jakob122222.jpg\" alt=\"\" width=\"1280\" height=\"914\" srcset=\"https:\/\/scf.se\/landsvag\/wp-content\/uploads\/sites\/5\/2024\/08\/Jakob122222.jpg 1280w, https:\/\/scf.se\/landsvag\/wp-content\/uploads\/sites\/5\/2024\/08\/Jakob122222-300x214.jpg 300w, https:\/\/scf.se\/landsvag\/wp-content\/uploads\/sites\/5\/2024\/08\/Jakob122222-1024x731.jpg 1024w, https:\/\/scf.se\/landsvag\/wp-content\/uploads\/sites\/5\/2024\/08\/Jakob122222-768x548.jpg 768w\" sizes=\"auto, (max-width: 1280px) 100vw, 1280px\" \/><\/a>\n<p>\u00c5ret 2024 har varit andra steget i ett genombrott internationellt f\u00f6r Jakob, d\u00e4r han tillsammans med Lidl-Trek levererat p\u00e5 h\u00f6g niv\u00e5. Med placeringar i topp tre p\u00e5 flera etapper, seger i Tour de Bretagne och vinst i tempoprologen under Giro d\u2019Italia Next Generation, har han visat en imponerande stabilitet och f\u00f6rm\u00e5ga att prestera under press.<\/p>\n<blockquote><p>\u201cAtt jag har kommit in s\u00e5 bra i ett s\u00e5dant h\u00e4r sammanhang \u00e4r nog det jag \u00e4r mest glad \u00f6ver\u201d, s\u00e4ger Jakob.<\/p>\n<p>\u201cJag blev f\u00f6rv\u00e5nad \u00f6ver att vi redan \u00e4r ett s\u00e5 bra g\u00e4ng med s\u00e5 stark sammanh\u00e5llning, i hela Lidl-Trek, d\u00e4r ju \u00e4ven World Tour-laget ing\u00e5r. Men framf\u00f6r allt i v\u00e5rt unga team, d\u00e4r alla verkligen vill n\u00e5got f\u00f6r egen del \u2013 och \u00e4nd\u00e5 kan vi trivas och samarbeta s\u00e5 h\u00e4r otroligt bra tillsammans. Det har varit det roligaste i \u00e5r.\u201d<\/p><\/blockquote>\n<p>Det blev silver p\u00e5 EM i Belgien. Under VM i Z\u00fcrich fick han m\u00f6jlighet att visa upp sin bredd som cyklist p\u00e5 en tekniskt utmanande bana. Med l\u00e5ng uppf\u00f6rsbacke, kr\u00e4vande utf\u00f6rsk\u00f6rningar och en rej\u00e4lt snabb avslutning p\u00e5 platten lyckades han k\u00f6ra ifr\u00e5n en favorittippad belgare och ta silver.<\/p>\n<a href=\"https:\/\/scf.se\/landsvag\/wp-content\/uploads\/sites\/5\/2024\/09\/jakob-VM-fantastiskt-4.jpg\"><img loading=\"lazy\" decoding=\"async\" class=\"alignnone size-full wp-image-5930\" src=\"https:\/\/scf.se\/landsvag\/wp-content\/uploads\/sites\/5\/2024\/09\/jakob-VM-fantastiskt-4.jpg\" alt=\"\" width=\"1536\" height=\"1676\" srcset=\"https:\/\/scf.se\/landsvag\/wp-content\/uploads\/sites\/5\/2024\/09\/jakob-VM-fantastiskt-4.jpg 1536w, https:\/\/scf.se\/landsvag\/wp-content\/uploads\/sites\/5\/2024\/09\/jakob-VM-fantastiskt-4-275x300.jpg 275w, https:\/\/scf.se\/landsvag\/wp-content\/uploads\/sites\/5\/2024\/09\/jakob-VM-fantastiskt-4-938x1024.jpg 938w, https:\/\/scf.se\/landsvag\/wp-content\/uploads\/sites\/5\/2024\/09\/jakob-VM-fantastiskt-4-768x838.jpg 768w, https:\/\/scf.se\/landsvag\/wp-content\/uploads\/sites\/5\/2024\/09\/jakob-VM-fantastiskt-4-1408x1536.jpg 1408w\" sizes=\"auto, (max-width: 1536px) 100vw, 1536px\" \/><\/a>\n<p><strong>Vad tar du med dig fr\u00e5n just det d\u00e4r VM-loppet inf\u00f6r n\u00e4sta \u00e5r?<\/strong><\/p>\n<blockquote><p>\u201dGanska mycket; k\u00e4nslan av att i b\u00e5de det h\u00e4r och andra lopp f\u00e5 ut i stort sett allt jag har i kroppen. Jag v\u00e5gar g\u00e5 ut lite lugnare \u00e4n vissa konkurrenter, och n\u00e4r jag n\u00e5r m\u00e5llinjen har jag verkligen f\u00e5tt allt som jag hade den dagen. Det k\u00e4nns tryggt att ha gjort det \u00e4ven p\u00e5 stora m\u00e4sterskap. Jag kan forts\u00e4tta p\u00e5 den inslagna v\u00e4gen och jobba vidare med tekniska detaljer utan att beh\u00f6va \u00e4ndra s\u00e5d\u00e4r j\u00e4ttemycket i tr\u00e4ningen \u2013 k\u00e4nns tryggt att ha med sig.\u201d<\/p><\/blockquote>\n<p>Jakob har hunnit OS-debutera; fanns med och satte f\u00e4rg p\u00e5 linjeloppet medan Sverige tyv\u00e4rr inte hade n\u00e5gon kvotplats i tempo. Han reflekterar \u00f6ver sin egen utveckling trots de hinder han st\u00f6tt p\u00e5 under \u00e5ret:<\/p>\n<blockquote><p>\u201cJa, med tanke p\u00e5 att jag har haft nio veckors sjukfr\u00e5nvaro fr\u00e5n tr\u00e4ningen, men \u00e4nd\u00e5 kunnat komma tillbaka till samma h\u00f6ga niv\u00e5 och prestera igen, s\u00e5 f\u00e5r jag vara v\u00e4ldigt n\u00f6jd.\u201d<\/p><\/blockquote>\n<p><strong>Varf\u00f6r \u00e4r du s\u00e5 stark just i tempo?<\/strong><\/p>\n<blockquote><p>\u201cDet har visat sig att just tempo passar mig och min typ av cykling p\u00e5 de flesta s\u00e4tt. Jag gillar att finslipa sm\u00e5 detaljer och verkligen f\u00f6rs\u00f6ka f\u00e5 ut allt under ett lopp, och allt det d\u00e4r f\u00e5r jag utlopp f\u00f6r i ett tempolopp.\u201d<\/p><\/blockquote>\n<p>Priset som \u00c5rets nykomling p\u00e5 Idrottsgalan \u00e4r sedan 2011 sammanslaget med Svenska Dagbladets idrottsstipendium \u2013 \u00e4ven kallat Lilla bragdguldet. N\u00e4r man studerar vinnarna de senaste tio \u00e5ren f\u00f6rst\u00e5r man varf\u00f6r det har stor prestige.<\/p>\n<h3>De tio senaste vinnarna av \u00c5rets nykomling<\/h3>\n<ul>\n<li><strong>2015<\/strong> Sandra N\u00e4slund, Skicross<\/li>\n<li><strong>2016<\/strong> Khaddi Sagnia, Friidrott<\/li>\n<li><strong>2017<\/strong> Jesper Svensson, Bowling<\/li>\n<li><strong>2018<\/strong> Armand Duplantis, Friidrott<\/li>\n<li><strong>2019<\/strong> Elias Pettersson, Ishockey<\/li>\n<li><strong>2020<\/strong> Frida Karlsson, L\u00e4ngd\u00e5kning<\/li>\n<li><strong>2021<\/strong> Dejan Kulusevski, Fotboll<\/li>\n<li><strong>2022<\/strong> Maja \u00c5skag, Friidrott<\/li>\n<li><strong>2023 <\/strong>Linn Grant, Golf<\/li>\n<li><strong>2024<\/strong> Ludvig \u00c5berg, Golf<\/li>\n<\/ul>\n<p><em>Text: Tomas Larsson\/ SCF<br \/>\nFoto: SCF och Idrottsgalan<\/em><\/p>\n","protected":false},"excerpt":{"rendered":"<p>Jakob S\u00f6derqvist har haft ett sensationellt bra \u00e5r p\u00e5 cykelscenen. Nu \u00e4r Jakob nominerad i kategorin \u00c5rets nykomling p\u00e5 stora Svenska idrottsgalan. Med flera internationella framg\u00e5ngar i tempolopp och en b\u00e4rande roll i Lidl-Trek Future Racing, har han etablerat sig i v\u00e4rldseliten p\u00e5 landsv\u00e4g i sitt \u00e5ldersspann \u2013 inte minst i tempo. Vi tr\u00e4ffade<a href=\"https:\/\/scf.se\/landsvag\/svenska-idrottsgalan-jakob-soderqvist-nominerad-som-arets-nykomling\/\" class=\"news-card__more\"> &#8230;<\/a><\/p>\n","protected":false},"author":41,"featured_media":6169,"comment_status":"open","ping_status":"open","sticky":false,"template":"","format":"standard","meta":{"_acf_changed":false,"footnotes":""},"categories":[1],"tags":[],"class_list":["post-6164","post","type-post","status-publish","format-standard","hentry","category-landsvag"],"acf":[],"_links":{"self":[{"href":"https:\/\/scf.se\/landsvag\/wp-json\/wp\/v2\/posts\/6164","targetHints":{"allow":["GET"]}}],"collection":[{"href":"https:\/\/scf.se\/landsvag\/wp-json\/wp\/v2\/posts"}],"about":[{"href":"https:\/\/scf.se\/landsvag\/wp-json\/wp\/v2\/types\/post"}],"author":[{"embeddable":true,"href":"https:\/\/scf.se\/landsvag\/wp-json\/wp\/v2\/users\/41"}],"replies":[{"embeddable":true,"href":"https:\/\/scf.se\/landsvag\/wp-json\/wp\/v2\/comments?post=6164"}],"version-history":[{"count":10,"href":"https:\/\/scf.se\/landsvag\/wp-json\/wp\/v2\/posts\/6164\/revisions"}],"predecessor-version":[{"id":6179,"href":"https:\/\/scf.se\/landsvag\/wp-json\/wp\/v2\/posts\/6164\/revisions\/6179"}],"wp:featuredmedia":[{"embeddable":true,"href":"https:\/\/scf.se\/landsvag\/wp-json\/wp\/v2\/media\/6169"}],"wp:attachment":[{"href":"https:\/\/scf.se\/landsvag\/wp-json\/wp\/v2\/media?parent=6164"}],"wp:term":[{"taxonomy":"category","embeddable":true,"href":"https:\/\/scf.se\/landsvag\/wp-json\/wp\/v2\/categories?post=6164"},{"taxonomy":"post_tag","embeddable":true,"href":"https:\/\/scf.se\/landsvag\/wp-json\/wp\/v2\/tags?post=6164"}],"curies":[{"name":"wp","href":"https:\/\/api.w.org\/{rel}","templated":true}]}}