
{"id":6158,"date":"2024-11-13T12:16:54","date_gmt":"2024-11-13T11:16:54","guid":{"rendered":"https:\/\/scf.se\/landsvag\/?p=6158"},"modified":"2024-11-13T14:04:05","modified_gmt":"2024-11-13T13:04:05","slug":"fem-sjattedelar-av-swe-cup-landsvag-klara-en-arrangor-sokes","status":"publish","type":"post","link":"https:\/\/scf.se\/landsvag\/fem-sjattedelar-av-swe-cup-landsvag-klara-en-arrangor-sokes\/","title":{"rendered":"Fem sj\u00e4ttedelar av SWE Cup ABC landsv\u00e4g klara \u2013 en arrang\u00f6r s\u00f6kes"},"content":{"rendered":"<p><strong>Nu finns en save the date-lista f\u00f6r fem delt\u00e4vlingar av SWE Cup landsv\u00e4g, som liksom detta premi\u00e4r\u00e5r kommer att k\u00f6ras med ABC-modell. Den sj\u00e4tte delt\u00e4vlingen planeras att \u00e4ga rum i augusti eller september. D\u00e4r s\u00f6ker vi fortfarande en arrang\u00f6r f\u00f6r detta lopp. Intresserade f\u00f6reningar uppmanas att skicka in sina ans\u00f6kningar.<\/strong><\/p>\n<p>Kinnekulle Energiloppet 26 april \u00e4r k\u00e4nt f\u00f6r sin utmanande bana med m\u00e5lg\u00e5ng uppf\u00f6r Kinnekulle och markerar starten p\u00e5 SWE Cup-s\u00e4songen.<\/p>\n<p>Tempodisciplinen \u00e5terv\u00e4nder till SWE Cup-programmet. G\u00f6tenetempot k\u00f6rs dagen efter i samma omr\u00e5de.<\/p>\n<p>J\u00f6nk\u00f6pings linjelopp var ett friskt arrangemang f\u00f6rra \u00e5ret. Nu inkluderas J\u00f6nk\u00f6pings linjelopp i SWE Cup.<\/p>\n<p>Lyngbyloppet med banomr\u00e5de kom in sent p\u00e5 SWE Cup-programmet f\u00f6rra \u00e5ret. Nu forts\u00e4tter loppet vid Genarp att vara en del av serien.<\/p>\n<p>Nationaldagslinjet k\u00f6rs, liksom f\u00f6rra \u00e5ret, utanf\u00f6r Vallentuna den 6 juni 2025. Detta traditionella lopp p\u00e5 Sveriges nationaldag \u00e4r en \u00e5terkommande del av SWE Cup.<\/p>\n<p>F\u00f6r den sj\u00e4tte delt\u00e4vlingen, som planeras till augusti eller september, \u00e4r SCF \u00f6ppet f\u00f6r ans\u00f6kningar fr\u00e5n f\u00f6reningar som vill st\u00e5 som v\u00e4rd f\u00f6r loppet. Skicka in ans\u00f6kan senast 10 december. Vi kommer att behandla ans\u00f6kningar som kommer tidigare s\u00e5 v\u00e4nta helst inte s\u00e5 l\u00e4nge.<\/p>\n<p>Svenska Cykelf\u00f6rbundets grengrupp landsv\u00e4g presenterar d\u00e4rmed f\u00f6ljande schema f\u00f6r SWE Cup ABC landsv\u00e4g 2025<\/p>\n<h2>Delt\u00e4vlingar SWE Cup ABC landsv\u00e4g 2025<\/h2>\n<h3>April<\/h3>\n<ul>\n<li><strong>Delt\u00e4vling 1:<\/strong> Kinnekulle Energiloppet, 26 april.<\/li>\n<li><strong>Delt\u00e4vling 2:<\/strong> G\u00f6tenetempot, 27 april.<\/li>\n<\/ul>\n<h3>Maj<\/h3>\n<ul>\n<li><strong>Delt\u00e4vling 3<\/strong>: J\u00f6nk\u00f6pings linjelopp, 4 maj.<\/li>\n<li><strong>Delt\u00e4vling 4:<\/strong> Lyngbyloppet, 11 maj.<\/li>\n<\/ul>\n<h3>Juni<\/h3>\n<ul>\n<li><strong>Delt\u00e4vling 5<\/strong>: Nationaldagslinjet, 6 juni.<\/li>\n<\/ul>\n<h3>Augusti\u2013september<\/h3>\n<ul>\n<li><strong>Delt\u00e4vling 6:<\/strong> Ans\u00f6kan \u00e4r \u00f6ppen. Mejla ans\u00f6kan till kansli@scf.se, mejla fr\u00e5gor till lucas.persson@scf.se,<a href=\"https:\/\/scf.se\/landsvag\/wp-content\/uploads\/sites\/5\/2023\/10\/SWE-Cup-blankett_final-LVG.pdf\"> <em><strong>l\u00e4s mera och ans\u00f6kningsblankett h\u00e4r!<\/strong><\/em><\/a><\/li>\n<\/ul>\n<p>Vi \u00e5terkommer med detaljbeskrivningar av ABC-modellen n\u00e4sta \u00e5r d\u00e4r ett par av klasserna gav en bra utveckling av SWE Cup landsv\u00e4g under 2024 d\u00e5 modellen inf\u00f6rdes fullt ut efter ett test \u00e5ret innan.<\/p>\n<p><em>Text och foto: SCF<\/em><\/p>\n<hr \/>\n<a href=\"https:\/\/scf.se\/forbundet\/hjalp-oss-sprida-ny-digital-broschyr-om-motionslicensens-fordelar\/\"><img loading=\"lazy\" decoding=\"async\" class=\"alignnone size-full wp-image-7197\" src=\"https:\/\/scf.se\/forbundet\/wp-content\/uploads\/sites\/9\/2024\/03\/Kop-licens-cykelmagasinet4.jpg\" alt=\"\" width=\"2000\" height=\"655\" \/><\/a>\n","protected":false},"excerpt":{"rendered":"<p>Nu finns en save the date-lista f\u00f6r fem delt\u00e4vlingar av SWE Cup landsv\u00e4g, som liksom detta premi\u00e4r\u00e5r kommer att k\u00f6ras med ABC-modell. Den sj\u00e4tte delt\u00e4vlingen planeras att \u00e4ga rum i augusti eller september. D\u00e4r s\u00f6ker vi fortfarande en arrang\u00f6r f\u00f6r detta lopp. Intresserade f\u00f6reningar uppmanas att skicka in sina ans\u00f6kningar. Kinnekulle Energiloppet 26 april<a href=\"https:\/\/scf.se\/landsvag\/fem-sjattedelar-av-swe-cup-landsvag-klara-en-arrangor-sokes\/\" class=\"news-card__more\"> &#8230;<\/a><\/p>\n","protected":false},"author":41,"featured_media":5354,"comment_status":"open","ping_status":"open","sticky":false,"template":"","format":"standard","meta":{"_acf_changed":false,"footnotes":""},"categories":[1],"tags":[],"class_list":["post-6158","post","type-post","status-publish","format-standard","hentry","category-landsvag"],"acf":[],"_links":{"self":[{"href":"https:\/\/scf.se\/landsvag\/wp-json\/wp\/v2\/posts\/6158","targetHints":{"allow":["GET"]}}],"collection":[{"href":"https:\/\/scf.se\/landsvag\/wp-json\/wp\/v2\/posts"}],"about":[{"href":"https:\/\/scf.se\/landsvag\/wp-json\/wp\/v2\/types\/post"}],"author":[{"embeddable":true,"href":"https:\/\/scf.se\/landsvag\/wp-json\/wp\/v2\/users\/41"}],"replies":[{"embeddable":true,"href":"https:\/\/scf.se\/landsvag\/wp-json\/wp\/v2\/comments?post=6158"}],"version-history":[{"count":5,"href":"https:\/\/scf.se\/landsvag\/wp-json\/wp\/v2\/posts\/6158\/revisions"}],"predecessor-version":[{"id":6163,"href":"https:\/\/scf.se\/landsvag\/wp-json\/wp\/v2\/posts\/6158\/revisions\/6163"}],"wp:featuredmedia":[{"embeddable":true,"href":"https:\/\/scf.se\/landsvag\/wp-json\/wp\/v2\/media\/5354"}],"wp:attachment":[{"href":"https:\/\/scf.se\/landsvag\/wp-json\/wp\/v2\/media?parent=6158"}],"wp:term":[{"taxonomy":"category","embeddable":true,"href":"https:\/\/scf.se\/landsvag\/wp-json\/wp\/v2\/categories?post=6158"},{"taxonomy":"post_tag","embeddable":true,"href":"https:\/\/scf.se\/landsvag\/wp-json\/wp\/v2\/tags?post=6158"}],"curies":[{"name":"wp","href":"https:\/\/api.w.org\/{rel}","templated":true}]}}