
{"id":6016,"date":"2024-09-27T20:13:52","date_gmt":"2024-09-27T18:13:52","guid":{"rendered":"https:\/\/scf.se\/landsvag\/?p=6016"},"modified":"2024-09-27T21:04:15","modified_gmt":"2024-09-27T19:04:15","slug":"alla-tre-svenskarna-gick-till-sist-i-mal-i-gruppetto-pa-u23ornas-linje","status":"publish","type":"post","link":"https:\/\/scf.se\/landsvag\/alla-tre-svenskarna-gick-till-sist-i-mal-i-gruppetto-pa-u23ornas-linje\/","title":{"rendered":"Jakob sp\u00e4nde b\u00e5gen men alla tre i gruppetto vid U23-linjets m\u00e5lg\u00e5ng"},"content":{"rendered":"<p><strong>Mitt under U23-herrarnas VM-lopp rapporterade UCI att den schweiziska damjunioren Muriel Furrer avlidit av skadorna fr\u00e5n en krasch under torsdagen. Men U23-linjeloppet k\u00f6rdes som t\u00e4nkt. VM-silvermedalj\u00f6ren Jakob S\u00f6derqvist var aktiv under f\u00f6rsta halvan men in p\u00e5 det andra cityvarvet slocknade hans och Sveriges chanser.<\/strong><\/p>\n<a href=\"https:\/\/scf.se\/landsvag\/wp-content\/uploads\/sites\/5\/2024\/09\/KS17617.jpg\"><img loading=\"lazy\" decoding=\"async\" class=\"alignnone size-full wp-image-6018\" src=\"https:\/\/scf.se\/landsvag\/wp-content\/uploads\/sites\/5\/2024\/09\/KS17617.jpg\" alt=\"\" width=\"2000\" height=\"1289\" srcset=\"https:\/\/scf.se\/landsvag\/wp-content\/uploads\/sites\/5\/2024\/09\/KS17617.jpg 2000w, https:\/\/scf.se\/landsvag\/wp-content\/uploads\/sites\/5\/2024\/09\/KS17617-300x193.jpg 300w, https:\/\/scf.se\/landsvag\/wp-content\/uploads\/sites\/5\/2024\/09\/KS17617-1024x660.jpg 1024w, https:\/\/scf.se\/landsvag\/wp-content\/uploads\/sites\/5\/2024\/09\/KS17617-768x495.jpg 768w, https:\/\/scf.se\/landsvag\/wp-content\/uploads\/sites\/5\/2024\/09\/KS17617-1536x990.jpg 1536w\" sizes=\"auto, (max-width: 2000px) 100vw, 2000px\" \/><\/a>\n<blockquote><p>&#8221;Det \u00e4r blandade k\u00e4nslor n\u00e4r man ska beskriva det h\u00e4r loppet. Det \u00e4r klart att vi var laddade inf\u00f6r det h\u00e4r loppet, b\u00e5de vi ledare och cyklisterna&#8221;, s\u00e4ger f\u00f6rbundskaptenen Lucas Persson.<\/p><\/blockquote>\n<p>S\u00e5 h\u00e4r upplevde han U23-loppet:<\/p>\n<blockquote><p>&#8221;Det var en h\u00e5rd cykelt\u00e4vling. Regn kom det i dag ocks\u00e5, vilket g\u00f6r det \u00e4nnu tuffare f\u00f6r det handlar s\u00e5 mycket om position p\u00e5 en s\u00e5 h\u00e4r teknisk bana med tuffa kl\u00e4ttringar.&#8221;<\/p><\/blockquote>\n<a href=\"https:\/\/scf.se\/landsvag\/wp-content\/uploads\/sites\/5\/2024\/09\/Cyklister4.jpg\"><img loading=\"lazy\" decoding=\"async\" class=\"alignnone size-full wp-image-6021\" src=\"https:\/\/scf.se\/landsvag\/wp-content\/uploads\/sites\/5\/2024\/09\/Cyklister4.jpg\" alt=\"\" width=\"1512\" height=\"1791\" srcset=\"https:\/\/scf.se\/landsvag\/wp-content\/uploads\/sites\/5\/2024\/09\/Cyklister4.jpg 1512w, https:\/\/scf.se\/landsvag\/wp-content\/uploads\/sites\/5\/2024\/09\/Cyklister4-253x300.jpg 253w, https:\/\/scf.se\/landsvag\/wp-content\/uploads\/sites\/5\/2024\/09\/Cyklister4-864x1024.jpg 864w, https:\/\/scf.se\/landsvag\/wp-content\/uploads\/sites\/5\/2024\/09\/Cyklister4-768x910.jpg 768w, https:\/\/scf.se\/landsvag\/wp-content\/uploads\/sites\/5\/2024\/09\/Cyklister4-1297x1536.jpg 1297w\" sizes=\"auto, (max-width: 1512px) 100vw, 1512px\" \/><\/a>\n<p>Jakob S\u00f6derqvist var som sagt med bra i loppet f\u00f6rsta halvan.<\/p>\n<blockquote><p>&#8221;Ja, han f\u00f6ll lite med flaggan i topp i dag; var aktiv f\u00f6rsta halvan och med p\u00e5 en del utbrytningar i b\u00f6rjan &#8211; bland annat p\u00e5 det f\u00f6rsta varvet runt sj\u00f6n. N\u00e4r de kom in p\u00e5 finalvarven var han med d\u00e4r f\u00f6rsta varvet och p\u00e5 det andra fick han vika ner sig, slocknade och fick g\u00e5 ner i gruppetton.&#8221;<\/p><\/blockquote>\n<a href=\"https:\/\/scf.se\/landsvag\/wp-content\/uploads\/sites\/5\/2024\/09\/Cyklister3.jpg\"><img loading=\"lazy\" decoding=\"async\" class=\"alignnone size-full wp-image-6022\" src=\"https:\/\/scf.se\/landsvag\/wp-content\/uploads\/sites\/5\/2024\/09\/Cyklister3.jpg\" alt=\"\" width=\"1217\" height=\"1280\" srcset=\"https:\/\/scf.se\/landsvag\/wp-content\/uploads\/sites\/5\/2024\/09\/Cyklister3.jpg 1217w, https:\/\/scf.se\/landsvag\/wp-content\/uploads\/sites\/5\/2024\/09\/Cyklister3-285x300.jpg 285w, https:\/\/scf.se\/landsvag\/wp-content\/uploads\/sites\/5\/2024\/09\/Cyklister3-974x1024.jpg 974w, https:\/\/scf.se\/landsvag\/wp-content\/uploads\/sites\/5\/2024\/09\/Cyklister3-768x808.jpg 768w\" sizes=\"auto, (max-width: 1217px) 100vw, 1217px\" \/><\/a>\n<p>Carl Kagevi blev b\u00e4sta svensk men det var p\u00e5 plats 72 med 17.40 upp till guldstriden.<\/p>\n<a href=\"https:\/\/scf.se\/landsvag\/wp-content\/uploads\/sites\/5\/2024\/09\/Cyklister2.jpg\"><img loading=\"lazy\" decoding=\"async\" class=\"alignnone size-full wp-image-6023\" src=\"https:\/\/scf.se\/landsvag\/wp-content\/uploads\/sites\/5\/2024\/09\/Cyklister2.jpg\" alt=\"\" width=\"1468\" height=\"1393\" srcset=\"https:\/\/scf.se\/landsvag\/wp-content\/uploads\/sites\/5\/2024\/09\/Cyklister2.jpg 1468w, https:\/\/scf.se\/landsvag\/wp-content\/uploads\/sites\/5\/2024\/09\/Cyklister2-300x285.jpg 300w, https:\/\/scf.se\/landsvag\/wp-content\/uploads\/sites\/5\/2024\/09\/Cyklister2-1024x972.jpg 1024w, https:\/\/scf.se\/landsvag\/wp-content\/uploads\/sites\/5\/2024\/09\/Cyklister2-768x729.jpg 768w\" sizes=\"auto, (max-width: 1468px) 100vw, 1468px\" \/><\/a>\n<blockquote><p>&#8221;Calle och Edvin hade inte riktigt benen i dag och kom aldrig in i loppet, kom ocks\u00e5 i m\u00e5l i gruppetto.&#8221;<\/p><\/blockquote>\n<p>Loviudius var i sprakande form hela v\u00e5ren men \u00e4r inte riktigt d\u00e4r nu. Schweizaren Jan Christen inte var s\u00e5 l\u00e5ngt ifr\u00e5n att g\u00e5 hem med en mycket popul\u00e4r soloutbrytning som m\u00e5nga hade unnat det laget, men det blev till sist en tysk-slovakisk spurt p\u00e5 tv\u00e5 om segern.<\/p>\n<a href=\"https:\/\/scf.se\/landsvag\/wp-content\/uploads\/sites\/5\/2024\/09\/KS17515.jpg\"><img loading=\"lazy\" decoding=\"async\" class=\"alignnone size-full wp-image-6019\" src=\"https:\/\/scf.se\/landsvag\/wp-content\/uploads\/sites\/5\/2024\/09\/KS17515.jpg\" alt=\"\" width=\"2000\" height=\"1514\" srcset=\"https:\/\/scf.se\/landsvag\/wp-content\/uploads\/sites\/5\/2024\/09\/KS17515.jpg 2000w, https:\/\/scf.se\/landsvag\/wp-content\/uploads\/sites\/5\/2024\/09\/KS17515-300x227.jpg 300w, https:\/\/scf.se\/landsvag\/wp-content\/uploads\/sites\/5\/2024\/09\/KS17515-1024x775.jpg 1024w, https:\/\/scf.se\/landsvag\/wp-content\/uploads\/sites\/5\/2024\/09\/KS17515-768x581.jpg 768w, https:\/\/scf.se\/landsvag\/wp-content\/uploads\/sites\/5\/2024\/09\/KS17515-1536x1163.jpg 1536w\" sizes=\"auto, (max-width: 2000px) 100vw, 2000px\" \/><\/a>\n<blockquote><p>&#8221;Det var ett bra f\u00f6rs\u00f6k men det \u00e4r VM och m\u00e5nga av de andra cyklisterna \u00e4r \u00e4nnu b\u00e4ttre \u00e4n p\u00e5 det \u00f6vriga \u00e5ret&#8221;, s\u00e4ger assisterande f\u00f6rbundskaptenen Alexander Wetterhall.<\/p><\/blockquote>\n<a href=\"https:\/\/scf.se\/landsvag\/wp-content\/uploads\/sites\/5\/2024\/09\/Cyklister1.jpg\"><img loading=\"lazy\" decoding=\"async\" class=\"alignnone size-full wp-image-6024\" src=\"https:\/\/scf.se\/landsvag\/wp-content\/uploads\/sites\/5\/2024\/09\/Cyklister1.jpg\" alt=\"\" width=\"1363\" height=\"960\" srcset=\"https:\/\/scf.se\/landsvag\/wp-content\/uploads\/sites\/5\/2024\/09\/Cyklister1.jpg 1363w, https:\/\/scf.se\/landsvag\/wp-content\/uploads\/sites\/5\/2024\/09\/Cyklister1-300x211.jpg 300w, https:\/\/scf.se\/landsvag\/wp-content\/uploads\/sites\/5\/2024\/09\/Cyklister1-1024x721.jpg 1024w, https:\/\/scf.se\/landsvag\/wp-content\/uploads\/sites\/5\/2024\/09\/Cyklister1-768x541.jpg 768w\" sizes=\"auto, (max-width: 1363px) 100vw, 1363px\" \/><\/a>\n<h3><strong data-moz-translations-id=\"0\">VM herrar linje, U23<\/strong><\/h3>\n<ul>\n<li><strong>1 Niklas Behrens<\/strong>, Tyskland, 3.57.24<\/li>\n<li><strong>2 Martin Svrcek<\/strong>, Slovakien, samma tid<\/li>\n<li><strong>3 Alec Segaert<\/strong>, Belgien, +0.28<\/li>\n<li><strong>4 Jan Christen<\/strong>, Schweiz, +0.39<\/li>\n<li><strong>5 Joseph Blackmore<\/strong>, Storbritannien, +0.46<\/li>\n<li><strong>6 Isaac Del Toro<\/strong>, Mexiko, samma tid<\/li>\n<li><strong>72 Carl Kagevi<\/strong>, Sverige, +17.40<\/li>\n<li><strong>88 Jakob S\u00f6derqvist<\/strong>, Sverige, +18.01<\/li>\n<li><strong>89 Edvin Lovidius<\/strong>, Sverige, samma tid<\/li>\n<\/ul>\n<p><em>Text och foto: SCF<\/em><\/p>\n","protected":false},"excerpt":{"rendered":"<p>Mitt under U23-herrarnas VM-lopp rapporterade UCI att den schweiziska damjunioren Muriel Furrer avlidit av skadorna fr\u00e5n en krasch under torsdagen. Men U23-linjeloppet k\u00f6rdes som t\u00e4nkt. VM-silvermedalj\u00f6ren Jakob S\u00f6derqvist var aktiv under f\u00f6rsta halvan men in p\u00e5 det andra cityvarvet slocknade hans och Sveriges chanser. &#8221;Det \u00e4r blandade k\u00e4nslor n\u00e4r man ska beskriva det h\u00e4r<a href=\"https:\/\/scf.se\/landsvag\/alla-tre-svenskarna-gick-till-sist-i-mal-i-gruppetto-pa-u23ornas-linje\/\" class=\"news-card__more\"> &#8230;<\/a><\/p>\n","protected":false},"author":41,"featured_media":6018,"comment_status":"open","ping_status":"open","sticky":false,"template":"","format":"standard","meta":{"_acf_changed":false,"footnotes":""},"categories":[1],"tags":[],"class_list":["post-6016","post","type-post","status-publish","format-standard","hentry","category-landsvag"],"acf":[],"_links":{"self":[{"href":"https:\/\/scf.se\/landsvag\/wp-json\/wp\/v2\/posts\/6016","targetHints":{"allow":["GET"]}}],"collection":[{"href":"https:\/\/scf.se\/landsvag\/wp-json\/wp\/v2\/posts"}],"about":[{"href":"https:\/\/scf.se\/landsvag\/wp-json\/wp\/v2\/types\/post"}],"author":[{"embeddable":true,"href":"https:\/\/scf.se\/landsvag\/wp-json\/wp\/v2\/users\/41"}],"replies":[{"embeddable":true,"href":"https:\/\/scf.se\/landsvag\/wp-json\/wp\/v2\/comments?post=6016"}],"version-history":[{"count":8,"href":"https:\/\/scf.se\/landsvag\/wp-json\/wp\/v2\/posts\/6016\/revisions"}],"predecessor-version":[{"id":6033,"href":"https:\/\/scf.se\/landsvag\/wp-json\/wp\/v2\/posts\/6016\/revisions\/6033"}],"wp:featuredmedia":[{"embeddable":true,"href":"https:\/\/scf.se\/landsvag\/wp-json\/wp\/v2\/media\/6018"}],"wp:attachment":[{"href":"https:\/\/scf.se\/landsvag\/wp-json\/wp\/v2\/media?parent=6016"}],"wp:term":[{"taxonomy":"category","embeddable":true,"href":"https:\/\/scf.se\/landsvag\/wp-json\/wp\/v2\/categories?post=6016"},{"taxonomy":"post_tag","embeddable":true,"href":"https:\/\/scf.se\/landsvag\/wp-json\/wp\/v2\/tags?post=6016"}],"curies":[{"name":"wp","href":"https:\/\/api.w.org\/{rel}","templated":true}]}}